{"id":1104,"date":"2024-05-26T15:44:19","date_gmt":"2024-05-26T15:44:19","guid":{"rendered":"https:\/\/revistaenfoquepolitico.com\/?p=1104"},"modified":"2024-05-26T15:44:19","modified_gmt":"2024-05-26T15:44:19","slug":"coatzacoalcos-recibira-a-xochitl-galvez-y-pepe-yunes-para-el-cierre-de-campana-regional-en-el-sur-de-veracruz","status":"publish","type":"post","link":"https:\/\/revistaenfoquepolitico.com\/index.php\/2024\/05\/26\/coatzacoalcos-recibira-a-xochitl-galvez-y-pepe-yunes-para-el-cierre-de-campana-regional-en-el-sur-de-veracruz\/","title":{"rendered":"COATZACOALCOS RECIBIR\u00c1 A XOCHITL G\u00c1LVEZ Y PEPE YUNES PARA EL CIERRE DE CAMPA\u00d1A REGIONAL EN EL SUR DE VERACRUZ"},"content":{"rendered":"<div dir=\"auto\"><strong>A UNA SEMANA DE LA ELECCI\u00d3N, EL CANDIDATO DE FUERZA Y CORAZ\u00d3N POR VERACRUZ MANTIENE SU VENTAJE EN LAS PREFERENCIAS ELECTORALES, DE ACUERDO CON ENCUESTAS<\/strong><\/div>\n<div dir=\"auto\"><\/div>\n<div dir=\"auto\">\n<div dir=\"auto\">*El agua de Veracruz \u00abprimero para los veracruzanos\u00bb, presenta el candidato propuestas para resolver los problemas de abasto del vital l\u00edquido*<\/div>\n<div dir=\"auto\"><\/div>\n<div dir=\"auto\"><\/div>\n<div dir=\"auto\">Boca del R\u00edo, Ver., 25 de mayo de 2024<\/div>\n<div dir=\"auto\"><\/div>\n<div dir=\"auto\"><\/div>\n<div dir=\"auto\" style=\"text-align: justify;\">A una semana de la elecci\u00f3n del 02 de junio, Veracruz recibir\u00e1 de nueva cuenta la visita de la candidata a la Presidencia de la Rep\u00fablica, X\u00f3chitl G\u00e1lvez, quien este domingo encabezar\u00e1 junto con el candidato a la gubernatura por la coalici\u00f3n Fuerza y Coraz\u00f3n por Veracruz, Jos\u00e9 Francisco Yunes Zorrilla, el gran cierre regional de la zona sur.<\/div>\n<div dir=\"auto\" style=\"text-align: justify;\"><\/div>\n<div dir=\"auto\" style=\"text-align: justify;\">\u00abViene la pr\u00f3xima Presidenta de la Rep\u00fablica al sur del estado. La vamos a recibir en Coatzacoalcos para de nueva cuenta manifestar el compromiso que tiene con esa parte y con esa regi\u00f3n de Veracruz, pero tambi\u00e9n con todo el estado\u00bb, refiri\u00f3 Pepe Yunes en entrevista.<\/div>\n<div dir=\"auto\" style=\"text-align: justify;\"><\/div>\n<div dir=\"auto\" style=\"text-align: justify;\"><img loading=\"lazy\" decoding=\"async\" class=\"alignleft size-medium wp-image-1105\" src=\"https:\/\/revistaenfoquepolitico.com\/wp-content\/uploads\/2024\/05\/PP-EL-AGUA-1-300x200.jpg\" alt=\"\" width=\"300\" height=\"200\" \/>A unos d\u00edas de que finalicen las campa\u00f1as electorales, diferentes encuestas colocan al candidato del PAN, PRI y PRD como el puntero en las preferencias electorales. Cabe mencionar que Pepe Yunes ha afianzado el apoyo de las y los ciudadanos al presentar propuestas claras que, a partir del primero de diciembre, responder\u00e1n a las necesidades de la gente en materia de salud, educaci\u00f3n y seguridad.<\/div>\n<div dir=\"auto\" style=\"text-align: justify;\"><\/div>\n<div dir=\"auto\" style=\"text-align: justify;\">Adem\u00e1s, su arraigo y experiencia de 30 a\u00f1os al servicio de las y los veracruzanos le ha permitido regionalizar las propuestas para detonar el crecimiento y con ello elevar la calidad de vida de las familias.<\/div>\n<div dir=\"auto\" style=\"text-align: justify;\"><\/div>\n<div dir=\"auto\" style=\"text-align: justify;\">A lo largo de tres d\u00e9cadas, el candidato ha trabajado, desde sus diferentes responsabilidades, de la mano con todos los sectores productivos del estado, lo que le ha permitido tener claridad y conocimiento de lo que necesita Veracruz para recuperar la grandeza y para que vuelva a ser referente nacional de buen gobierno.<\/div>\n<div dir=\"auto\" style=\"text-align: justify;\"><\/div>\n<div dir=\"auto\" style=\"text-align: justify;\">La visita de X\u00f3chitl G\u00e1lvez cumplir\u00e1 con el prop\u00f3sito de respaldar al candidato y, como lo ha mencionado antes la candidata, dejar en claro que desde la Presidencia, G\u00e1lvez Ruiz y Yunes Zorrilla har\u00e1n equipo para sacar del letargo en que se encuentra actualmente el estado.<\/div>\n<div dir=\"auto\" style=\"text-align: justify;\"><\/div>\n<div dir=\"auto\" style=\"text-align: justify;\">La invitaci\u00f3n es para que simpatizantes de los candidatos, militantes de los partidos que conforman las coaliciones, as\u00ed como las y los ciudadanos, participen en este cierre regional que tendr\u00e1 lugar este domingo 26 de mayo, a las 13:00 horas, a un costado del Teatro de la Ciudad de Coatzacoalcos.<\/div>\n<div dir=\"auto\" style=\"text-align: justify;\"><\/div>\n<div dir=\"auto\" style=\"text-align: justify;\">*El agua de Veracruz \u00abprimero para los veracruzanos\u00bb, presenta el candidato propuestas para resolver los problemas de abasto del vital l\u00edquido.*<\/div>\n<div dir=\"auto\" style=\"text-align: justify;\"><\/div>\n<div dir=\"auto\" style=\"text-align: justify;\">En la ciudad de Boca del R\u00edo, en compa\u00f1\u00eda de candidatas y candidatos al Senado, el Congreso federal y local, Pepe Yunes asegur\u00f3 que el agua de Veracruz ser\u00e1 para resolver primero el abasto de agua de las y los veracruzanos, por lo que su gobierno no permitir\u00e1 que se lleven el agua del territorio a otras partes del pa\u00eds.<\/div>\n<div dir=\"auto\" style=\"text-align: justify;\"><\/div>\n<div dir=\"auto\" style=\"text-align: justify;\">\u00abLos r\u00edos de Veracruz y su sistema lagunar son una de las enormes riquezas de nuestro querido Estado; esta riqueza es primero para los veracruzanos, y con gusto la podr\u00edamos compartir una vez resueltas nuestras demandas\u00bb, asegur\u00f3 el candidato y agreg\u00f3 que \u00abmi gobierno no permitir\u00e1 que se lleven el agua del R\u00edo P\u00e1nuco a Nuevo Le\u00f3n ni del R\u00edo Jamapa o del Tecolutla a la Ciudad de M\u00e9xico. \u00a1Primero los veracruzanos!\u00bb<\/div>\n<div dir=\"auto\" style=\"text-align: justify;\"><\/div>\n<div dir=\"auto\" style=\"text-align: justify;\"><img loading=\"lazy\" decoding=\"async\" class=\"alignleft size-medium wp-image-1106\" src=\"https:\/\/revistaenfoquepolitico.com\/wp-content\/uploads\/2024\/05\/PP-EL-AGUA-2-300x158.jpg\" alt=\"\" width=\"300\" height=\"158\" \/>En el espacio denominado &#8216;Agua para todo y para todos&#8217;, Pepe Yunes present\u00f3 las acciones a trav\u00e9s de las cuales se dar\u00e1 atenci\u00f3n prioritaria al tema del agua. Como primer punto, dijo, \u00abCrearemos la Secretar\u00eda del Agua, dependencia directa del gobernador encargada de coordinar proyectos y programas de abasto, tratamiento, cuidado y conservaci\u00f3n de fuentes. No habr\u00e1 m\u00e1s gasto en burocracia, se reubicar\u00e1n todas las \u00e1reas ya existentes vinculadas a este tema\u00bb.<\/div>\n<div dir=\"auto\" style=\"text-align: justify;\"><\/div>\n<div dir=\"auto\" style=\"text-align: justify;\">Adem\u00e1s, se analizar\u00e1n los modelos de financiamiento de largo plazo para resolver los problemas de agua no solo para hoy, sino tambi\u00e9n para las futuras generaciones de veracruzanas y veracruzanos. Y se incorporar\u00e1 al sistema educativo un apartado de cultura del agua, y se promover\u00e1 el uso racional y eficiente del agua.<\/div>\n<div dir=\"auto\" style=\"text-align: justify;\"><\/div>\n<p>Finalmente, Jos\u00e9 Francisco Yunes Zorrilla asegur\u00f3 que \u00abeste es uno de los retos m\u00e1s dif\u00edciles que enfrenta hoy Veracruz. Encontrar una soluci\u00f3n exige conocimiento y compromiso. S\u00e9 la dimensi\u00f3n del reto y quiero comprometerme a que junto con ustedes podamos enfrentarlo y resolverlo. A partir del primero de diciembre empezaremos a vivir una nueva historia en nuestro querido Estado\u00bb.<\/p><\/div>\n<div id=\"x_ms-outlook-mobile-signature\" dir=\"auto\">\n<div style=\"text-align: justify;\"><\/div>\n<\/div>\n","protected":false},"excerpt":{"rendered":"<p>A UNA SEMANA DE LA ELECCI\u00d3N, EL CANDIDATO DE FUERZA Y CORAZ\u00d3N POR VERACRUZ MANTIENE SU VENTAJE EN LAS PREFERENCIAS ELECTORALES, DE ACUERDO CON ENCUESTAS *El agua de Veracruz \u00abprimero para los veracruzanos\u00bb, presenta el candidato propuestas para resolver los problemas de abasto del vital l\u00edquido* Boca del R\u00edo, Ver., 25 de mayo de 2024 [&hellip;]<\/p>\n","protected":false},"author":1,"featured_media":0,"comment_status":"closed","ping_status":"closed","sticky":false,"template":"","format":"standard","meta":{"_jetpack_memberships_contains_paid_content":false,"footnotes":"","jetpack_publicize_message":"","jetpack_publicize_feature_enabled":true,"jetpack_social_post_already_shared":false,"jetpack_social_options":{"image_generator_settings":{"template":"highway","default_image_id":0,"font":"","enabled":false},"version":2}},"categories":[4],"tags":[17],"class_list":["post-1104","post","type-post","status-publish","format-standard","hentry","category-noticia-politica","tag-pepe-yunes-2024"],"jetpack_publicize_connections":[],"jetpack_featured_media_url":"","jetpack_sharing_enabled":true,"_links":{"self":[{"href":"https:\/\/revistaenfoquepolitico.com\/index.php\/wp-json\/wp\/v2\/posts\/1104","targetHints":{"allow":["GET"]}}],"collection":[{"href":"https:\/\/revistaenfoquepolitico.com\/index.php\/wp-json\/wp\/v2\/posts"}],"about":[{"href":"https:\/\/revistaenfoquepolitico.com\/index.php\/wp-json\/wp\/v2\/types\/post"}],"author":[{"embeddable":true,"href":"https:\/\/revistaenfoquepolitico.com\/index.php\/wp-json\/wp\/v2\/users\/1"}],"replies":[{"embeddable":true,"href":"https:\/\/revistaenfoquepolitico.com\/index.php\/wp-json\/wp\/v2\/comments?post=1104"}],"version-history":[{"count":1,"href":"https:\/\/revistaenfoquepolitico.com\/index.php\/wp-json\/wp\/v2\/posts\/1104\/revisions"}],"predecessor-version":[{"id":1107,"href":"https:\/\/revistaenfoquepolitico.com\/index.php\/wp-json\/wp\/v2\/posts\/1104\/revisions\/1107"}],"wp:attachment":[{"href":"https:\/\/revistaenfoquepolitico.com\/index.php\/wp-json\/wp\/v2\/media?parent=1104"}],"wp:term":[{"taxonomy":"category","embeddable":true,"href":"https:\/\/revistaenfoquepolitico.com\/index.php\/wp-json\/wp\/v2\/categories?post=1104"},{"taxonomy":"post_tag","embeddable":true,"href":"https:\/\/revistaenfoquepolitico.com\/index.php\/wp-json\/wp\/v2\/tags?post=1104"}],"curies":[{"name":"wp","href":"https:\/\/api.w.org\/{rel}","templated":true}]}}