{"id":1158,"date":"2024-05-30T13:55:15","date_gmt":"2024-05-30T13:55:15","guid":{"rendered":"https:\/\/revistaenfoquepolitico.com\/?p=1158"},"modified":"2024-05-30T13:55:15","modified_gmt":"2024-05-30T13:55:15","slug":"desde-xalapa-pepe-yunes-cierra-su-campana-rumbo-a-la-gubernatura","status":"publish","type":"post","link":"https:\/\/revistaenfoquepolitico.com\/index.php\/2024\/05\/30\/desde-xalapa-pepe-yunes-cierra-su-campana-rumbo-a-la-gubernatura\/","title":{"rendered":"DESDE XALAPA, PEPE YUNES CIERRA SU CAMPA\u00d1A RUMBO A LA GUBERNATURA"},"content":{"rendered":"<p style=\"text-align: justify;\"><strong>ANTE M\u00c1S DE 30 MIL SIMPATIZANTES, EL CANDIDATO MANIFIESTA QUE \u00a1ESTAMOS A CUATRO D\u00cdAS DEL TRIUNFO; DE SACUDIR AL ESTADO DE ESTA PESADILLA QUE HA SIGNIFICADO REZAGO, M\u00c1S POBREZA Y M\u00c1S ABANDONO!<\/strong><\/p>\n<p>&nbsp;<\/p>\n<div dir=\"auto\">\u2022 Veracruz ya decidi\u00f3, la victoria est\u00e1 asegurada y los votos la confirmar\u00e1n, afirma.<\/div>\n<div dir=\"auto\"><\/div>\n<div dir=\"auto\">Xalapa, Ver., 29 de mayo de 2024<\/div>\n<div dir=\"auto\"><\/div>\n<div dir=\"auto\" style=\"text-align: justify;\">Con un amplio y fuerte llamado a la unidad y a la participaci\u00f3n activa, Pepe Yunes cerr\u00f3 su campa\u00f1a rumbo a la gubernatura del estado ante m\u00e1s de 30 mil personas, y asegur\u00f3 que este domingo \u201c\u00a1vamos a ganar! \u00a1Estamos a cuatro d\u00edas de sacudir al estado de esta pesadilla que ha significado rezago, m\u00e1s pobreza y m\u00e1s abandono!\u201d.<\/div>\n<div dir=\"auto\" style=\"text-align: justify;\"><\/div>\n<div dir=\"auto\" style=\"text-align: justify;\"><img loading=\"lazy\" decoding=\"async\" class=\"alignleft size-medium wp-image-1159\" src=\"https:\/\/revistaenfoquepolitico.com\/wp-content\/uploads\/2024\/05\/DESDE-XALAPA-PP-1-300x166.jpg\" alt=\"\" width=\"300\" height=\"166\" \/>En el Centro Deportivo Ferrocarrilero de esta ciudad, acompa\u00f1ado por las candidatas y los candidatos al Senado y a las diputaciones federales y locales, el candidato a gobernador dio la bienvenida y distingui\u00f3 la presencia de los miles de veracruzanas y veracruzanos venidos desde las diversas regiones del estado.<\/div>\n<div dir=\"auto\" style=\"text-align: justify;\"><\/div>\n<div dir=\"auto\" style=\"text-align: justify;\">En un ambiente de fiesta, Pepe Yunes dirigi\u00f3 un contundente llamado a la unidad, agradeciendo y reconociendo a la militancia y dirigencia de los tres partidos que hicieron posible y han consolidado la coalici\u00f3n Fuerza y Coraz\u00f3n por Veracruz, el Revolucionario Institucional (PRI), Acci\u00f3n Nacional (PAN) y De la Revoluci\u00f3n Democr\u00e1tica (PRD), y de igual manera a la sociedad civil organizada y a las organizaciones civiles, cuyo compromiso y madurez, dijo, han dado cohesi\u00f3n al proyecto de recuperar Veracruz.<\/div>\n<div dir=\"auto\" style=\"text-align: justify;\"><\/div>\n<div dir=\"auto\" style=\"text-align: justify;\"><img loading=\"lazy\" decoding=\"async\" class=\"alignright size-medium wp-image-1162\" src=\"https:\/\/revistaenfoquepolitico.com\/wp-content\/uploads\/2024\/05\/DESDE-XALAPA-PP-4-300x200.jpg\" alt=\"\" width=\"300\" height=\"200\" \/>Con determinaci\u00f3n, el candidato refrend\u00f3 su compromiso de encabezar un gobierno cercano a la gente y a sus causas, que le cumpla al magisterio, a quienes trabajan en el servicio p\u00fablico y en los hospitales, a las mujeres, a los j\u00f3venes, a los campesinos, ca\u00f1eros, cafeticultores, citricultores, pi\u00f1eros y ganaderos.<\/div>\n<div dir=\"auto\" style=\"text-align: justify;\"><\/div>\n<div dir=\"auto\" style=\"text-align: justify;\">Al manifestar que desde el gobierno le cumplir\u00e1n con resultados a la confianza del voto de todas y todos los ciudadanos, Pepe Yunes hizo especial hincapi\u00e9 en el compromiso con las mujeres y expres\u00f3 que concentrar\u00e1 todas las fuerzas para disminuir la brecha de g\u00e9nero. \u00abVamos a acompa\u00f1ar con toda la fuerza del estado a las mujeres para que se puedan incluir en la fuerza productiva con trabajo digno\u00bb, dijo.<\/div>\n<div dir=\"auto\" style=\"text-align: justify;\"><\/div>\n<div dir=\"auto\" style=\"text-align: justify;\"><img loading=\"lazy\" decoding=\"async\" class=\"alignleft size-medium wp-image-1160\" src=\"https:\/\/revistaenfoquepolitico.com\/wp-content\/uploads\/2024\/05\/DESDE-XALAPA-PP-2-300x167.jpg\" alt=\"\" width=\"300\" height=\"167\" \/>Luego de tres meses de una intensa campa\u00f1a a lo largo y ancho de la entidad, asever\u00f3 que Veracruz est\u00e1 resuelto a generar desde el gobierno un verdadero cambio de rumbo. Por eso, insisti\u00f3 en la necesidad de salir a votar por X\u00f3chitl G\u00e1lvez y por las candidatas y los candidatos de la coalici\u00f3n a los Congresos federal y local.<\/div>\n<div dir=\"auto\" style=\"text-align: justify;\"><\/div>\n<div dir=\"auto\" style=\"text-align: justify;\">\u201cVamos a ganar esta elecci\u00f3n. Vamos a ganarle terreno a la pobreza. Vamos a hacer nuestra sociedad mucho m\u00e1s igualitaria, con oportunidades y sin discriminaci\u00f3n. Este voto tiene rostro, nombre y apellido, tiene destinatario, tiene que ver con los seres queridos que nos siguen\u201d, indic\u00f3 el candidato y asegur\u00f3 que Veracruz se recuperar\u00e1 y desde el gobierno responder\u00e1 a los grandes retos de presente y futuro.<\/div>\n<div dir=\"auto\" style=\"text-align: justify;\"><\/div>\n<div dir=\"auto\" style=\"text-align: justify;\"><img loading=\"lazy\" decoding=\"async\" class=\"alignright size-medium wp-image-1164\" src=\"https:\/\/revistaenfoquepolitico.com\/wp-content\/uploads\/2024\/05\/DESDE-XALAPA-PP-6-300x200.jpg\" alt=\"\" width=\"300\" height=\"200\" \/><\/div>\n<div dir=\"auto\" style=\"text-align: justify;\">Pepe Yunes concluy\u00f3 su mensaje \u201ccon el coraz\u00f3n en la mano, dici\u00e9ndoles que no les fallar\u00e9, que para Veracruz vienen tiempos mejores. Estamos a cuatro d\u00edas de cambiar y retomar el rumbo con un Gobierno de Verdad que se aplique a resolver los problemas y que, sin excusas ni pretextos, d\u00e9 resultados a los veracruzanos.<\/div>\n<div dir=\"auto\" style=\"text-align: justify;\"><\/div>\n<div dir=\"auto\" style=\"text-align: justify;\">\u201c\u00a1Este domingo tenemos una cita con la historia! \u00a1Hasta la victoria este 2 de junio! \u00a1A ganar, a convencer y a trabajar todos juntos por Veracruz!\u201d.<\/div>\n<div dir=\"auto\" style=\"text-align: justify;\"><img loading=\"lazy\" decoding=\"async\" class=\"alignleft size-medium wp-image-1165\" src=\"https:\/\/revistaenfoquepolitico.com\/wp-content\/uploads\/2024\/05\/DESDE-XALAPA-PP-7-300x169.jpg\" alt=\"\" width=\"300\" height=\"169\" \/><img loading=\"lazy\" decoding=\"async\" class=\"alignright size-medium wp-image-1161\" src=\"https:\/\/revistaenfoquepolitico.com\/wp-content\/uploads\/2024\/05\/DESDE-XALAPA-PP-3-300x169.jpg\" alt=\"\" width=\"300\" height=\"169\" \/><\/div>\n<div dir=\"auto\"><\/div>\n<div dir=\"auto\"><\/div>\n<div dir=\"auto\"><\/div>\n<div dir=\"auto\"><\/div>\n<div dir=\"auto\"><\/div>\n<div dir=\"auto\"><\/div>\n<div dir=\"auto\"><\/div>\n<div dir=\"auto\"><\/div>\n<div dir=\"auto\"><\/div>\n<div dir=\"auto\"><\/div>\n<div dir=\"auto\"><\/div>\n","protected":false},"excerpt":{"rendered":"<p>ANTE M\u00c1S DE 30 MIL SIMPATIZANTES, EL CANDIDATO MANIFIESTA QUE \u00a1ESTAMOS A CUATRO D\u00cdAS DEL TRIUNFO; DE SACUDIR AL ESTADO DE ESTA PESADILLA QUE HA SIGNIFICADO REZAGO, M\u00c1S POBREZA Y M\u00c1S ABANDONO! &nbsp; \u2022 Veracruz ya decidi\u00f3, la victoria est\u00e1 asegurada y los votos la confirmar\u00e1n, afirma. Xalapa, Ver., 29 de mayo de 2024 Con [&hellip;]<\/p>\n","protected":false},"author":1,"featured_media":0,"comment_status":"closed","ping_status":"closed","sticky":false,"template":"","format":"standard","meta":{"_jetpack_memberships_contains_paid_content":false,"footnotes":"","jetpack_publicize_message":"","jetpack_publicize_feature_enabled":true,"jetpack_social_post_already_shared":false,"jetpack_social_options":{"image_generator_settings":{"template":"highway","default_image_id":0,"font":"","enabled":false},"version":2}},"categories":[4],"tags":[17],"class_list":["post-1158","post","type-post","status-publish","format-standard","hentry","category-noticia-politica","tag-pepe-yunes-2024"],"jetpack_publicize_connections":[],"jetpack_featured_media_url":"","jetpack_sharing_enabled":true,"_links":{"self":[{"href":"https:\/\/revistaenfoquepolitico.com\/index.php\/wp-json\/wp\/v2\/posts\/1158","targetHints":{"allow":["GET"]}}],"collection":[{"href":"https:\/\/revistaenfoquepolitico.com\/index.php\/wp-json\/wp\/v2\/posts"}],"about":[{"href":"https:\/\/revistaenfoquepolitico.com\/index.php\/wp-json\/wp\/v2\/types\/post"}],"author":[{"embeddable":true,"href":"https:\/\/revistaenfoquepolitico.com\/index.php\/wp-json\/wp\/v2\/users\/1"}],"replies":[{"embeddable":true,"href":"https:\/\/revistaenfoquepolitico.com\/index.php\/wp-json\/wp\/v2\/comments?post=1158"}],"version-history":[{"count":1,"href":"https:\/\/revistaenfoquepolitico.com\/index.php\/wp-json\/wp\/v2\/posts\/1158\/revisions"}],"predecessor-version":[{"id":1166,"href":"https:\/\/revistaenfoquepolitico.com\/index.php\/wp-json\/wp\/v2\/posts\/1158\/revisions\/1166"}],"wp:attachment":[{"href":"https:\/\/revistaenfoquepolitico.com\/index.php\/wp-json\/wp\/v2\/media?parent=1158"}],"wp:term":[{"taxonomy":"category","embeddable":true,"href":"https:\/\/revistaenfoquepolitico.com\/index.php\/wp-json\/wp\/v2\/categories?post=1158"},{"taxonomy":"post_tag","embeddable":true,"href":"https:\/\/revistaenfoquepolitico.com\/index.php\/wp-json\/wp\/v2\/tags?post=1158"}],"curies":[{"name":"wp","href":"https:\/\/api.w.org\/{rel}","templated":true}]}}