{"id":1168,"date":"2024-06-01T04:52:29","date_gmt":"2024-06-01T04:52:29","guid":{"rendered":"https:\/\/revistaenfoquepolitico.com\/?p=1168"},"modified":"2024-06-01T04:52:29","modified_gmt":"2024-06-01T04:52:29","slug":"ricky-martin-nuestro-artista-invitado-para-el-carnaval-paty-lobeira-de-yunes","status":"publish","type":"post","link":"https:\/\/revistaenfoquepolitico.com\/index.php\/2024\/06\/01\/ricky-martin-nuestro-artista-invitado-para-el-carnaval-paty-lobeira-de-yunes\/","title":{"rendered":"RICKY MARTIN, NUESTRO ARTISTA INVITADO PARA EL CARNAVAL: PATY LOBEIRA DE YUNES"},"content":{"rendered":"<div dir=\"auto\"><strong>LO CONFIRMA EN UN LIVE EN SUS REDES SOCIALES<\/strong><\/div>\n<div dir=\"auto\"><\/div>\n<div dir=\"auto\">\n<div dir=\"auto\">Veracruz, Ver., 31 de mayo de 2024<\/div>\n<div dir=\"auto\"><\/div>\n<div dir=\"auto\"><\/div>\n<div dir=\"auto\" style=\"text-align: justify;\">La alcaldesa de Veracruz, Paty Lobeira de Yunes, confirm\u00f3 este d\u00eda que Ricky Martin es el artista invitado para los 100 a\u00f1os del Carnaval 2024, el m\u00e1s alegre del mundo.<\/div>\n<div dir=\"auto\" style=\"text-align: justify;\"><\/div>\n<div dir=\"auto\" style=\"text-align: justify;\"><img loading=\"lazy\" decoding=\"async\" class=\"alignleft size-medium wp-image-1170\" src=\"https:\/\/revistaenfoquepolitico.com\/wp-content\/uploads\/2024\/06\/PATY-LOBEIRA-168x300.jpg\" alt=\"\" width=\"168\" height=\"300\" srcset=\"https:\/\/revistaenfoquepolitico.com\/wp-content\/uploads\/2024\/06\/PATY-LOBEIRA-168x300.jpg 168w, https:\/\/revistaenfoquepolitico.com\/wp-content\/uploads\/2024\/06\/PATY-LOBEIRA-573x1024.jpg 573w, https:\/\/revistaenfoquepolitico.com\/wp-content\/uploads\/2024\/06\/PATY-LOBEIRA-768x1371.jpg 768w, https:\/\/revistaenfoquepolitico.com\/wp-content\/uploads\/2024\/06\/PATY-LOBEIRA-860x1536.jpg 860w, https:\/\/revistaenfoquepolitico.com\/wp-content\/uploads\/2024\/06\/PATY-LOBEIRA.jpg 896w\" sizes=\"auto, (max-width: 168px) 100vw, 168px\" \/>\u201cLo decimos con much\u00edsimo gusto, con much\u00edsima alegr\u00eda y esperando a que todos est\u00e9n igual de contentos\u201d, manifest\u00f3 a trav\u00e9s de una transmisi\u00f3n en vivo en sus redes sociales.<\/div>\n<div dir=\"auto\" style=\"text-align: justify;\"><\/div>\n<div dir=\"auto\" style=\"text-align: justify;\">La alcaldesa expres\u00f3 su emoci\u00f3n y gratitud hacia quienes se unieron al live, mencionando que muchos estaban ya ansiosos por conocer al artista que se presentar\u00e1 en la noche del viernes durante el Carnaval.<\/div>\n<div dir=\"auto\" style=\"text-align: justify;\"><\/div>\n<div dir=\"auto\" style=\"text-align: justify;\">\u201cYo s\u00e9 que han esperado ya un par de d\u00edas en los que hemos estado dando se\u00f1ales de qui\u00e9n va a ser nuestro artista invitado\u201d, expres\u00f3.<\/div>\n<div dir=\"auto\" style=\"text-align: justify;\"><\/div>\n<div dir=\"auto\" style=\"text-align: justify;\">Pas\u00f3 un video para presentar al artista, segura de que a todos les iba a encantar esta sorpresa.<\/div>\n<div dir=\"auto\" style=\"text-align: justify;\"><\/div>\n<p>La alcaldesa Paty Lobeira de Yunes afirm\u00f3 que todos estar\u00e1n felices con Ricky Martin como el artista invitado a este Carnaval 2024, el m\u00e1s alegre del mundo.<\/p><\/div>\n","protected":false},"excerpt":{"rendered":"<p>LO CONFIRMA EN UN LIVE EN SUS REDES SOCIALES Veracruz, Ver., 31 de mayo de 2024 La alcaldesa de Veracruz, Paty Lobeira de Yunes, confirm\u00f3 este d\u00eda que Ricky Martin es el artista invitado para los 100 a\u00f1os del Carnaval 2024, el m\u00e1s alegre del mundo. \u201cLo decimos con much\u00edsimo gusto, con much\u00edsima alegr\u00eda y [&hellip;]<\/p>\n","protected":false},"author":1,"featured_media":0,"comment_status":"closed","ping_status":"closed","sticky":false,"template":"","format":"standard","meta":{"_jetpack_memberships_contains_paid_content":false,"footnotes":"","jetpack_publicize_message":"","jetpack_publicize_feature_enabled":true,"jetpack_social_post_already_shared":false,"jetpack_social_options":{"image_generator_settings":{"template":"highway","default_image_id":0,"font":"","enabled":false},"version":2}},"categories":[4],"tags":[19],"class_list":["post-1168","post","type-post","status-publish","format-standard","hentry","category-noticia-politica","tag-carnaval-2024"],"jetpack_publicize_connections":[],"jetpack_featured_media_url":"","jetpack_sharing_enabled":true,"_links":{"self":[{"href":"https:\/\/revistaenfoquepolitico.com\/index.php\/wp-json\/wp\/v2\/posts\/1168","targetHints":{"allow":["GET"]}}],"collection":[{"href":"https:\/\/revistaenfoquepolitico.com\/index.php\/wp-json\/wp\/v2\/posts"}],"about":[{"href":"https:\/\/revistaenfoquepolitico.com\/index.php\/wp-json\/wp\/v2\/types\/post"}],"author":[{"embeddable":true,"href":"https:\/\/revistaenfoquepolitico.com\/index.php\/wp-json\/wp\/v2\/users\/1"}],"replies":[{"embeddable":true,"href":"https:\/\/revistaenfoquepolitico.com\/index.php\/wp-json\/wp\/v2\/comments?post=1168"}],"version-history":[{"count":1,"href":"https:\/\/revistaenfoquepolitico.com\/index.php\/wp-json\/wp\/v2\/posts\/1168\/revisions"}],"predecessor-version":[{"id":1171,"href":"https:\/\/revistaenfoquepolitico.com\/index.php\/wp-json\/wp\/v2\/posts\/1168\/revisions\/1171"}],"wp:attachment":[{"href":"https:\/\/revistaenfoquepolitico.com\/index.php\/wp-json\/wp\/v2\/media?parent=1168"}],"wp:term":[{"taxonomy":"category","embeddable":true,"href":"https:\/\/revistaenfoquepolitico.com\/index.php\/wp-json\/wp\/v2\/categories?post=1168"},{"taxonomy":"post_tag","embeddable":true,"href":"https:\/\/revistaenfoquepolitico.com\/index.php\/wp-json\/wp\/v2\/tags?post=1168"}],"curies":[{"name":"wp","href":"https:\/\/api.w.org\/{rel}","templated":true}]}}