{"id":1223,"date":"2024-06-13T23:09:14","date_gmt":"2024-06-13T23:09:14","guid":{"rendered":"https:\/\/revistaenfoquepolitico.com\/?p=1223"},"modified":"2024-06-13T23:09:14","modified_gmt":"2024-06-13T23:09:14","slug":"estamos-listos-para-recibir-el-salsa-fest-2024-alcalde-juan-manuel-unanue","status":"publish","type":"post","link":"https:\/\/revistaenfoquepolitico.com\/index.php\/2024\/06\/13\/estamos-listos-para-recibir-el-salsa-fest-2024-alcalde-juan-manuel-unanue\/","title":{"rendered":"ESTAMOS LISTOS PARA RECIBIR EL SALSA FEST 2024: ALCALDE JUAN MANUEL UN\u00c1NUE"},"content":{"rendered":"<div dir=\"auto\"><strong>DE ESTE JUEVES 13 Y HASTA EL S\u00c1BADO 15 DE JUNIO, LOCALES Y TURISTAS DISFRUTAR\u00c1N DE LO MEJOR DE LA SALSA EN BOCA DEL R\u00cdO<\/strong><\/div>\n<div dir=\"auto\"><\/div>\n<div dir=\"auto\">Boca del R\u00edo, Ver., 12 de junio de 2024<\/div>\n<div dir=\"auto\"><\/div>\n<div dir=\"auto\">\n<div dir=\"auto\" style=\"text-align: justify;\">El alcalde de Boca del R\u00edo, Juan Manuel Un\u00e1nue Abascal, realiz\u00f3 un recorrido de supervisi\u00f3n de las instalaciones y estado en que se encuentra el Sals\u00f3dromo m\u00e1s grande del mundo, y as\u00ed dar la bienvenida a miles de personas que disfrutar\u00e1n de una edici\u00f3n m\u00e1s del Salsa Fest.<\/div>\n<div dir=\"auto\" style=\"text-align: justify;\"><\/div>\n<div dir=\"auto\" style=\"text-align: justify;\"><img loading=\"lazy\" decoding=\"async\" class=\"alignleft size-medium wp-image-1228\" src=\"https:\/\/revistaenfoquepolitico.com\/wp-content\/uploads\/2024\/06\/SALSA-FEST-1A-300x200.jpg\" alt=\"\" width=\"300\" height=\"200\" \/>\u201cRealizamos el recorrido de supervisi\u00f3n, checando que todo est\u00e9 listo apoyando a la Secretar\u00eda de Turismo (estatal) con el tema de la log\u00edstica, ya que es un fundamental tener un festival ordenado y seguro, hay total coordinaci\u00f3n empezando por la seguridad p\u00fablica, tr\u00e1nsito y protecci\u00f3n civil\u201d, destac\u00f3 el edil.<\/div>\n<div dir=\"auto\" style=\"text-align: justify;\"><\/div>\n<div dir=\"auto\" style=\"text-align: justify;\">Junto con el secretario de Turismo de Veracruz; Iv\u00e1n Mart\u00ednez Olvera, la autoridad municipal enfatiz\u00f3 que se espera recibir a m\u00e1s de 400 mil personas, quienes dejar\u00e1n una importante derrama econ\u00f3mica en el municipio y una ocupaci\u00f3n hotelera del cien por ciento.<\/div>\n<div dir=\"auto\" style=\"text-align: justify;\"><\/div>\n<div dir=\"auto\" style=\"text-align: justify;\">Un\u00e1nue Abascal reiter\u00f3 que Boca del R\u00edo es una ciudad con vocaci\u00f3n tur\u00edstica, por lo que est\u00e1 lista para recibir a visitantes de M\u00e9xico y el extranjero, gracias a la importante y moderna infraestructura urbana con la que se cuenta.<\/div>\n<div dir=\"auto\" style=\"text-align: justify;\"><\/div>\n<div dir=\"auto\" style=\"text-align: justify;\"><img loading=\"lazy\" decoding=\"async\" class=\"alignright size-medium wp-image-1229\" src=\"https:\/\/revistaenfoquepolitico.com\/wp-content\/uploads\/2024\/06\/SALSA-FEST-2A-300x200.jpg\" alt=\"\" width=\"300\" height=\"200\" \/>Asimismo, inform\u00f3 que previamente la Direcci\u00f3n de Mantenimiento Urbano realiz\u00f3 trabajos en el bulevar Vicente Fox para dejarlo en perfecto estado del 13 al 15 de junio.<\/div>\n<div dir=\"auto\" style=\"text-align: justify;\"><\/div>\n<div dir=\"auto\" style=\"text-align: justify;\">De igual manera se implementar\u00e1 un operativo a cargo de la Direcci\u00f3n de Limpia P\u00fablica previo y al finalizar cada jornada de conciertos, para que desde temprana hora se encuentre en perfectas condiciones el bulevar Vicente Fox para su uso y disfrute.<\/div>\n<div dir=\"auto\" style=\"text-align: justify;\"><\/div>\n<div dir=\"auto\" style=\"text-align: justify;\">Finalmente, el alcalde Juan Manuel Un\u00e1nue Abascal dijo que la fuerza de tarea municipal estar\u00e1 integrada por la Polic\u00eda Municipal, Protecci\u00f3n Civil Municipal, Comercio, Turismo, Mantenimiento Urbano, Limpia P\u00fablica y Gobernaci\u00f3n.<\/div>\n<div dir=\"auto\" style=\"text-align: justify;\"><\/div>\n<p>Por lo que se hace un exhorto a quienes asistan al Sals\u00f3dromo durante los tres d\u00edas, a respetar y seguir las recomendaciones de las autoridades presentes; en el caso de la zona de playas, queda prohibido su ingreso por la noche.<\/p>\n<\/div>\n","protected":false},"excerpt":{"rendered":"<p>DE ESTE JUEVES 13 Y HASTA EL S\u00c1BADO 15 DE JUNIO, LOCALES Y TURISTAS DISFRUTAR\u00c1N DE LO MEJOR DE LA SALSA EN BOCA DEL R\u00cdO Boca del R\u00edo, Ver., 12 de junio de 2024 El alcalde de Boca del R\u00edo, Juan Manuel Un\u00e1nue Abascal, realiz\u00f3 un recorrido de supervisi\u00f3n de las instalaciones y estado en [&hellip;]<\/p>\n","protected":false},"author":1,"featured_media":0,"comment_status":"closed","ping_status":"closed","sticky":false,"template":"","format":"standard","meta":{"_jetpack_memberships_contains_paid_content":false,"footnotes":"","jetpack_publicize_message":"","jetpack_publicize_feature_enabled":true,"jetpack_social_post_already_shared":false,"jetpack_social_options":{"image_generator_settings":{"template":"highway","default_image_id":0,"font":"","enabled":false},"version":2}},"categories":[4],"tags":[],"class_list":["post-1223","post","type-post","status-publish","format-standard","hentry","category-noticia-politica"],"jetpack_publicize_connections":[],"jetpack_featured_media_url":"","jetpack_sharing_enabled":true,"_links":{"self":[{"href":"https:\/\/revistaenfoquepolitico.com\/index.php\/wp-json\/wp\/v2\/posts\/1223","targetHints":{"allow":["GET"]}}],"collection":[{"href":"https:\/\/revistaenfoquepolitico.com\/index.php\/wp-json\/wp\/v2\/posts"}],"about":[{"href":"https:\/\/revistaenfoquepolitico.com\/index.php\/wp-json\/wp\/v2\/types\/post"}],"author":[{"embeddable":true,"href":"https:\/\/revistaenfoquepolitico.com\/index.php\/wp-json\/wp\/v2\/users\/1"}],"replies":[{"embeddable":true,"href":"https:\/\/revistaenfoquepolitico.com\/index.php\/wp-json\/wp\/v2\/comments?post=1223"}],"version-history":[{"count":1,"href":"https:\/\/revistaenfoquepolitico.com\/index.php\/wp-json\/wp\/v2\/posts\/1223\/revisions"}],"predecessor-version":[{"id":1232,"href":"https:\/\/revistaenfoquepolitico.com\/index.php\/wp-json\/wp\/v2\/posts\/1223\/revisions\/1232"}],"wp:attachment":[{"href":"https:\/\/revistaenfoquepolitico.com\/index.php\/wp-json\/wp\/v2\/media?parent=1223"}],"wp:term":[{"taxonomy":"category","embeddable":true,"href":"https:\/\/revistaenfoquepolitico.com\/index.php\/wp-json\/wp\/v2\/categories?post=1223"},{"taxonomy":"post_tag","embeddable":true,"href":"https:\/\/revistaenfoquepolitico.com\/index.php\/wp-json\/wp\/v2\/tags?post=1223"}],"curies":[{"name":"wp","href":"https:\/\/api.w.org\/{rel}","templated":true}]}}