{"id":1234,"date":"2024-06-18T00:14:59","date_gmt":"2024-06-18T00:14:59","guid":{"rendered":"https:\/\/revistaenfoquepolitico.com\/?p=1234"},"modified":"2024-06-18T00:14:59","modified_gmt":"2024-06-18T00:14:59","slug":"veracruzanos-y-turistas-disfrutan-del-mar-de-alegria-del-papaqui-del-carnaval-2024","status":"publish","type":"post","link":"https:\/\/revistaenfoquepolitico.com\/index.php\/2024\/06\/18\/veracruzanos-y-turistas-disfrutan-del-mar-de-alegria-del-papaqui-del-carnaval-2024\/","title":{"rendered":"VERACRUZANOS Y TURISTAS DISFRUTAN DEL MAR DE ALEGR\u00cdA DEL PAPAQUI DEL CARNAVAL 2024"},"content":{"rendered":"<div dir=\"auto\"><strong>ALEGR\u00cdA, TRADICI\u00d3N Y ANBIENTE FAMILIAR SE VIVI\u00d3 EN V\u00cdSPERA AL CENTENARIO DEL CARNAVAL<\/strong><\/div>\n<div dir=\"auto\"><\/div>\n<div dir=\"auto\">\n<div dir=\"auto\">Veracruz, Ver., 16 de junio de 2024<\/div>\n<div dir=\"auto\"><\/div>\n<div dir=\"auto\" style=\"text-align: justify;\">Cientos de veracruzanos y turistas disfrutaron del gran papaqui que se realiz\u00f3 en v\u00edspera de iniciar los festejos del centenario del Carnaval de Veracruz \u201cEl m\u00e1s alegre del mundo\u201d que se realizar\u00e1 del 26 de junio al 2 de julio.<\/div>\n<div dir=\"auto\" style=\"text-align: justify;\"><\/div>\n<div dir=\"auto\" style=\"text-align: justify;\"><img loading=\"lazy\" decoding=\"async\" class=\"alignleft size-medium wp-image-1235\" src=\"https:\/\/revistaenfoquepolitico.com\/wp-content\/uploads\/2024\/06\/PAPAQUI-F1-300x200.jpg\" alt=\"\" width=\"300\" height=\"200\" \/>La avenida Independencia del Centro Hist\u00f3rico se vio abarrotada de veracruzanos y turistas que vivieron y disfrutaron de una probadita de lo que ser\u00e1 la edici\u00f3n n\u00famero 100 del Carnaval m\u00e1s alegre del mundo.<\/div>\n<div dir=\"auto\" style=\"text-align: justify;\" aria-hidden=\"true\"><\/div>\n<div dir=\"auto\" style=\"text-align: justify;\">Entre aplausos y mucha alegr\u00eda, las familias asistentes disfrutaron del contingente conformado por la Corte Real actual, la Corte Real electa, comparsas, batucadas, bastoneras, exreyes y cuatro coloridos carros aleg\u00f3ricos que recorrieron la avenida Independencia, desde la calle Ray\u00f3n hasta Ju\u00e1rez, en el Centro Hist\u00f3rico.<\/div>\n<div dir=\"auto\" style=\"text-align: justify;\"><\/div>\n<div dir=\"auto\" style=\"text-align: justify;\"><img loading=\"lazy\" decoding=\"async\" class=\"alignright size-medium wp-image-1236\" src=\"https:\/\/revistaenfoquepolitico.com\/wp-content\/uploads\/2024\/06\/PAPAQUI-F2-300x200.jpg\" alt=\"\" width=\"300\" height=\"200\" \/>Participaron en el Papaqui: Bastoneras de Susy; Banda de M\u00fasica Municipal, Bastoneras de Alejandra, Comparsa Ritmo Salsa y Sabor; Batucada Tradiciones de Brasil; Comparsa Cl\u00e1sicos del IMSS; Bastoneras Stylos Liliana; Marching Band Telebachillerato; Comparsa Expresi\u00f3n Latina; Comparsa Son, Salsa y Son; Comparsa La Pol\u00e9mica; Comparsa Estrellas de Fania; Batucada Nuevo Horizonte; Comparsa Inclusiva; Comparsa La Excelencia; Batucada Emperatriz; Comparsa Omar y Yuliana; as\u00ed como las asociaciones LGBTQ+ \u201cJarochos\u201d y \u201cPor un Veracruz sin Discriminaci\u00f3n\u201d y la Batucada de la Secundaria General No. 7.<\/div>\n<div dir=\"auto\" style=\"text-align: justify;\"><\/div>\n<div dir=\"auto\" style=\"text-align: justify;\">Recordemos que la edici\u00f3n 100 del Carnaval de Veracruz \u201cEl m\u00e1s alegre del mundo\u201d se realizar\u00e1 del 26 de junio al 2 de julio teniendo como Reina de la Alegr\u00eda a la jaroch\u00edsima cantante Yuri.<\/div>\n<div dir=\"auto\" style=\"text-align: justify;\"><\/div>\n<div dir=\"auto\" style=\"text-align: justify;\">Te invitamos a seguir los eventos previos a esta fiesta en Facebook, Twitter e Instagram como: Carnaval de Veracruz 2024.<\/div>\n<div dir=\"auto\" style=\"text-align: justify;\"><\/div>\n<div dir=\"auto\"><strong>Facebook: Carnaval de Veracruz 2024<\/strong><\/div>\n<div dir=\"auto\"><strong>Twitter: @carnaval_ver<\/strong><\/div>\n<p><strong>IG: @carnavalveracruz<\/strong><\/div>\n<div dir=\"auto\"><img loading=\"lazy\" decoding=\"async\" class=\"alignleft size-medium wp-image-1237\" src=\"https:\/\/revistaenfoquepolitico.com\/wp-content\/uploads\/2024\/06\/PAPAQUI-F3-300x200.jpg\" alt=\"\" width=\"300\" height=\"200\" \/><img loading=\"lazy\" decoding=\"async\" class=\"alignright size-medium wp-image-1238\" src=\"https:\/\/revistaenfoquepolitico.com\/wp-content\/uploads\/2024\/06\/PAPAQUI-F4-300x200.jpg\" alt=\"\" width=\"300\" height=\"200\" \/><\/div>\n<div dir=\"auto\"><\/div>\n<div dir=\"auto\"><\/div>\n<div dir=\"auto\"><\/div>\n<div dir=\"auto\"><\/div>\n<div dir=\"auto\"><\/div>\n<div dir=\"auto\"><\/div>\n<div dir=\"auto\"><\/div>\n<div dir=\"auto\"><\/div>\n<div dir=\"auto\"><\/div>\n<div dir=\"auto\"><img loading=\"lazy\" decoding=\"async\" class=\"alignleft size-medium wp-image-1239\" src=\"https:\/\/revistaenfoquepolitico.com\/wp-content\/uploads\/2024\/06\/PAPAQUI-F5-300x200.jpg\" alt=\"\" width=\"300\" height=\"200\" \/><img loading=\"lazy\" decoding=\"async\" class=\"alignright size-medium wp-image-1240\" src=\"https:\/\/revistaenfoquepolitico.com\/wp-content\/uploads\/2024\/06\/PAPAQUI-F6-300x200.jpg\" alt=\"\" width=\"300\" height=\"200\" \/><\/div>\n<div dir=\"auto\"><\/div>\n<div dir=\"auto\"><\/div>\n<div dir=\"auto\"><\/div>\n<div dir=\"auto\"><\/div>\n<div dir=\"auto\"><\/div>\n<div dir=\"auto\"><\/div>\n<div dir=\"auto\"><\/div>\n<div dir=\"auto\"><\/div>\n<div dir=\"auto\"><\/div>\n<div dir=\"auto\"><img loading=\"lazy\" decoding=\"async\" class=\"alignleft size-medium wp-image-1241\" src=\"https:\/\/revistaenfoquepolitico.com\/wp-content\/uploads\/2024\/06\/PAPAQUI-F7-300x200.jpg\" alt=\"\" width=\"300\" height=\"200\" \/><img loading=\"lazy\" decoding=\"async\" class=\"alignright size-medium wp-image-1242\" src=\"https:\/\/revistaenfoquepolitico.com\/wp-content\/uploads\/2024\/06\/PAPAQUI-F8-300x200.jpg\" alt=\"\" width=\"300\" height=\"200\" \/><\/div>\n<div dir=\"auto\"><\/div>\n<div dir=\"auto\"><\/div>\n<div dir=\"auto\"><\/div>\n<div dir=\"auto\"><\/div>\n<div dir=\"auto\"><\/div>\n<div dir=\"auto\"><\/div>\n<div dir=\"auto\"><\/div>\n<div dir=\"auto\"><\/div>\n<div dir=\"auto\"><\/div>\n<div dir=\"auto\"><img loading=\"lazy\" decoding=\"async\" class=\"alignleft size-medium wp-image-1243\" src=\"https:\/\/revistaenfoquepolitico.com\/wp-content\/uploads\/2024\/06\/PAPAQUI-F9-300x200.jpg\" alt=\"\" width=\"300\" height=\"200\" \/><img loading=\"lazy\" decoding=\"async\" class=\"alignright size-medium wp-image-1244\" src=\"https:\/\/revistaenfoquepolitico.com\/wp-content\/uploads\/2024\/06\/PAPAQUI-F11-300x200.jpg\" alt=\"\" width=\"300\" height=\"200\" \/><\/div>\n<div dir=\"auto\"><\/div>\n<div dir=\"auto\"><\/div>\n<div dir=\"auto\"><\/div>\n<div dir=\"auto\"><\/div>\n<div dir=\"auto\"><\/div>\n<div dir=\"auto\"><\/div>\n<div dir=\"auto\"><\/div>\n<div dir=\"auto\"><\/div>\n<div dir=\"auto\"><\/div>\n<div dir=\"auto\"><img loading=\"lazy\" decoding=\"async\" class=\"alignleft size-medium wp-image-1246\" src=\"https:\/\/revistaenfoquepolitico.com\/wp-content\/uploads\/2024\/06\/PAPAQUI-F13-300x200.jpg\" alt=\"\" width=\"300\" height=\"200\" \/><img loading=\"lazy\" decoding=\"async\" class=\"alignright size-medium wp-image-1247\" src=\"https:\/\/revistaenfoquepolitico.com\/wp-content\/uploads\/2024\/06\/PAPAQUI-F14-300x200.jpg\" alt=\"\" width=\"300\" height=\"200\" \/><\/div>\n<div dir=\"auto\"><\/div>\n<div dir=\"auto\"><\/div>\n<div dir=\"auto\"><\/div>\n<div dir=\"auto\"><\/div>\n<div dir=\"auto\"><\/div>\n<div dir=\"auto\"><\/div>\n<div dir=\"auto\"><\/div>\n<div dir=\"auto\"><\/div>\n<div dir=\"auto\"><\/div>\n<div dir=\"auto\"><img loading=\"lazy\" decoding=\"async\" class=\"aligncenter size-medium wp-image-1248\" src=\"https:\/\/revistaenfoquepolitico.com\/wp-content\/uploads\/2024\/06\/PAPAQUI-F15-300x200.jpg\" alt=\"\" width=\"300\" height=\"200\" \/><\/div>\n<div dir=\"auto\"><\/div>\n<div dir=\"auto\"><\/div>\n<div dir=\"auto\"><\/div>\n<div dir=\"auto\"><\/div>\n<div dir=\"auto\"><\/div>\n<div dir=\"auto\"><\/div>\n<div dir=\"auto\"><\/div>\n<div dir=\"auto\"><\/div>\n<div dir=\"auto\"><\/div>\n<div dir=\"auto\"><\/div>\n<div dir=\"auto\"><\/div>\n<div dir=\"auto\"><\/div>\n<div dir=\"auto\"><\/div>\n<div id=\"x_ms-outlook-mobile-signature\" dir=\"auto\">\n<div><\/div>\n<\/div>\n","protected":false},"excerpt":{"rendered":"<p>ALEGR\u00cdA, TRADICI\u00d3N Y ANBIENTE FAMILIAR SE VIVI\u00d3 EN V\u00cdSPERA AL CENTENARIO DEL CARNAVAL Veracruz, Ver., 16 de junio de 2024 Cientos de veracruzanos y turistas disfrutaron del gran papaqui que se realiz\u00f3 en v\u00edspera de iniciar los festejos del centenario del Carnaval de Veracruz \u201cEl m\u00e1s alegre del mundo\u201d que se realizar\u00e1 del 26 de [&hellip;]<\/p>\n","protected":false},"author":1,"featured_media":0,"comment_status":"closed","ping_status":"closed","sticky":false,"template":"","format":"standard","meta":{"_jetpack_memberships_contains_paid_content":false,"footnotes":"","jetpack_publicize_message":"","jetpack_publicize_feature_enabled":true,"jetpack_social_post_already_shared":false,"jetpack_social_options":{"image_generator_settings":{"template":"highway","default_image_id":0,"font":"","enabled":false},"version":2}},"categories":[4],"tags":[19],"class_list":["post-1234","post","type-post","status-publish","format-standard","hentry","category-noticia-politica","tag-carnaval-2024"],"jetpack_publicize_connections":[],"jetpack_featured_media_url":"","jetpack_sharing_enabled":true,"_links":{"self":[{"href":"https:\/\/revistaenfoquepolitico.com\/index.php\/wp-json\/wp\/v2\/posts\/1234","targetHints":{"allow":["GET"]}}],"collection":[{"href":"https:\/\/revistaenfoquepolitico.com\/index.php\/wp-json\/wp\/v2\/posts"}],"about":[{"href":"https:\/\/revistaenfoquepolitico.com\/index.php\/wp-json\/wp\/v2\/types\/post"}],"author":[{"embeddable":true,"href":"https:\/\/revistaenfoquepolitico.com\/index.php\/wp-json\/wp\/v2\/users\/1"}],"replies":[{"embeddable":true,"href":"https:\/\/revistaenfoquepolitico.com\/index.php\/wp-json\/wp\/v2\/comments?post=1234"}],"version-history":[{"count":1,"href":"https:\/\/revistaenfoquepolitico.com\/index.php\/wp-json\/wp\/v2\/posts\/1234\/revisions"}],"predecessor-version":[{"id":1249,"href":"https:\/\/revistaenfoquepolitico.com\/index.php\/wp-json\/wp\/v2\/posts\/1234\/revisions\/1249"}],"wp:attachment":[{"href":"https:\/\/revistaenfoquepolitico.com\/index.php\/wp-json\/wp\/v2\/media?parent=1234"}],"wp:term":[{"taxonomy":"category","embeddable":true,"href":"https:\/\/revistaenfoquepolitico.com\/index.php\/wp-json\/wp\/v2\/categories?post=1234"},{"taxonomy":"post_tag","embeddable":true,"href":"https:\/\/revistaenfoquepolitico.com\/index.php\/wp-json\/wp\/v2\/tags?post=1234"}],"curies":[{"name":"wp","href":"https:\/\/api.w.org\/{rel}","templated":true}]}}