{"id":1250,"date":"2024-06-18T04:32:26","date_gmt":"2024-06-18T04:32:26","guid":{"rendered":"https:\/\/revistaenfoquepolitico.com\/?p=1250"},"modified":"2024-06-18T04:32:26","modified_gmt":"2024-06-18T04:32:26","slug":"alcaldesa-paty-lobeira-de-yunes-presenta-a-la-corte-real-electa-del-carnaval-de-veracruz","status":"publish","type":"post","link":"https:\/\/revistaenfoquepolitico.com\/index.php\/2024\/06\/18\/alcaldesa-paty-lobeira-de-yunes-presenta-a-la-corte-real-electa-del-carnaval-de-veracruz\/","title":{"rendered":"ALCALDESA PATY LOBEIRA DE YUNES PRESENTA A LA CORTE REAL ELECTA DEL CARNAVAL DE VERACRUZ"},"content":{"rendered":"<div dir=\"auto\"><strong>LUIS ESTEBAN RAM\u00cdREZ ROJANO \u00abBLANCA NIEVES\u00bb ES EL REY DE LA ALEGR\u00cdA<\/strong><\/div>\n<div dir=\"auto\"><\/div>\n<div dir=\"auto\">*KAZTENNY BARBEITO DE LA VEGA Y JEAN CARLO SARAIBA SON LOS REYES INFANTILES<\/div>\n<div dir=\"auto\"><\/div>\n<div dir=\"auto\">\n<div dir=\"auto\">Veracruz, Ver., 17 de junio de 2024<\/div>\n<div dir=\"auto\"><\/div>\n<div dir=\"auto\" style=\"text-align: justify;\">La ma\u00f1ana de este lunes la alcaldesa de Veracruz, Paty Lobeira de Yunes, dio a conocer a los integrantes de la Corte Real electa del centenario del Carnaval que se realizar\u00e1 del 26 de junio al 2 de julio.<\/div>\n<div dir=\"auto\" style=\"text-align: justify;\"><\/div>\n<div dir=\"auto\" style=\"text-align: justify;\"><img loading=\"lazy\" decoding=\"async\" class=\"alignleft size-medium wp-image-1252\" src=\"https:\/\/revistaenfoquepolitico.com\/wp-content\/uploads\/2024\/06\/PRESENTA-CORTE-1-300x200.jpg\" alt=\"\" width=\"300\" height=\"200\" \/>Fue en el Cabildo del Honorable Ayuntamiento donde se llev\u00f3 a cabo la presentaci\u00f3n de Luis Esteban Ram\u00edrez Rojano \u201cBlanca Nieves\u201d como Rey de la Alegr\u00eda, quien, junto con la soberana electa, Yuri, presidir\u00e1n el Carnaval m\u00e1s Alegre del Mundo, en su edici\u00f3n n\u00famero 100.<\/div>\n<div dir=\"auto\" style=\"text-align: justify;\"><\/div>\n<div dir=\"auto\" style=\"text-align: justify;\">Asimismo, la alcaldesa Lobeira de Yunes hizo el anuncio de qui\u00e9nes son los Reyes Infantiles electos: Kaztenny Barbeito De La Vega y Jean Carlo Saraiba.<\/div>\n<div dir=\"auto\"><\/div>\n<div dir=\"auto\">Las Princesas de Yuri ser\u00e1n: Dorena Yairet Alonso L\u00f3pez y Alessandra Carvajal Rodr\u00edguez.<\/div>\n<div dir=\"auto\"><\/div>\n<div dir=\"auto\">Los Pr\u00edncipes de \u201cBlanca Nieves\u201d son: Ricardo Gonz\u00e1lez y Edwin Rojas.<\/div>\n<div dir=\"auto\"><\/div>\n<div dir=\"auto\">As\u00ed como la \u201cDiosa de la Rumba\u201d, la reina de belleza: Fernanda Pumar.<\/div>\n<div dir=\"auto\"><\/div>\n<p>La edici\u00f3n 100 del Carnaval de Veracruz \u201cEl m\u00e1s alegre del mundo\u201d se realizar\u00e1 del 26 de junio al 2 de julio.<\/p><\/div>\n<div dir=\"auto\"><img loading=\"lazy\" decoding=\"async\" class=\"alignleft size-medium wp-image-1253\" src=\"https:\/\/revistaenfoquepolitico.com\/wp-content\/uploads\/2024\/06\/PRESENTA-CORTE-2-300x200.jpg\" alt=\"\" width=\"300\" height=\"200\" \/><img loading=\"lazy\" decoding=\"async\" class=\"alignright size-medium wp-image-1254\" src=\"https:\/\/revistaenfoquepolitico.com\/wp-content\/uploads\/2024\/06\/PRESENTA-CORTE-3-300x200.jpg\" alt=\"\" width=\"300\" height=\"200\" \/><\/div>\n<div dir=\"auto\"><\/div>\n<div dir=\"auto\"><\/div>\n<div dir=\"auto\"><\/div>\n<div dir=\"auto\"><\/div>\n<div dir=\"auto\"><\/div>\n<div dir=\"auto\"><\/div>\n<div dir=\"auto\"><\/div>\n<div dir=\"auto\"><\/div>\n<div dir=\"auto\"><\/div>\n<div dir=\"auto\"><img loading=\"lazy\" decoding=\"async\" class=\"alignleft size-medium wp-image-1255\" src=\"https:\/\/revistaenfoquepolitico.com\/wp-content\/uploads\/2024\/06\/PRESENTA-CORTE-4-300x200.jpg\" alt=\"\" width=\"300\" height=\"200\" \/><img loading=\"lazy\" decoding=\"async\" class=\"alignright size-medium wp-image-1256\" src=\"https:\/\/revistaenfoquepolitico.com\/wp-content\/uploads\/2024\/06\/PRESENTA-CORTE-5-300x200.jpg\" alt=\"\" width=\"300\" height=\"200\" \/><\/div>\n<div dir=\"auto\"><\/div>\n<div dir=\"auto\"><\/div>\n<div dir=\"auto\"><\/div>\n<div dir=\"auto\"><\/div>\n<div dir=\"auto\"><\/div>\n<div dir=\"auto\"><\/div>\n<div dir=\"auto\"><\/div>\n<div dir=\"auto\"><\/div>\n<div dir=\"auto\"><\/div>\n<div dir=\"auto\"><img loading=\"lazy\" decoding=\"async\" class=\"aligncenter size-medium wp-image-1258\" src=\"https:\/\/revistaenfoquepolitico.com\/wp-content\/uploads\/2024\/06\/PRESENTA-CORTE-7-300x200.jpg\" alt=\"\" width=\"300\" height=\"200\" \/><\/div>\n<div dir=\"auto\"><\/div>\n<div dir=\"auto\"><\/div>\n<div dir=\"auto\"><\/div>\n<div dir=\"auto\"><\/div>\n<div dir=\"auto\"><\/div>\n<div dir=\"auto\"><\/div>\n<div dir=\"auto\"><\/div>\n<div dir=\"auto\"><\/div>\n<div dir=\"auto\"><\/div>\n<div dir=\"auto\"><\/div>\n<div id=\"x_ms-outlook-mobile-signature\" dir=\"auto\">\n<div><\/div>\n<\/div>\n","protected":false},"excerpt":{"rendered":"<p>LUIS ESTEBAN RAM\u00cdREZ ROJANO \u00abBLANCA NIEVES\u00bb ES EL REY DE LA ALEGR\u00cdA *KAZTENNY BARBEITO DE LA VEGA Y JEAN CARLO SARAIBA SON LOS REYES INFANTILES Veracruz, Ver., 17 de junio de 2024 La ma\u00f1ana de este lunes la alcaldesa de Veracruz, Paty Lobeira de Yunes, dio a conocer a los integrantes de la Corte Real [&hellip;]<\/p>\n","protected":false},"author":1,"featured_media":0,"comment_status":"closed","ping_status":"closed","sticky":false,"template":"","format":"standard","meta":{"_jetpack_memberships_contains_paid_content":false,"footnotes":"","jetpack_publicize_message":"","jetpack_publicize_feature_enabled":true,"jetpack_social_post_already_shared":false,"jetpack_social_options":{"image_generator_settings":{"template":"highway","default_image_id":0,"font":"","enabled":false},"version":2}},"categories":[4],"tags":[19],"class_list":["post-1250","post","type-post","status-publish","format-standard","hentry","category-noticia-politica","tag-carnaval-2024"],"jetpack_publicize_connections":[],"jetpack_featured_media_url":"","jetpack_sharing_enabled":true,"_links":{"self":[{"href":"https:\/\/revistaenfoquepolitico.com\/index.php\/wp-json\/wp\/v2\/posts\/1250","targetHints":{"allow":["GET"]}}],"collection":[{"href":"https:\/\/revistaenfoquepolitico.com\/index.php\/wp-json\/wp\/v2\/posts"}],"about":[{"href":"https:\/\/revistaenfoquepolitico.com\/index.php\/wp-json\/wp\/v2\/types\/post"}],"author":[{"embeddable":true,"href":"https:\/\/revistaenfoquepolitico.com\/index.php\/wp-json\/wp\/v2\/users\/1"}],"replies":[{"embeddable":true,"href":"https:\/\/revistaenfoquepolitico.com\/index.php\/wp-json\/wp\/v2\/comments?post=1250"}],"version-history":[{"count":1,"href":"https:\/\/revistaenfoquepolitico.com\/index.php\/wp-json\/wp\/v2\/posts\/1250\/revisions"}],"predecessor-version":[{"id":1262,"href":"https:\/\/revistaenfoquepolitico.com\/index.php\/wp-json\/wp\/v2\/posts\/1250\/revisions\/1262"}],"wp:attachment":[{"href":"https:\/\/revistaenfoquepolitico.com\/index.php\/wp-json\/wp\/v2\/media?parent=1250"}],"wp:term":[{"taxonomy":"category","embeddable":true,"href":"https:\/\/revistaenfoquepolitico.com\/index.php\/wp-json\/wp\/v2\/categories?post=1250"},{"taxonomy":"post_tag","embeddable":true,"href":"https:\/\/revistaenfoquepolitico.com\/index.php\/wp-json\/wp\/v2\/tags?post=1250"}],"curies":[{"name":"wp","href":"https:\/\/api.w.org\/{rel}","templated":true}]}}