{"id":1284,"date":"2024-06-19T03:25:01","date_gmt":"2024-06-19T03:25:01","guid":{"rendered":"https:\/\/revistaenfoquepolitico.com\/?p=1284"},"modified":"2024-06-19T03:25:01","modified_gmt":"2024-06-19T03:25:01","slug":"los-carros-alegoricos-para-celebrar-los-100-anos-del-carnaval-tendran-la-tematica-de-las-decadas-desde-los-anos-20-paty-lobeira-de-yunes","status":"publish","type":"post","link":"https:\/\/revistaenfoquepolitico.com\/index.php\/2024\/06\/19\/los-carros-alegoricos-para-celebrar-los-100-anos-del-carnaval-tendran-la-tematica-de-las-decadas-desde-los-anos-20-paty-lobeira-de-yunes\/","title":{"rendered":"LOS CARROS ALEG\u00d3RICOS PARA CELEBRAR LOS 100 A\u00d1OS DEL CARNAVAL TENDR\u00c1N LA TEM\u00c1TICA DE LAS D\u00c9CADAS DESDE LOS A\u00d1OS 20: PATY LOBEIRA DE YUNES"},"content":{"rendered":"<div dir=\"auto\"><strong>A TRAV\u00c9S DE SUS REDES SOCIALES, LA ALCALDESA MOSTR\u00d3 UN ADELANTO DE LOS CARROS QUE PARTICIPAR\u00c1N EN LOS DESFILES<\/strong><\/div>\n<div dir=\"auto\"><\/div>\n<div dir=\"auto\">\n<div dir=\"auto\">Veracruz, Ver., 18 de junio de 2024<\/div>\n<div dir=\"auto\"><\/div>\n<div dir=\"auto\">La alcaldesa Paty Lobeira de Yunes, a trav\u00e9s de sus redes sociales, comparti\u00f3 los dise\u00f1os de algunos de los carros aleg\u00f3ricos que participar\u00e1n en los desfiles del Carnaval de los 100 a\u00f1os, el carnaval m\u00e1s alegre del mundo.<\/div>\n<div dir=\"auto\"><\/div>\n<div dir=\"auto\"><img loading=\"lazy\" decoding=\"async\" class=\"alignleft size-medium wp-image-1273\" src=\"https:\/\/revistaenfoquepolitico.com\/wp-content\/uploads\/2024\/06\/C-ALEGORICOS-1-300x168.jpg\" alt=\"\" width=\"300\" height=\"168\" \/>Desde su oficina, la alcaldesa mostr\u00f3 los renders de los carros y ofreci\u00f3 un adelanto de los preparativos que se est\u00e1n llevando a cabo.<\/div>\n<div dir=\"auto\"><\/div>\n<div dir=\"auto\">Dio a conocer que este a\u00f1o, el Carnaval se celebrar\u00e1 con una tem\u00e1tica de d\u00e9cadas, permitiendo a los asistentes disfrutar y recordar cada \u00e9poca, desde los a\u00f1os 20 hasta los 2000.<\/div>\n<div dir=\"auto\"><\/div>\n<div dir=\"auto\">\u201cComo son los 100 a\u00f1os del Carnaval lo vamos a hacer por d\u00e9cadas, queremos que todos puedan disfrutar de las d\u00e9cadas de los 20, 30, 40, 50, 60, los 70, los 80, los 90 y los a\u00f1os 2000&#8243;, agreg\u00f3.<\/div>\n<div dir=\"auto\"><\/div>\n<div dir=\"auto\">La alcaldesa detall\u00f3 la tem\u00e1tica de los carros aleg\u00f3ricos que fue mostrando:<\/div>\n<div dir=\"auto\"><\/div>\n<div dir=\"auto\">*D\u00e9cada de los 20:* Un carro muy cl\u00e1sico con vestuarios tem\u00e1ticos de la d\u00e9cada.<\/div>\n<div dir=\"auto\"><\/div>\n<div dir=\"auto\">*D\u00e9cada de los 30:* Celebrando el inicio del cine, con diversas actividades representativas.<\/div>\n<div dir=\"auto\"><\/div>\n<div dir=\"auto\">*Carro del DIF de Veracruz: * Dise\u00f1ado especialmente para ni\u00f1os, con elementos como aviones, carritos y tractores.<\/div>\n<div dir=\"auto\"><\/div>\n<div dir=\"auto\">*D\u00e9cada de los 50:* Un homenaje al rock and roll.<\/div>\n<div dir=\"auto\"><\/div>\n<div dir=\"auto\">*D\u00e9cada de los 60:* Un carro que evocar\u00e1 recuerdos importantes de la historia.<\/div>\n<div dir=\"auto\"><\/div>\n<div dir=\"auto\">*D\u00e9cada de los 70:* Carro que destacar\u00e1 la m\u00fasica.<\/div>\n<div dir=\"auto\"><\/div>\n<div dir=\"auto\">*D\u00e9cada de los 80:* Carro evocando la \u00e9poca de los videojuegos como Pac-Man y Mario Bros, y el ic\u00f3nico cassette.<\/div>\n<div dir=\"auto\"><\/div>\n<div dir=\"auto\">*D\u00e9cada de los 90:** Una \u00e9poca nost\u00e1lgica para quienes vivieron esos a\u00f1os.<\/div>\n<div dir=\"auto\"><\/div>\n<div dir=\"auto\">*Carro de Limpia P\u00fablica: * Un elemento tradicional del carnaval, representando los 2000.<\/div>\n<div dir=\"auto\"><\/div>\n<div dir=\"auto\">*A\u00f1o 2020:** Un carro espectacular con la presencia de Wendy, Poncho de Nigris y su esposa Marcela.<\/div>\n<div dir=\"auto\"><\/div>\n<div dir=\"auto\"><img loading=\"lazy\" decoding=\"async\" class=\"alignleft size-medium wp-image-1274\" src=\"https:\/\/revistaenfoquepolitico.com\/wp-content\/uploads\/2024\/06\/C-ALEGORICOS-2-300x167.jpg\" alt=\"\" width=\"300\" height=\"167\" \/>La alcaldesa Paty Lobeira de Yunes resalt\u00f3 que el carro de la Reina de la Alegr\u00eda, Yuri, estar\u00e1 incre\u00edble pues va a ser un escenario en movimiento en donde Yuri, con su magn\u00edfico vestuario, presentar\u00e1 su exclusivo concierto durante los desfiles.<\/div>\n<div dir=\"auto\"><\/div>\n<div dir=\"auto\">Destac\u00f3 que este Carnaval promete ser un evento espectacular y el mejor que ha tenido Veracruz, con majestuosos carros aleg\u00f3ricos y vistosas comparsas que celebrar\u00e1n los 100 a\u00f1os de historia de esta festividad.<\/div>\n<div dir=\"auto\"><\/div>\n<div dir=\"auto\"><img loading=\"lazy\" decoding=\"async\" class=\"alignleft size-medium wp-image-1275\" src=\"https:\/\/revistaenfoquepolitico.com\/wp-content\/uploads\/2024\/06\/C-ALEGORICOS-3-300x168.jpg\" alt=\"\" width=\"300\" height=\"168\" \/>\u201cTodo este a\u00f1o ha estado sumamente planeado, lo quisimos hacer espectacular para todos ustedes, para todos los jarochos y tambi\u00e9n para todos los turistas que seguramente nos van a visitar en estas fechas\u201d, manifest\u00f3.<\/div>\n<div dir=\"auto\"><\/div>\n<div dir=\"auto\">La alcaldesa tambi\u00e9n mencion\u00f3 que pronto realizar\u00e1 transmisiones en vivo desde la bodega del Carnaval, para mostrar m\u00e1s detalles de los carros aleg\u00f3ricos.<\/div>\n<div dir=\"auto\"><\/div>\n<p>\u201cYo s\u00e9 que este carnaval de los 100 a\u00f1os ha generado mucha expectativa, no nada m\u00e1s en Veracruz, sino tambi\u00e9n en toda la Rep\u00fablica, por lo que esperamos una gran afluencia de visitantes\u201d, concluy\u00f3.<\/p><\/div>\n<div dir=\"auto\"><img loading=\"lazy\" decoding=\"async\" class=\"alignleft size-medium wp-image-1276\" src=\"https:\/\/revistaenfoquepolitico.com\/wp-content\/uploads\/2024\/06\/C-ALEGORICOS-4-300x166.jpg\" alt=\"\" width=\"300\" height=\"166\" \/><img loading=\"lazy\" decoding=\"async\" class=\"alignright size-medium wp-image-1277\" src=\"https:\/\/revistaenfoquepolitico.com\/wp-content\/uploads\/2024\/06\/C-ALEGORICOS-5-300x166.jpg\" alt=\"\" width=\"300\" height=\"166\" \/><\/div>\n<div dir=\"auto\"><\/div>\n<div dir=\"auto\"><\/div>\n<div dir=\"auto\"><\/div>\n<div dir=\"auto\"><\/div>\n<div dir=\"auto\"><\/div>\n<div dir=\"auto\"><\/div>\n<div dir=\"auto\"><\/div>\n<div dir=\"auto\"><\/div>\n<div dir=\"auto\"><img loading=\"lazy\" decoding=\"async\" class=\"alignleft size-medium wp-image-1279\" src=\"https:\/\/revistaenfoquepolitico.com\/wp-content\/uploads\/2024\/06\/C-ALEGORICOS-7-300x165.jpg\" alt=\"\" width=\"300\" height=\"165\" \/><img loading=\"lazy\" decoding=\"async\" class=\"alignright size-medium wp-image-1280\" src=\"https:\/\/revistaenfoquepolitico.com\/wp-content\/uploads\/2024\/06\/C-ALEGORICOS-8-300x167.jpg\" alt=\"\" width=\"300\" height=\"167\" \/><\/div>\n<div dir=\"auto\"><\/div>\n<div dir=\"auto\"><\/div>\n<div dir=\"auto\"><\/div>\n<div dir=\"auto\"><\/div>\n<div dir=\"auto\"><\/div>\n<div dir=\"auto\"><\/div>\n<div dir=\"auto\"><\/div>\n<div dir=\"auto\"><\/div>\n<div dir=\"auto\"><img loading=\"lazy\" decoding=\"async\" class=\"alignleft size-medium wp-image-1281\" src=\"https:\/\/revistaenfoquepolitico.com\/wp-content\/uploads\/2024\/06\/C-ALEGORICOS-9-300x163.jpg\" alt=\"\" width=\"300\" height=\"163\" \/><img loading=\"lazy\" decoding=\"async\" class=\"alignright size-medium wp-image-1282\" src=\"https:\/\/revistaenfoquepolitico.com\/wp-content\/uploads\/2024\/06\/C-ALEGORICOS-10-300x169.jpg\" alt=\"\" width=\"300\" height=\"169\" \/><\/div>\n<div dir=\"auto\"><\/div>\n<div dir=\"auto\"><\/div>\n<div dir=\"auto\"><\/div>\n<div dir=\"auto\"><\/div>\n<div dir=\"auto\"><\/div>\n<div dir=\"auto\"><\/div>\n<div dir=\"auto\"><\/div>\n<div dir=\"auto\"><\/div>\n<div dir=\"auto\"><\/div>\n<div dir=\"auto\"><\/div>\n<div dir=\"auto\"><\/div>\n<div id=\"x_ms-outlook-mobile-signature\" dir=\"auto\">\n<div><\/div>\n<\/div>\n","protected":false},"excerpt":{"rendered":"<p>A TRAV\u00c9S DE SUS REDES SOCIALES, LA ALCALDESA MOSTR\u00d3 UN ADELANTO DE LOS CARROS QUE PARTICIPAR\u00c1N EN LOS DESFILES Veracruz, Ver., 18 de junio de 2024 La alcaldesa Paty Lobeira de Yunes, a trav\u00e9s de sus redes sociales, comparti\u00f3 los dise\u00f1os de algunos de los carros aleg\u00f3ricos que participar\u00e1n en los desfiles del Carnaval de [&hellip;]<\/p>\n","protected":false},"author":1,"featured_media":0,"comment_status":"closed","ping_status":"closed","sticky":false,"template":"","format":"standard","meta":{"_jetpack_memberships_contains_paid_content":false,"footnotes":"","jetpack_publicize_message":"","jetpack_publicize_feature_enabled":true,"jetpack_social_post_already_shared":false,"jetpack_social_options":{"image_generator_settings":{"template":"highway","default_image_id":0,"font":"","enabled":false},"version":2}},"categories":[4],"tags":[19],"class_list":["post-1284","post","type-post","status-publish","format-standard","hentry","category-noticia-politica","tag-carnaval-2024"],"jetpack_publicize_connections":[],"jetpack_featured_media_url":"","jetpack_sharing_enabled":true,"_links":{"self":[{"href":"https:\/\/revistaenfoquepolitico.com\/index.php\/wp-json\/wp\/v2\/posts\/1284","targetHints":{"allow":["GET"]}}],"collection":[{"href":"https:\/\/revistaenfoquepolitico.com\/index.php\/wp-json\/wp\/v2\/posts"}],"about":[{"href":"https:\/\/revistaenfoquepolitico.com\/index.php\/wp-json\/wp\/v2\/types\/post"}],"author":[{"embeddable":true,"href":"https:\/\/revistaenfoquepolitico.com\/index.php\/wp-json\/wp\/v2\/users\/1"}],"replies":[{"embeddable":true,"href":"https:\/\/revistaenfoquepolitico.com\/index.php\/wp-json\/wp\/v2\/comments?post=1284"}],"version-history":[{"count":1,"href":"https:\/\/revistaenfoquepolitico.com\/index.php\/wp-json\/wp\/v2\/posts\/1284\/revisions"}],"predecessor-version":[{"id":1285,"href":"https:\/\/revistaenfoquepolitico.com\/index.php\/wp-json\/wp\/v2\/posts\/1284\/revisions\/1285"}],"wp:attachment":[{"href":"https:\/\/revistaenfoquepolitico.com\/index.php\/wp-json\/wp\/v2\/media?parent=1284"}],"wp:term":[{"taxonomy":"category","embeddable":true,"href":"https:\/\/revistaenfoquepolitico.com\/index.php\/wp-json\/wp\/v2\/categories?post=1284"},{"taxonomy":"post_tag","embeddable":true,"href":"https:\/\/revistaenfoquepolitico.com\/index.php\/wp-json\/wp\/v2\/tags?post=1284"}],"curies":[{"name":"wp","href":"https:\/\/api.w.org\/{rel}","templated":true}]}}