{"id":1299,"date":"2024-06-25T02:22:17","date_gmt":"2024-06-25T02:22:17","guid":{"rendered":"https:\/\/revistaenfoquepolitico.com\/?p=1299"},"modified":"2024-06-25T02:22:17","modified_gmt":"2024-06-25T02:22:17","slug":"crisis-de-seguridad-opinion","status":"publish","type":"post","link":"https:\/\/revistaenfoquepolitico.com\/index.php\/2024\/06\/25\/crisis-de-seguridad-opinion\/","title":{"rendered":"CRISIS DE SEGURIDAD\/OPINI\u00d3N"},"content":{"rendered":"<p><strong>COLUMNA PLUMA NEGRA POR: IGNACIO ALVAREZ<\/strong><\/p>\n<p>CRISIS DE SEGURIDAD\/OPINI\u00d3N<\/p>\n<p>Veracruz, Ver., 24 de junio de 2024<\/p>\n<p>&nbsp;<\/p>\n<p style=\"text-align: justify;\">Un acierto, aunque tard\u00edo, es la desaparici\u00f3n de la Fuerza Civil, un sector de la Secretaria de Seguridad P\u00fablica del Estado que era desde hace varios a\u00f1os el terror para miles de ciudadanos y que lamentablemente, tuvo que haber dos muertes p\u00fablicas a manos de sus elementos para tomar la decisi\u00f3n de su disoluci\u00f3n.<\/p>\n<p style=\"text-align: justify;\">\n<p style=\"text-align: justify;\">La agrupaci\u00f3n policiaca que fue creada en el 2014, por el Gobierno de Javier Duarte de Ochoa y se denomin\u00f3 como Grupo de Operaciones Especiales de la Fuerza Civil es la unidad \u00e9lite de la Secretar\u00eda de Seguridad P\u00fablica, especializada en t\u00e1cticas de combate e intervenciones a\u00e9reas, acu\u00e1ticas y terrestres, se convirti\u00f3 en una pesadilla Veracruz.<\/p>\n<p style=\"text-align: justify;\">\n<p style=\"text-align: justify;\">Con el paso de los a\u00f1os, los elementos de esa corporaci\u00f3n se convirtieron en el terror para muchos ciudadanos; los taxistas que eran sujetos indebidas revisiones eran roba-dos de sus pertenencias, los ganaderos que transportaban sus vacas en las carreteras del estado, los comerciantes, transportistas y ciudadanos comunes que ca\u00edan en sus manos, eran v\u00edctimas de los elementos de la FC.<\/p>\n<p style=\"text-align: justify;\">\n<p style=\"text-align: justify;\">De norte a sur de Veracruz, los abusos de autoridad de estos elementos eran el pan de cada d\u00eda; anoche el gobernador Cuitl\u00e1huac Garc\u00eda Jim\u00e9nez tom\u00f3 la decisi\u00f3n de disolver ese sector de la SSP, en funci\u00f3n del asesinato de dos personas durante una manifestaci\u00f3n para exigir agua en Perote, el pasado viernes.<\/p>\n<p style=\"text-align: justify;\">\n<p style=\"text-align: justify;\">En un comunicado, el Gobierno de Veracruz y la Secretar\u00eda de Seguridad P\u00fablica anun-ciaron la extinci\u00f3n de esa corporaci\u00f3n, y dejan claro que se trata de una decisi\u00f3n tomada tras los hechos violentos en las Granjas Carroll de Perote, donde dos personas perdieron la vida a manos de los elementos de la Fuerza Civil cuando reprimieron la manifestaci\u00f3n p\u00fablica.<\/p>\n<p style=\"text-align: justify;\">\n<p style=\"text-align: justify;\">Tal y como lo dicta la pr\u00e9dica popular, despu\u00e9s del ni\u00f1o ahogado se tapa el pozo, pero el esc\u00e1ndalo de los dos asesinatos en Perote no es el \u00fanico, pero s\u00ed la gota que derram\u00f3 el vaso. La Fuerza Civil es una mala referencia de Seguridad P\u00fablica en el estado de Veracruz, sobre todo en las carreteras. La Comisi\u00f3n de Derechos Humanos del Estado de Veracruz mantiene decenas de quejas contra la corporaci\u00f3n, m\u00e1s las que no se de-nuncian.<\/p>\n<p style=\"text-align: justify;\">\n<p style=\"text-align: justify;\">Pero la Fuerza Civil no es la \u00fanica abusiva, las polic\u00edas municipales tambi\u00e9n se las gas-tan; la semana pasada en San Andr\u00e9s Tuxtla la Policia Municipal acab\u00f3 con la vida de un comerciante; nueve elementos fueron detenidos; en enero pasado la Polic\u00eda Municipal de Angel R Cabada mat\u00f3 a un joven y fueron detenidos cuatro elementos.<\/p>\n<p style=\"text-align: justify;\">\n<p style=\"text-align: justify;\">Lo cierto es que Veracruz, padece una crisis de seguridad p\u00fablica, de prevenci\u00f3n del delito y capacitaci\u00f3n, que tiene que ver con decisiones e inversiones del Gobierno del Estado que no se resolver\u00e1 con la disoluci\u00f3n de la Fuerza Civil, hace falta mucho m\u00e1s de parte del Gobierno<\/p>\n","protected":false},"excerpt":{"rendered":"<p>COLUMNA PLUMA NEGRA POR: IGNACIO ALVAREZ CRISIS DE SEGURIDAD\/OPINI\u00d3N Veracruz, Ver., 24 de junio de 2024 &nbsp; Un acierto, aunque tard\u00edo, es la desaparici\u00f3n de la Fuerza Civil, un sector de la Secretaria de Seguridad P\u00fablica del Estado que era desde hace varios a\u00f1os el terror para miles de ciudadanos y que lamentablemente, tuvo que [&hellip;]<\/p>\n","protected":false},"author":1,"featured_media":605,"comment_status":"closed","ping_status":"closed","sticky":false,"template":"","format":"standard","meta":{"_jetpack_memberships_contains_paid_content":false,"footnotes":"","jetpack_publicize_message":"","jetpack_publicize_feature_enabled":true,"jetpack_social_post_already_shared":false,"jetpack_social_options":{"image_generator_settings":{"template":"highway","default_image_id":0,"font":"","enabled":false},"version":2}},"categories":[4],"tags":[24],"class_list":["post-1299","post","type-post","status-publish","format-standard","has-post-thumbnail","hentry","category-noticia-politica","tag-columna-pluma-negra"],"jetpack_publicize_connections":[],"jetpack_featured_media_url":"https:\/\/revistaenfoquepolitico.com\/wp-content\/uploads\/2024\/03\/LOGO-PLUMA-NEGRA.jpg","jetpack_sharing_enabled":true,"_links":{"self":[{"href":"https:\/\/revistaenfoquepolitico.com\/index.php\/wp-json\/wp\/v2\/posts\/1299","targetHints":{"allow":["GET"]}}],"collection":[{"href":"https:\/\/revistaenfoquepolitico.com\/index.php\/wp-json\/wp\/v2\/posts"}],"about":[{"href":"https:\/\/revistaenfoquepolitico.com\/index.php\/wp-json\/wp\/v2\/types\/post"}],"author":[{"embeddable":true,"href":"https:\/\/revistaenfoquepolitico.com\/index.php\/wp-json\/wp\/v2\/users\/1"}],"replies":[{"embeddable":true,"href":"https:\/\/revistaenfoquepolitico.com\/index.php\/wp-json\/wp\/v2\/comments?post=1299"}],"version-history":[{"count":1,"href":"https:\/\/revistaenfoquepolitico.com\/index.php\/wp-json\/wp\/v2\/posts\/1299\/revisions"}],"predecessor-version":[{"id":1300,"href":"https:\/\/revistaenfoquepolitico.com\/index.php\/wp-json\/wp\/v2\/posts\/1299\/revisions\/1300"}],"wp:featuredmedia":[{"embeddable":true,"href":"https:\/\/revistaenfoquepolitico.com\/index.php\/wp-json\/wp\/v2\/media\/605"}],"wp:attachment":[{"href":"https:\/\/revistaenfoquepolitico.com\/index.php\/wp-json\/wp\/v2\/media?parent=1299"}],"wp:term":[{"taxonomy":"category","embeddable":true,"href":"https:\/\/revistaenfoquepolitico.com\/index.php\/wp-json\/wp\/v2\/categories?post=1299"},{"taxonomy":"post_tag","embeddable":true,"href":"https:\/\/revistaenfoquepolitico.com\/index.php\/wp-json\/wp\/v2\/tags?post=1299"}],"curies":[{"name":"wp","href":"https:\/\/api.w.org\/{rel}","templated":true}]}}