{"id":1318,"date":"2024-06-29T21:57:08","date_gmt":"2024-06-29T21:57:08","guid":{"rendered":"https:\/\/revistaenfoquepolitico.com\/?p=1318"},"modified":"2024-06-29T21:57:08","modified_gmt":"2024-06-29T21:57:08","slug":"ricky-martin-abarrota-la-macroplaza-del-malecon-conmemorando-los-100-anos-del-carnaval-de-veracruz","status":"publish","type":"post","link":"https:\/\/revistaenfoquepolitico.com\/index.php\/2024\/06\/29\/ricky-martin-abarrota-la-macroplaza-del-malecon-conmemorando-los-100-anos-del-carnaval-de-veracruz\/","title":{"rendered":"RICKY MARTIN ABARROTA LA MACROPLAZA DEL MALEC\u00d3N, CONMEMORANDO LOS 100 A\u00d1OS DEL CARNAVAL DE VERACRUZ"},"content":{"rendered":"<div dir=\"auto\">SEGUNDO MAGNO CONCIERTO LLENO DE RITMO Y ALEGR\u00cdA<\/div>\n<div dir=\"auto\"><\/div>\n<div dir=\"auto\">\n<div dir=\"auto\">_-Agradeci\u00f3 a la alcaldesa Paty Lobeira de Yunes por la invitaci\u00f3n_<\/div>\n<div dir=\"auto\"><\/div>\n<div dir=\"auto\">_-Este s\u00e1bado 29 de junio se desarrollar\u00e1 el primer desfile de carros aleg\u00f3ricos por el Bulevar \u00c1vila Camacho, con Wendy Guevara y Poncho De Nigris_<\/div>\n<div dir=\"auto\"><\/div>\n<div dir=\"auto\">Veracruz, Ver.,<\/div>\n<div dir=\"auto\"><\/div>\n<div dir=\"auto\" style=\"text-align: justify;\">Con la presencia del cantante puertorrique\u00f1o, Ricky Martin, en el Magno Concierto del Carnaval de Veracruz 2024, el m\u00e1s alegre del mundo, la Macroplaza del Malec\u00f3n luci\u00f3 por segundo d\u00eda totalmente abarrotada.<\/div>\n<div dir=\"auto\" style=\"text-align: justify;\"><\/div>\n<div dir=\"auto\" style=\"text-align: justify;\"><img loading=\"lazy\" decoding=\"async\" class=\"alignleft size-medium wp-image-1321\" src=\"https:\/\/revistaenfoquepolitico.com\/wp-content\/uploads\/2024\/06\/RICKY-2-300x200.jpg\" alt=\"\" width=\"300\" height=\"200\" srcset=\"https:\/\/revistaenfoquepolitico.com\/wp-content\/uploads\/2024\/06\/RICKY-2-300x200.jpg 300w, https:\/\/revistaenfoquepolitico.com\/wp-content\/uploads\/2024\/06\/RICKY-2-1024x682.jpg 1024w, https:\/\/revistaenfoquepolitico.com\/wp-content\/uploads\/2024\/06\/RICKY-2-768x511.jpg 768w, https:\/\/revistaenfoquepolitico.com\/wp-content\/uploads\/2024\/06\/RICKY-2.jpg 1280w\" sizes=\"auto, (max-width: 300px) 100vw, 300px\" \/>Ricky Martin, estrella internacional, represent\u00f3 un atractivo especial en esta gran celebraci\u00f3n hist\u00f3rica, en la que se conmemoran 100 a\u00f1os de tradici\u00f3n y diversi\u00f3n en Veracruz.<\/div>\n<div dir=\"auto\" style=\"text-align: justify;\"><\/div>\n<div dir=\"auto\" style=\"text-align: justify;\">El \u00e1nimo de los asistentes sobrepas\u00f3 cualquier expectativa, ya que disfrutaron por completo del magn\u00edfico show del cantante puertorrique\u00f1o.<\/div>\n<div dir=\"auto\" style=\"text-align: justify;\"><\/div>\n<div dir=\"auto\" style=\"text-align: justify;\">En la Macroplaza, bailaron, cantaron y corearon los grandes \u00e9xitos musicales de Ricky Mart\u00edn, quien inici\u00f3 su espect\u00e1culo musical con las canciones \u00a0\u201cP\u00e9gate\u201d, \u201cMar\u00eda\u201d, \u00a0\u201cAdrenalina\u201d, y \u201cShe Bangs\u201d.<\/div>\n<div dir=\"auto\" style=\"text-align: justify;\"><\/div>\n<div dir=\"auto\" style=\"text-align: justify;\"><img loading=\"lazy\" decoding=\"async\" class=\"alignright size-medium wp-image-1322\" src=\"https:\/\/revistaenfoquepolitico.com\/wp-content\/uploads\/2024\/06\/RICKY-3-300x200.jpg\" alt=\"\" width=\"300\" height=\"200\" srcset=\"https:\/\/revistaenfoquepolitico.com\/wp-content\/uploads\/2024\/06\/RICKY-3-300x200.jpg 300w, https:\/\/revistaenfoquepolitico.com\/wp-content\/uploads\/2024\/06\/RICKY-3-1024x682.jpg 1024w, https:\/\/revistaenfoquepolitico.com\/wp-content\/uploads\/2024\/06\/RICKY-3-768x511.jpg 768w, https:\/\/revistaenfoquepolitico.com\/wp-content\/uploads\/2024\/06\/RICKY-3.jpg 1280w\" sizes=\"auto, (max-width: 300px) 100vw, 300px\" \/>As\u00ed tambi\u00e9n sus grandes \u00e9xitos como \u201cVente pa\u2019 ca\u201d, \u201cLa mordidita\u201d, \u201cLivin\u2019 la vida loca\u201d, \u201cTe extra\u00f1o, te olvido, te amo\u201d, entre muchos \u00e9xitos m\u00e1s.<\/div>\n<div dir=\"auto\" style=\"text-align: justify;\"><\/div>\n<div dir=\"auto\" style=\"text-align: justify;\">Al concluir el show, \u00a0Ricky Mart\u00edn, agradeci\u00f3 a la alcaldesa por la invitaci\u00f3n y los asistentes por su \u00a0cari\u00f1o. \u201cMuchas gracias a la alcaldesa Paty Lobeira, porque ha hecho esto posible. Muchas gracias por su invitaci\u00f3n\u201d.<\/div>\n<div dir=\"auto\" style=\"text-align: justify;\"><\/div>\n<div dir=\"auto\" style=\"text-align: justify;\">\u201cY una vez m\u00e1s Veracruz, gracias por su cari\u00f1o, gracias por su amor, porque son mi medicina , porque son mi combustible. Los quiero, los quiero mucho. Gracias\u201d, a\u00f1adi\u00f3 el cantante puertorrique\u00f1o..<\/div>\n<div dir=\"auto\" style=\"text-align: justify;\"><\/div>\n<div dir=\"auto\" style=\"text-align: justify;\">Este carnaval, que celebra su centenario, ha iniciado con gran \u00e9xito, en una fiesta llena de color, m\u00fasica y de mucha alegr\u00eda.<\/div>\n<div dir=\"auto\" style=\"text-align: justify;\"><\/div>\n<div dir=\"auto\" style=\"text-align: justify;\"><strong>*Actividades s\u00e1bado 29 de junio*<\/strong><\/div>\n<div dir=\"auto\" style=\"text-align: justify;\"><\/div>\n<div dir=\"auto\" style=\"text-align: justify;\">18:00 Hrs.- Primer Gran Desfile de Carnaval con el influencer y actor regiomontano Poncho De Nigris, su esposa, la influencer Marcela Mistral y la influencer Wendy Guevara. (de Sur a Norte).<\/div>\n<div dir=\"auto\" style=\"text-align: justify;\"><\/div>\n<p>22:00 Hrs.- Tercer Gran Concierto Masivo con la presentaci\u00f3n del reguetonero Wisin en la Macroplaza del Malec\u00f3n.<\/p>\n<\/div>\n<div style=\"text-align: justify;\"><img loading=\"lazy\" decoding=\"async\" class=\"alignleft size-medium wp-image-1326\" src=\"https:\/\/revistaenfoquepolitico.com\/wp-content\/uploads\/2024\/06\/RICKY-7-300x169.jpg\" alt=\"\" width=\"300\" height=\"169\" srcset=\"https:\/\/revistaenfoquepolitico.com\/wp-content\/uploads\/2024\/06\/RICKY-7-300x169.jpg 300w, https:\/\/revistaenfoquepolitico.com\/wp-content\/uploads\/2024\/06\/RICKY-7-1024x576.jpg 1024w, https:\/\/revistaenfoquepolitico.com\/wp-content\/uploads\/2024\/06\/RICKY-7-768x432.jpg 768w, https:\/\/revistaenfoquepolitico.com\/wp-content\/uploads\/2024\/06\/RICKY-7.jpg 1280w\" sizes=\"auto, (max-width: 300px) 100vw, 300px\" \/><img loading=\"lazy\" decoding=\"async\" class=\"alignright size-medium wp-image-1320\" src=\"https:\/\/revistaenfoquepolitico.com\/wp-content\/uploads\/2024\/06\/RICKY-1-300x200.jpg\" alt=\"\" width=\"300\" height=\"200\" srcset=\"https:\/\/revistaenfoquepolitico.com\/wp-content\/uploads\/2024\/06\/RICKY-1-300x200.jpg 300w, https:\/\/revistaenfoquepolitico.com\/wp-content\/uploads\/2024\/06\/RICKY-1-1024x682.jpg 1024w, https:\/\/revistaenfoquepolitico.com\/wp-content\/uploads\/2024\/06\/RICKY-1-768x511.jpg 768w, https:\/\/revistaenfoquepolitico.com\/wp-content\/uploads\/2024\/06\/RICKY-1.jpg 1280w\" sizes=\"auto, (max-width: 300px) 100vw, 300px\" \/><\/div>\n<div><\/div>\n<div><\/div>\n<div><\/div>\n<div><\/div>\n<div><\/div>\n<div><\/div>\n<div><\/div>\n<div><\/div>\n<div><img loading=\"lazy\" decoding=\"async\" class=\"alignleft size-medium wp-image-1324\" src=\"https:\/\/revistaenfoquepolitico.com\/wp-content\/uploads\/2024\/06\/RICKY-5-300x171.jpg\" alt=\"\" width=\"300\" height=\"171\" \/><img loading=\"lazy\" decoding=\"async\" class=\"alignright size-medium wp-image-1325\" src=\"https:\/\/revistaenfoquepolitico.com\/wp-content\/uploads\/2024\/06\/RICKY-6-300x169.jpg\" alt=\"\" width=\"300\" height=\"169\" srcset=\"https:\/\/revistaenfoquepolitico.com\/wp-content\/uploads\/2024\/06\/RICKY-6-300x169.jpg 300w, https:\/\/revistaenfoquepolitico.com\/wp-content\/uploads\/2024\/06\/RICKY-6-1024x576.jpg 1024w, https:\/\/revistaenfoquepolitico.com\/wp-content\/uploads\/2024\/06\/RICKY-6-768x432.jpg 768w, https:\/\/revistaenfoquepolitico.com\/wp-content\/uploads\/2024\/06\/RICKY-6.jpg 1280w\" sizes=\"auto, (max-width: 300px) 100vw, 300px\" \/><\/div>\n<div><\/div>\n<div><\/div>\n<div><\/div>\n<div><\/div>\n<div><\/div>\n<div><\/div>\n<div><\/div>\n<div><\/div>\n<div><\/div>\n<div><\/div>\n<div><\/div>\n<div><\/div>\n<div><\/div>\n","protected":false},"excerpt":{"rendered":"<p>SEGUNDO MAGNO CONCIERTO LLENO DE RITMO Y ALEGR\u00cdA _-Agradeci\u00f3 a la alcaldesa Paty Lobeira de Yunes por la invitaci\u00f3n_ _-Este s\u00e1bado 29 de junio se desarrollar\u00e1 el primer desfile de carros aleg\u00f3ricos por el Bulevar \u00c1vila Camacho, con Wendy Guevara y Poncho De Nigris_ Veracruz, Ver., Con la presencia del cantante puertorrique\u00f1o, Ricky Martin, en [&hellip;]<\/p>\n","protected":false},"author":1,"featured_media":1323,"comment_status":"closed","ping_status":"closed","sticky":false,"template":"","format":"standard","meta":{"_jetpack_memberships_contains_paid_content":false,"footnotes":"","jetpack_publicize_message":"","jetpack_publicize_feature_enabled":true,"jetpack_social_post_already_shared":false,"jetpack_social_options":{"image_generator_settings":{"template":"highway","default_image_id":0,"font":"","enabled":false},"version":2}},"categories":[4],"tags":[],"class_list":["post-1318","post","type-post","status-publish","format-standard","has-post-thumbnail","hentry","category-noticia-politica"],"jetpack_publicize_connections":[],"jetpack_featured_media_url":"https:\/\/revistaenfoquepolitico.com\/wp-content\/uploads\/2024\/06\/RICKY-4.jpg","jetpack_sharing_enabled":true,"_links":{"self":[{"href":"https:\/\/revistaenfoquepolitico.com\/index.php\/wp-json\/wp\/v2\/posts\/1318","targetHints":{"allow":["GET"]}}],"collection":[{"href":"https:\/\/revistaenfoquepolitico.com\/index.php\/wp-json\/wp\/v2\/posts"}],"about":[{"href":"https:\/\/revistaenfoquepolitico.com\/index.php\/wp-json\/wp\/v2\/types\/post"}],"author":[{"embeddable":true,"href":"https:\/\/revistaenfoquepolitico.com\/index.php\/wp-json\/wp\/v2\/users\/1"}],"replies":[{"embeddable":true,"href":"https:\/\/revistaenfoquepolitico.com\/index.php\/wp-json\/wp\/v2\/comments?post=1318"}],"version-history":[{"count":1,"href":"https:\/\/revistaenfoquepolitico.com\/index.php\/wp-json\/wp\/v2\/posts\/1318\/revisions"}],"predecessor-version":[{"id":1327,"href":"https:\/\/revistaenfoquepolitico.com\/index.php\/wp-json\/wp\/v2\/posts\/1318\/revisions\/1327"}],"wp:featuredmedia":[{"embeddable":true,"href":"https:\/\/revistaenfoquepolitico.com\/index.php\/wp-json\/wp\/v2\/media\/1323"}],"wp:attachment":[{"href":"https:\/\/revistaenfoquepolitico.com\/index.php\/wp-json\/wp\/v2\/media?parent=1318"}],"wp:term":[{"taxonomy":"category","embeddable":true,"href":"https:\/\/revistaenfoquepolitico.com\/index.php\/wp-json\/wp\/v2\/categories?post=1318"},{"taxonomy":"post_tag","embeddable":true,"href":"https:\/\/revistaenfoquepolitico.com\/index.php\/wp-json\/wp\/v2\/tags?post=1318"}],"curies":[{"name":"wp","href":"https:\/\/api.w.org\/{rel}","templated":true}]}}