{"id":1438,"date":"2024-07-22T02:45:25","date_gmt":"2024-07-22T02:45:25","guid":{"rendered":"https:\/\/revistaenfoquepolitico.com\/?p=1438"},"modified":"2024-07-22T02:45:25","modified_gmt":"2024-07-22T02:45:25","slug":"infonavit-mantiene-abiertas-sus-oficinas-en-vacaciones-de-verano","status":"publish","type":"post","link":"https:\/\/revistaenfoquepolitico.com\/index.php\/2024\/07\/22\/infonavit-mantiene-abiertas-sus-oficinas-en-vacaciones-de-verano\/","title":{"rendered":"INFONAVIT MANTIENE ABIERTAS SUS OFICINAS EN VACACIONES DE VERANO"},"content":{"rendered":"<p><strong>INFONAVIT MANTIENE ABIERTAS SUS OFICINAS EN VACACIONES DE VERANO<\/strong><\/p>\n<p>&nbsp;<\/p>\n<p><strong>Ciudad de M\u00e9xico, a 21 de julio de 2024.<\/strong><\/p>\n<div dir=\"auto\">\u200b<\/div>\n<div dir=\"auto\" aria-hidden=\"true\"><\/div>\n<div dir=\"auto\" style=\"text-align: justify;\">\u2022 Los 103 Centros de Servicio dar\u00e1n atenci\u00f3n en su horario habitual de lunes a viernes, en un horario de 08:30 a 14:30 horas.<\/div>\n<div dir=\"auto\" style=\"text-align: justify;\" aria-hidden=\"true\"><\/div>\n<div dir=\"auto\" style=\"text-align: justify;\">El Instituto del Fondo Nacional de la Vivienda para los Trabajadores (Infonavit) informa que sus 103 Centros de Servicio Infonavit (Cesi) continuar\u00e1n operando de forma habitual durante las vacaciones de verano.<\/div>\n<div dir=\"auto\" style=\"text-align: justify;\" aria-hidden=\"true\"><\/div>\n<div dir=\"auto\" style=\"text-align: justify;\">De esta manera, las y los derechohabientes podr\u00e1n aprovechar sus d\u00edas de descanso para iniciar la solicitud de su cr\u00e9dito para comprar, remodelar, ampliar o mejorar su hogar, o bien, adquirir un terreno.<\/div>\n<div dir=\"auto\" style=\"text-align: justify;\">Otros tr\u00e1mites que se pueden realizar en las oficinas del Infonavit, son:<\/div>\n<div dir=\"auto\" style=\"text-align: justify;\">\u2022 Obtener una pr\u00f3rroga o reestructura en el pago de su cr\u00e9dito, a trav\u00e9s de diferentes esquemas de Cobranza Social.<\/div>\n<div dir=\"auto\" style=\"text-align: justify;\">\u2022 Recibir un Descuento por Liquidaci\u00f3n Anticipada.<\/div>\n<div dir=\"auto\" style=\"text-align: justify;\">\u2022 Cambiar su cr\u00e9dito de Veces Salario M\u00ednimo (VSM) a pesos, mediante el programa Responsabilidad Compartida.<\/div>\n<div dir=\"auto\" style=\"text-align: justify;\" aria-hidden=\"true\"><\/div>\n<div dir=\"auto\" style=\"text-align: justify;\">Las personas que quieran realizar alg\u00fan tr\u00e1mite podr\u00e1n acudir de lunes a viernes, en un horario de 8:30 a 14:30 horas.<\/div>\n<div dir=\"auto\" style=\"text-align: justify;\" aria-hidden=\"true\"><\/div>\n<div dir=\"auto\" style=\"text-align: justify;\">Asimismo, para reducir el tiempo que tendr\u00e1n que invertir en su tr\u00e1mite, las personas podr\u00e1n reservar una cita previa. Para ello, solo necesitan:<\/div>\n<div dir=\"auto\" style=\"text-align: justify;\" aria-hidden=\"true\"><\/div>\n<div dir=\"auto\" style=\"text-align: justify;\">\u2022 Ingresar a Mi Cuenta Infonavit (micuenta.infonavit.org.mx).<\/div>\n<div dir=\"auto\" style=\"text-align: justify;\">\u2022 Capturar su N\u00famero de Seguridad Social (NSS) y contrase\u00f1a e ingresar el c\u00f3digo de verificaci\u00f3n que aparecer\u00e1 en la pantalla.<\/div>\n<div dir=\"auto\" style=\"text-align: justify;\">\u2022 Hacer clic en \u201cCont\u00e1ctanos\u201d y elegir \u201cHaz una cita\u201d.<\/div>\n<div dir=\"auto\" style=\"text-align: justify;\">\u2022 Seleccionar el tr\u00e1mite a realizar.<\/div>\n<div dir=\"auto\" style=\"text-align: justify;\">\u2022 Elegir el estado, el Centro de Servicio Infonavit (Cesi) m\u00e1s cercano y reservar el horario.<\/div>\n<div dir=\"auto\" style=\"text-align: justify;\" aria-hidden=\"true\"><\/div>\n<div dir=\"auto\" style=\"text-align: justify;\">Otro medio para solicitar una cita es a trav\u00e9s de Infonatel, al 800 008 3900.<\/div>\n<div dir=\"auto\" style=\"text-align: justify;\" aria-hidden=\"true\"><\/div>\n<div dir=\"auto\" style=\"text-align: justify;\" aria-hidden=\"true\"><\/div>\n<div dir=\"auto\" style=\"text-align: justify;\" aria-hidden=\"true\"><\/div>\n<div dir=\"auto\" style=\"text-align: justify;\" aria-hidden=\"true\"><\/div>\n<div dir=\"auto\" style=\"text-align: justify;\">Conoce todo lo que necesitas saber sobre cr\u00e9ditos, tr\u00e1mites y servicios del Infonavit, de manera sencilla y clara en infonavitfacil.mx.<\/div>\n<div dir=\"auto\" style=\"text-align: justify;\" aria-hidden=\"true\"><\/div>\n<div dir=\"auto\" style=\"text-align: justify;\">Infonavit es una instituci\u00f3n de seguridad social del Estado, que tiene como objetivo otorgar cr\u00e9dito barato y suficiente para que las y los trabajadores puedan acceder a una vivienda adecuada y formar un patrimonio. Desde su creaci\u00f3n en 1972 a la fecha, el organismo ha colocado m\u00e1s de 12 millones de cr\u00e9ditos.<\/div>\n","protected":false},"excerpt":{"rendered":"<p>INFONAVIT MANTIENE ABIERTAS SUS OFICINAS EN VACACIONES DE VERANO &nbsp; Ciudad de M\u00e9xico, a 21 de julio de 2024. \u200b \u2022 Los 103 Centros de Servicio dar\u00e1n atenci\u00f3n en su horario habitual de lunes a viernes, en un horario de 08:30 a 14:30 horas. El Instituto del Fondo Nacional de la Vivienda para los Trabajadores [&hellip;]<\/p>\n","protected":false},"author":1,"featured_media":0,"comment_status":"closed","ping_status":"closed","sticky":false,"template":"","format":"standard","meta":{"_jetpack_memberships_contains_paid_content":false,"footnotes":"","jetpack_publicize_message":"","jetpack_publicize_feature_enabled":true,"jetpack_social_post_already_shared":false,"jetpack_social_options":{"image_generator_settings":{"template":"highway","default_image_id":0,"font":"","enabled":false},"version":2}},"categories":[4],"tags":[21],"class_list":["post-1438","post","type-post","status-publish","format-standard","hentry","category-noticia-politica","tag-infonavit-veracruz"],"jetpack_publicize_connections":[],"jetpack_featured_media_url":"","jetpack_sharing_enabled":true,"_links":{"self":[{"href":"https:\/\/revistaenfoquepolitico.com\/index.php\/wp-json\/wp\/v2\/posts\/1438","targetHints":{"allow":["GET"]}}],"collection":[{"href":"https:\/\/revistaenfoquepolitico.com\/index.php\/wp-json\/wp\/v2\/posts"}],"about":[{"href":"https:\/\/revistaenfoquepolitico.com\/index.php\/wp-json\/wp\/v2\/types\/post"}],"author":[{"embeddable":true,"href":"https:\/\/revistaenfoquepolitico.com\/index.php\/wp-json\/wp\/v2\/users\/1"}],"replies":[{"embeddable":true,"href":"https:\/\/revistaenfoquepolitico.com\/index.php\/wp-json\/wp\/v2\/comments?post=1438"}],"version-history":[{"count":1,"href":"https:\/\/revistaenfoquepolitico.com\/index.php\/wp-json\/wp\/v2\/posts\/1438\/revisions"}],"predecessor-version":[{"id":1440,"href":"https:\/\/revistaenfoquepolitico.com\/index.php\/wp-json\/wp\/v2\/posts\/1438\/revisions\/1440"}],"wp:attachment":[{"href":"https:\/\/revistaenfoquepolitico.com\/index.php\/wp-json\/wp\/v2\/media?parent=1438"}],"wp:term":[{"taxonomy":"category","embeddable":true,"href":"https:\/\/revistaenfoquepolitico.com\/index.php\/wp-json\/wp\/v2\/categories?post=1438"},{"taxonomy":"post_tag","embeddable":true,"href":"https:\/\/revistaenfoquepolitico.com\/index.php\/wp-json\/wp\/v2\/tags?post=1438"}],"curies":[{"name":"wp","href":"https:\/\/api.w.org\/{rel}","templated":true}]}}