{"id":1484,"date":"2024-07-29T01:17:29","date_gmt":"2024-07-29T01:17:29","guid":{"rendered":"https:\/\/revistaenfoquepolitico.com\/?p=1484"},"modified":"2024-07-29T01:17:29","modified_gmt":"2024-07-29T01:17:29","slug":"mariana-seone-y-chico-che-chico-pusieron-el-ambiente-en-el-tradicional-bano-popular-de-santa-ana-2024","status":"publish","type":"post","link":"https:\/\/revistaenfoquepolitico.com\/index.php\/2024\/07\/29\/mariana-seone-y-chico-che-chico-pusieron-el-ambiente-en-el-tradicional-bano-popular-de-santa-ana-2024\/","title":{"rendered":"MARIANA SEONE Y CHICO CHE CHICO PUSIERON EL AMBIENTE EN EL TRADICIONAL BA\u00d1O POPULAR DE SANTA ANA 2024"},"content":{"rendered":"<div dir=\"auto\"><strong>HOY EN LA NOCHE ELM TERCER GRAN CONCIERTO CON LUIS \u00c1NGEL \u00abEL FLACO\u00bb, Y MA\u00d1ANA EL GRAN CIERRE DE LAS FIESTAS DE SANTA ANA 2024 CON GLORIA TREVI<\/strong><\/div>\n<div dir=\"auto\"><\/div>\n<div dir=\"auto\">Boca del R\u00edo, Ver., 27 de julio de 2024<\/div>\n<div dir=\"auto\"><\/div>\n<div dir=\"auto\"><\/div>\n<div dir=\"auto\">\n<div dir=\"auto\" style=\"text-align: justify;\">La celebraci\u00f3n del tradicional Ba\u00f1o Popular de Santa Ana 2024 comenz\u00f3 desde temprana hora, con locales y <img loading=\"lazy\" decoding=\"async\" class=\"alignleft size-medium wp-image-1489\" src=\"https:\/\/revistaenfoquepolitico.com\/wp-content\/uploads\/2024\/07\/JM-SOANE-5-300x200.jpg\" alt=\"\" width=\"300\" height=\"200\" \/>visitantes congreg\u00e1ndose para disfrutar y participar en la fiesta patronal. Este evento, atrajo a una gran multitud que se sumergi\u00f3 en el esp\u00edritu festivo, de alegr\u00eda y convivencia.<\/div>\n<div dir=\"auto\" style=\"text-align: justify;\"><\/div>\n<div dir=\"auto\" style=\"text-align: justify;\">\u201cTenemos invitados de lujo. Hoy el Ayuntamiento de Boca del R\u00edo les trae dos grandes padrinos, as\u00ed que a disfrutar\u201d, expres\u00f3 el alcalde Juan Manuel Un\u00e1nue Abascal.<\/div>\n<div dir=\"auto\" style=\"text-align: justify;\"><\/div>\n<div dir=\"auto\" style=\"text-align: justify;\">En esta nueva edici\u00f3n, los padrinos de lujo fueron la actriz y cantante Mariana Seoane y el int\u00e9rprete Chico Che Chico, quienes adem\u00e1s deleitaron a los presentes con incre\u00edble concierto. Previamente, recibieron reconocimiento por parte del presidente municipal y la presidenta del DIF boque\u00f1o.<\/div>\n<div dir=\"auto\" style=\"text-align: justify;\"><\/div>\n<div dir=\"auto\" style=\"text-align: justify;\"><img loading=\"lazy\" decoding=\"async\" class=\"alignright size-medium wp-image-1486\" src=\"https:\/\/revistaenfoquepolitico.com\/wp-content\/uploads\/2024\/07\/JM-SOANE-2-300x200.jpg\" alt=\"\" width=\"300\" height=\"200\" \/>\u201cFeliz de regresar a estas fiestas y traer esa alegr\u00eda mi gente hermosa por que los quiero mucho\u201d, dijo la Reyna de la Cumbia.<\/div>\n<div dir=\"auto\" style=\"text-align: justify;\"><\/div>\n<div dir=\"auto\" style=\"text-align: justify;\">Por su parte Chico Che Chico dijo estar \u201cmuy contento por segunda vez en lugar tan bonito, muy agradecido por la invitaci\u00f3n, vamos a bailar y cantar y recordar los \u00e9xitos\u201d.<\/div>\n<div dir=\"auto\" style=\"text-align: justify;\"><\/div>\n<div dir=\"auto\" style=\"text-align: justify;\">Los asistentes, con sus trajes de ba\u00f1o o ropa c\u00f3moda, se reunieron en las orillas del escenario que se ubic\u00f3 en la Plaza C\u00edvica Benito Ju\u00e1rez, listos para refrescarse y disfrutar de la m\u00fasica y el entusiasmo de los animadores.<\/div>\n<div dir=\"auto\" style=\"text-align: justify;\"><\/div>\n<div dir=\"auto\" style=\"text-align: justify;\"><img loading=\"lazy\" decoding=\"async\" class=\"alignleft size-medium wp-image-1487\" src=\"https:\/\/revistaenfoquepolitico.com\/wp-content\/uploads\/2024\/07\/JM-SOANE-3-300x200.jpg\" alt=\"\" width=\"300\" height=\"200\" \/>Minutos despu\u00e9s, arribaron al escenario la Doncella del Mar 2024; Mar\u00eda Rosalin Cruz Barrientos, Princesa Primera; In\u00e9s de Jes\u00fas Mart\u00ednez Esmediche, Princesa Segunda; Ingrid D\u00edaz G\u00f3mez y el Trit\u00f3n 2024; \u00c1ngel Gabriel Delf\u00edn Molina; par dar paso al primer chorro de agua por parte del alcalde boque\u00f1o y comenzar la gran fiesta del Ba\u00f1o Popular.<\/div>\n<div dir=\"auto\" style=\"text-align: justify;\"><\/div>\n<div dir=\"auto\" style=\"text-align: justify;\">El Ba\u00f1o Popular no solo es una oportunidad para disfrutar del agua y el sol, sino tambi\u00e9n para fortalecer los lazos comunitarios y celebrar la rica tradici\u00f3n cultural de Boca del R\u00edo.<\/div>\n<div dir=\"auto\" style=\"text-align: justify;\"><\/div>\n<div dir=\"auto\" style=\"text-align: justify;\"><img loading=\"lazy\" decoding=\"async\" class=\"alignright size-medium wp-image-1485\" src=\"https:\/\/revistaenfoquepolitico.com\/wp-content\/uploads\/2024\/07\/JM-SOANE-1-300x200.jpg\" alt=\"\" width=\"300\" height=\"200\" \/>Las autoridades municipales se aseguraron de que todo transcurriera de manera segura y ordenada, permitiendo que todos los asistentes pudieran gozar plenamente de esta ic\u00f3nica celebraci\u00f3n.<\/div>\n<div dir=\"auto\" style=\"text-align: justify;\"><\/div>\n<div dir=\"auto\" style=\"text-align: justify;\">Con este evento se reafirma el compromiso del presidente municipal, Juan Manuel Un\u00e1nue Abascal y del Ayuntamiento, por mantener vivas sus tradiciones. Las Fiestas de Santa Ana contin\u00faan siendo un referente de la identidad y el patrimonio cultural de los boque\u00f1os.<\/div>\n<div dir=\"auto\" style=\"text-align: justify;\"><\/div>\n<div dir=\"auto\"><\/div>\n<div dir=\"auto\" style=\"text-align: justify;\"><strong>*PROGRAMA DOMINGO 28 DE JULIO*<\/strong><\/div>\n<div dir=\"auto\" style=\"text-align: justify;\">18 hrs. Torito Gigante<\/div>\n<div dir=\"auto\" style=\"text-align: justify;\">Lugar: Plaza C\u00edvica<\/div>\n<div dir=\"auto\" style=\"text-align: justify;\"><\/div>\n<div dir=\"auto\" style=\"text-align: justify;\">22 hrs. Cuarto Magno Concierto: Gloria Trevi<\/div>\n<div dir=\"auto\" style=\"text-align: justify;\">Lugar: Plaza C\u00edvica<\/div>\n<div dir=\"auto\" style=\"text-align: justify;\"><\/div>\n<p>Para conocer el programa de actividades, pueden hacerlo a trav\u00e9s de las redes sociales oficiales del Ayuntamiento de Boca del R\u00edo; www.facebook.com\/MpioBocadelRio, X: @_BocadelRio e Instagram: @bocadelrio.ver<\/p><\/div>\n<div dir=\"auto\"><img loading=\"lazy\" decoding=\"async\" class=\"alignleft size-medium wp-image-1490\" src=\"https:\/\/revistaenfoquepolitico.com\/wp-content\/uploads\/2024\/07\/JM-SOANE-6-300x200.jpg\" alt=\"\" width=\"300\" height=\"200\" \/><img loading=\"lazy\" decoding=\"async\" class=\"alignright size-medium wp-image-1491\" src=\"https:\/\/revistaenfoquepolitico.com\/wp-content\/uploads\/2024\/07\/JM-SOANE-7-300x200.jpg\" alt=\"\" width=\"300\" height=\"200\" \/><\/div>\n<div dir=\"auto\"><\/div>\n<div dir=\"auto\"><\/div>\n<div dir=\"auto\"><\/div>\n<div dir=\"auto\"><\/div>\n<div dir=\"auto\"><\/div>\n<div dir=\"auto\"><\/div>\n<div dir=\"auto\"><\/div>\n<div dir=\"auto\"><\/div>\n<div dir=\"auto\"><\/div>\n","protected":false},"excerpt":{"rendered":"<p>HOY EN LA NOCHE ELM TERCER GRAN CONCIERTO CON LUIS \u00c1NGEL \u00abEL FLACO\u00bb, Y MA\u00d1ANA EL GRAN CIERRE DE LAS FIESTAS DE SANTA ANA 2024 CON GLORIA TREVI Boca del R\u00edo, Ver., 27 de julio de 2024 La celebraci\u00f3n del tradicional Ba\u00f1o Popular de Santa Ana 2024 comenz\u00f3 desde temprana hora, con locales y visitantes [&hellip;]<\/p>\n","protected":false},"author":1,"featured_media":0,"comment_status":"closed","ping_status":"closed","sticky":false,"template":"","format":"standard","meta":{"_jetpack_memberships_contains_paid_content":false,"footnotes":"","jetpack_publicize_message":"","jetpack_publicize_feature_enabled":true,"jetpack_social_post_already_shared":false,"jetpack_social_options":{"image_generator_settings":{"template":"highway","default_image_id":0,"font":"","enabled":false},"version":2}},"categories":[4],"tags":[15],"class_list":["post-1484","post","type-post","status-publish","format-standard","hentry","category-noticia-politica","tag-jm-alcalde-2024"],"jetpack_publicize_connections":[],"jetpack_featured_media_url":"","jetpack_sharing_enabled":true,"_links":{"self":[{"href":"https:\/\/revistaenfoquepolitico.com\/index.php\/wp-json\/wp\/v2\/posts\/1484","targetHints":{"allow":["GET"]}}],"collection":[{"href":"https:\/\/revistaenfoquepolitico.com\/index.php\/wp-json\/wp\/v2\/posts"}],"about":[{"href":"https:\/\/revistaenfoquepolitico.com\/index.php\/wp-json\/wp\/v2\/types\/post"}],"author":[{"embeddable":true,"href":"https:\/\/revistaenfoquepolitico.com\/index.php\/wp-json\/wp\/v2\/users\/1"}],"replies":[{"embeddable":true,"href":"https:\/\/revistaenfoquepolitico.com\/index.php\/wp-json\/wp\/v2\/comments?post=1484"}],"version-history":[{"count":1,"href":"https:\/\/revistaenfoquepolitico.com\/index.php\/wp-json\/wp\/v2\/posts\/1484\/revisions"}],"predecessor-version":[{"id":1492,"href":"https:\/\/revistaenfoquepolitico.com\/index.php\/wp-json\/wp\/v2\/posts\/1484\/revisions\/1492"}],"wp:attachment":[{"href":"https:\/\/revistaenfoquepolitico.com\/index.php\/wp-json\/wp\/v2\/media?parent=1484"}],"wp:term":[{"taxonomy":"category","embeddable":true,"href":"https:\/\/revistaenfoquepolitico.com\/index.php\/wp-json\/wp\/v2\/categories?post=1484"},{"taxonomy":"post_tag","embeddable":true,"href":"https:\/\/revistaenfoquepolitico.com\/index.php\/wp-json\/wp\/v2\/tags?post=1484"}],"curies":[{"name":"wp","href":"https:\/\/api.w.org\/{rel}","templated":true}]}}