{"id":1493,"date":"2024-07-29T01:52:10","date_gmt":"2024-07-29T01:52:10","guid":{"rendered":"https:\/\/revistaenfoquepolitico.com\/?p=1493"},"modified":"2024-07-29T01:52:10","modified_gmt":"2024-07-29T01:52:10","slug":"con-un-lleno-hasta-las-lamparas-luis-angel-el-flaco-canto-con-el-corazon-en-el-penultimo-dia-de-santa-ana-2024","status":"publish","type":"post","link":"https:\/\/revistaenfoquepolitico.com\/index.php\/2024\/07\/29\/con-un-lleno-hasta-las-lamparas-luis-angel-el-flaco-canto-con-el-corazon-en-el-penultimo-dia-de-santa-ana-2024\/","title":{"rendered":"CON UN LLENO HASTA LAS L\u00c1MPARAS, LUIS \u00c1NGEL \u00abEL FLACO\u00bb CANT\u00d3 CON EL CORAZ\u00d3N EN EL PEN\u00daLTIMO D\u00cdA DE SANTA ANA 2024"},"content":{"rendered":"<div dir=\"auto\"><strong>LA PLAZA C\u00cdVICA BENITO JU\u00c1REZ LUCI\u00d3 REPLETA DE BOQUE\u00d1OS Y VISITANTES QUE DISFRUTARON DE TA COLORIDO CONCIERTO DE M\u00daSICA BANDA<\/strong><\/div>\n<div dir=\"auto\"><\/div>\n<div dir=\"auto\">Boca del R\u00edo, Ver., 28 de julio de 2024<\/div>\n<div dir=\"auto\"><\/div>\n<div dir=\"auto\">\n<div dir=\"auto\" style=\"text-align: justify;\">Con 25 a\u00f1os de una destacada carrera en la m\u00fasica mexicana, Luis \u00c1ngel \u201cEl Flaco\u201d, lleg\u00f3 con gran \u00e9xito a las Fiestas de Santa 2024; uno de los magnos conciertos masivos m\u00e1s esperados.<\/div>\n<div dir=\"auto\" style=\"text-align: justify;\"><\/div>\n<div dir=\"auto\" style=\"text-align: justify;\"><img loading=\"lazy\" decoding=\"async\" class=\"alignleft size-medium wp-image-1495\" src=\"https:\/\/revistaenfoquepolitico.com\/wp-content\/uploads\/2024\/07\/JM-EL-FLACO-2-300x200.jpg\" alt=\"\" width=\"300\" height=\"200\" \/>Previo a su presentaci\u00f3n, el alcalde de Boca del R\u00edo, Juan Manuel Un\u00e1nue Abascal y su esposa la se\u00f1ora Melina Rivera de Un\u00e1nue, recibieron al sinaloense reiter\u00e1ndole el cari\u00f1o y admiraci\u00f3n del pueblo boque\u00f1o a su persona.<\/div>\n<div dir=\"auto\" style=\"text-align: justify;\"><\/div>\n<div dir=\"auto\" style=\"text-align: justify;\">Adem\u00e1s, el presidente municipal le entreg\u00f3 su reconocimiento por su destacada participaci\u00f3n en la fiesta patronal boque\u00f1a.<\/div>\n<div dir=\"auto\" style=\"text-align: justify;\"><\/div>\n<div dir=\"auto\" style=\"text-align: justify;\">Desde horas antes a la cita, locales y visitantes se apostaron en la Plaza C\u00edvica Benito Ju\u00e1rez de la cabecera municipal, para apartar su lugar y deleitarse con el espect\u00e1culo que el Ayuntamiento de Boca del R\u00edo trajo para todos.<\/div>\n<div dir=\"auto\" style=\"text-align: justify;\"><\/div>\n<div dir=\"auto\" style=\"text-align: justify;\"><img loading=\"lazy\" decoding=\"async\" class=\"alignright size-medium wp-image-1496\" src=\"https:\/\/revistaenfoquepolitico.com\/wp-content\/uploads\/2024\/07\/JM-EL-FLACO-3-300x200.jpg\" alt=\"\" width=\"300\" height=\"200\" \/>\u201c\u00a1Flaco, flaco, flaco! (gritaban los boque\u00f1os)\u201d y en respuesta Luis \u00c1ngel dijo: \u201cQu\u00e9 bonito regresar a tierras veracruzanas, muchas gracias a todos y a cada uno de los que est\u00e1n esta noche, con cari\u00f1o gracias de verdad, este es un evento cien por ciento familiar\u201d.<\/div>\n<div dir=\"auto\" style=\"text-align: justify;\"><\/div>\n<div dir=\"auto\" style=\"text-align: justify;\">Con los primeros acordes de su banda, inmediatamente su talento vocal y su capacidad interpretativa se mostr\u00f3 ante los miles de asistentes que inmediatamente corearon a la par sus grandes \u00e9xitos.<\/div>\n<div dir=\"auto\" style=\"text-align: justify;\"><\/div>\n<div dir=\"auto\" style=\"text-align: justify;\">Entre las canciones ovacionadas fueron \u201cAc\u00e1beme de matar\u201d y \u201cY si se quiere ir\u201d, que retumbaron en toda la plaza y cantadas con intensidad por todos los presentes.<\/div>\n<div dir=\"auto\" style=\"text-align: justify;\"><\/div>\n<div dir=\"auto\" style=\"text-align: justify;\">\u201cEl Flaco\u201d, actualmente es un cantante del Regional Mexicano multipremiado y reconocido no solo en el pa\u00eds, sino a nivel internacional y es que su m\u00fasica a encontrado m\u00faltiples significados; alegr\u00eda, amor y nostalgia.<\/div>\n<div dir=\"auto\" style=\"text-align: justify;\"><\/div>\n<div dir=\"auto\" style=\"text-align: justify;\">*\u00daLTIMO D\u00cdA DE ACTIVIDADES DOMINGO 28 DE JULIO*<\/div>\n<div dir=\"auto\" style=\"text-align: justify;\">18 hrs. Torito Gigante<\/div>\n<div dir=\"auto\" style=\"text-align: justify;\">Lugar: Plaza C\u00edvica<\/div>\n<div dir=\"auto\" style=\"text-align: justify;\">22 hrs. Cuarto Magno Concierto: Gloria Trevi<\/div>\n<p>Lugar: Plaza C\u00edvica<\/p><\/div>\n<div dir=\"auto\"><img loading=\"lazy\" decoding=\"async\" class=\"alignleft size-medium wp-image-1497\" src=\"https:\/\/revistaenfoquepolitico.com\/wp-content\/uploads\/2024\/07\/JM-EL-FLACO-4-300x200.jpg\" alt=\"\" width=\"300\" height=\"200\" \/><img loading=\"lazy\" decoding=\"async\" class=\"alignright size-medium wp-image-1498\" src=\"https:\/\/revistaenfoquepolitico.com\/wp-content\/uploads\/2024\/07\/JM-EL-FLACO-5-300x200.jpg\" alt=\"\" width=\"300\" height=\"200\" \/><\/div>\n<div dir=\"auto\"><\/div>\n<div dir=\"auto\"><\/div>\n<div dir=\"auto\"><\/div>\n<div dir=\"auto\"><\/div>\n<div dir=\"auto\"><\/div>\n<div dir=\"auto\"><\/div>\n<div dir=\"auto\"><\/div>\n<div dir=\"auto\"><\/div>\n<div dir=\"auto\"><\/div>\n<div dir=\"auto\"><img loading=\"lazy\" decoding=\"async\" class=\"alignleft size-medium wp-image-1499\" src=\"https:\/\/revistaenfoquepolitico.com\/wp-content\/uploads\/2024\/07\/JM-EL-FLACO-6-300x200.jpg\" alt=\"\" width=\"300\" height=\"200\" \/><img loading=\"lazy\" decoding=\"async\" class=\"alignright size-medium wp-image-1500\" src=\"https:\/\/revistaenfoquepolitico.com\/wp-content\/uploads\/2024\/07\/JM-EL-FLACO-7-300x200.jpg\" alt=\"\" width=\"300\" height=\"200\" \/><\/div>\n<div dir=\"auto\"><\/div>\n<div dir=\"auto\"><\/div>\n<div dir=\"auto\"><\/div>\n<div dir=\"auto\"><\/div>\n<div dir=\"auto\"><\/div>\n<div dir=\"auto\"><\/div>\n<div dir=\"auto\"><\/div>\n<div dir=\"auto\"><\/div>\n<div dir=\"auto\"><\/div>\n<div dir=\"auto\"><\/div>\n<div id=\"x_ms-outlook-mobile-signature\" dir=\"auto\">\n<div style=\"text-align: justify;\"><\/div>\n<\/div>\n","protected":false},"excerpt":{"rendered":"<p>LA PLAZA C\u00cdVICA BENITO JU\u00c1REZ LUCI\u00d3 REPLETA DE BOQUE\u00d1OS Y VISITANTES QUE DISFRUTARON DE TA COLORIDO CONCIERTO DE M\u00daSICA BANDA Boca del R\u00edo, Ver., 28 de julio de 2024 Con 25 a\u00f1os de una destacada carrera en la m\u00fasica mexicana, Luis \u00c1ngel \u201cEl Flaco\u201d, lleg\u00f3 con gran \u00e9xito a las Fiestas de Santa 2024; uno [&hellip;]<\/p>\n","protected":false},"author":1,"featured_media":0,"comment_status":"closed","ping_status":"closed","sticky":false,"template":"","format":"standard","meta":{"_jetpack_memberships_contains_paid_content":false,"footnotes":"","jetpack_publicize_message":"","jetpack_publicize_feature_enabled":true,"jetpack_social_post_already_shared":false,"jetpack_social_options":{"image_generator_settings":{"template":"highway","default_image_id":0,"font":"","enabled":false},"version":2}},"categories":[4],"tags":[15],"class_list":["post-1493","post","type-post","status-publish","format-standard","hentry","category-noticia-politica","tag-jm-alcalde-2024"],"jetpack_publicize_connections":[],"jetpack_featured_media_url":"","jetpack_sharing_enabled":true,"_links":{"self":[{"href":"https:\/\/revistaenfoquepolitico.com\/index.php\/wp-json\/wp\/v2\/posts\/1493","targetHints":{"allow":["GET"]}}],"collection":[{"href":"https:\/\/revistaenfoquepolitico.com\/index.php\/wp-json\/wp\/v2\/posts"}],"about":[{"href":"https:\/\/revistaenfoquepolitico.com\/index.php\/wp-json\/wp\/v2\/types\/post"}],"author":[{"embeddable":true,"href":"https:\/\/revistaenfoquepolitico.com\/index.php\/wp-json\/wp\/v2\/users\/1"}],"replies":[{"embeddable":true,"href":"https:\/\/revistaenfoquepolitico.com\/index.php\/wp-json\/wp\/v2\/comments?post=1493"}],"version-history":[{"count":1,"href":"https:\/\/revistaenfoquepolitico.com\/index.php\/wp-json\/wp\/v2\/posts\/1493\/revisions"}],"predecessor-version":[{"id":1501,"href":"https:\/\/revistaenfoquepolitico.com\/index.php\/wp-json\/wp\/v2\/posts\/1493\/revisions\/1501"}],"wp:attachment":[{"href":"https:\/\/revistaenfoquepolitico.com\/index.php\/wp-json\/wp\/v2\/media?parent=1493"}],"wp:term":[{"taxonomy":"category","embeddable":true,"href":"https:\/\/revistaenfoquepolitico.com\/index.php\/wp-json\/wp\/v2\/categories?post=1493"},{"taxonomy":"post_tag","embeddable":true,"href":"https:\/\/revistaenfoquepolitico.com\/index.php\/wp-json\/wp\/v2\/tags?post=1493"}],"curies":[{"name":"wp","href":"https:\/\/api.w.org\/{rel}","templated":true}]}}