{"id":1539,"date":"2024-08-01T02:35:07","date_gmt":"2024-08-01T02:35:07","guid":{"rendered":"https:\/\/revistaenfoquepolitico.com\/?p=1539"},"modified":"2024-08-01T02:35:07","modified_gmt":"2024-08-01T02:35:07","slug":"alcalde-jm-unanue-repavimentara-la-calle-mar-del-norte-en-el-fracc-costa-verde","status":"publish","type":"post","link":"https:\/\/revistaenfoquepolitico.com\/index.php\/2024\/08\/01\/alcalde-jm-unanue-repavimentara-la-calle-mar-del-norte-en-el-fracc-costa-verde\/","title":{"rendered":"ALCALDE JM UN\u00c1NUE REPAVIMENTAR\u00c1 LA CALLE MAR DEL NORTE EN EL FRACC. COSTA VERDE"},"content":{"rendered":"<div dir=\"auto\"><strong>DICHA OBRA DE REPAVIMENTACI\u00d3N QUE INICIAR\u00c1 EN LOS PR\u00d3XIMOS D\u00cdAS, BENEFICIAR\u00c1 DIRECTAMENTE A M\u00c1S DE 3 MIL CIUDADANOS QUE DIARIAMENTE TRANSITEN POR ESTA ZONA<\/strong><\/div>\n<div dir=\"auto\"><\/div>\n<div dir=\"auto\">Boca del R\u00edo, Ver., 31 de julio de 2024<\/div>\n<div dir=\"auto\"><\/div>\n<div dir=\"auto\">\n<div dir=\"auto\"><\/div>\n<div dir=\"auto\" style=\"text-align: justify;\">La ma\u00f1ana de este mi\u00e9rcoles, el alcalde de Boca del R\u00edo, Juan Manuel Un\u00e1nue Abascal, recorri\u00f3 la calle Mar del Norte en el fraccionamiento Costa verde, donde en pr\u00f3ximos d\u00edas iniciar\u00e1 la obra de repavimentaci\u00f3n en concreto asf\u00e1ltico.<\/div>\n<div dir=\"auto\" style=\"text-align: justify;\"><\/div>\n<div dir=\"auto\" style=\"text-align: justify;\"><img loading=\"lazy\" decoding=\"async\" class=\"alignleft size-medium wp-image-1541\" src=\"https:\/\/revistaenfoquepolitico.com\/wp-content\/uploads\/2024\/08\/JM-COSTA-VERDE-2-300x258.jpg\" alt=\"\" width=\"300\" height=\"258\" \/>\u201cRecorrimos la calle Mar del Norte entre la calzada Costa Verde y Jes\u00fas Reyes Heroles, donde en los pr\u00f3ximos d\u00edas se iniciar\u00e1 las obras de repavimentaci\u00f3n para mejorar el traslado de las personas que a diario se desplazan por esta importante zona de la ciudad\u201d, mencion\u00f3 el edil.<\/div>\n<div dir=\"auto\" style=\"text-align: justify;\"><\/div>\n<div dir=\"auto\" style=\"text-align: justify;\">Con esta acci\u00f3n que realiza el Ayuntamiento de Boca del R\u00edo, se beneficiar\u00e1n directamente a m\u00e1s de 3 mil boque\u00f1os que transiten por esta importante v\u00eda de comunicaci\u00f3n.<\/div>\n<div dir=\"auto\" style=\"text-align: justify;\"><\/div>\n<div dir=\"auto\" style=\"text-align: justify;\">Al recorrer la zona que ser\u00e1 intervenida, Un\u00e1nue Abascal, convers\u00f3 con vecinos y locatarios, quienes agradecieron el inicio de la obra, la cual generar\u00e1 una movilidad \u00e1gil y segura.<\/div>\n<div dir=\"auto\" style=\"text-align: justify;\"><\/div>\n<div dir=\"auto\" style=\"text-align: justify;\"><img loading=\"lazy\" decoding=\"async\" class=\"alignright size-medium wp-image-1542\" src=\"https:\/\/revistaenfoquepolitico.com\/wp-content\/uploads\/2024\/08\/JM-COSTA-VERDE-3-300x200.jpg\" alt=\"\" width=\"300\" height=\"200\" \/>Ser\u00e1n repavimentados mas de 5 mil metros cuadrados con concreto asf\u00e1ltico, adem\u00e1s de contar con se\u00f1al\u00e9tica vial horizontal, mediante pintura especial.<\/div>\n<div dir=\"auto\" style=\"text-align: justify;\"><\/div>\n<div dir=\"auto\" style=\"text-align: justify;\">M\u00e1s de 2 mil metros lineales de aplicaci\u00f3n de pintura especial para se\u00f1alamiento en pavimento y guarniciones con distintos anchos (l\u00edneas discontinuas y guarniciones).<\/div>\n<div dir=\"auto\" style=\"text-align: justify;\"><\/div>\n<div dir=\"auto\" style=\"text-align: justify;\">De igual forma se realizar\u00e1n m\u00e1s de 200 metros cuadrados de aplicaci\u00f3n de pintura especial para se\u00f1alamiento en pasos peatonales y 48 piezas de se\u00f1alamiento direccional.<\/div>\n<div dir=\"auto\" style=\"text-align: justify;\"><\/div>\n<div dir=\"auto\" style=\"text-align: justify;\"><strong>*PROGRAMA PERMANENTE DE BACHEO*<\/strong><\/div>\n<div dir=\"auto\" style=\"text-align: justify;\"><\/div>\n<div dir=\"auto\" style=\"text-align: justify;\">Asimismo, el presidente municipal agreg\u00f3 que a la par de esta obra, se contin\u00faa implementando el Programa Permanente de Bacheo 2024.<\/div>\n<div dir=\"auto\" style=\"text-align: justify;\"><\/div>\n<div dir=\"auto\" style=\"text-align: justify;\">Reiterando que todos los reportes ciudadanos son atendidos por las cuadrillas de bacheo, dando puntual atenci\u00f3n a colonias y fraccionamientos que as\u00ed lo requieran.<\/div>\n<div dir=\"auto\" style=\"text-align: justify;\"><\/div>\n<p>Finalmente, Juan Manuel Un\u00e1nue Abascal, reiter\u00f3 que su compromiso es servir puntualmente a los boque\u00f1os, por lo que continuamente a trav\u00e9s de las diferentes direcciones o de forma personal, atiende todo tipo de solicitudes para darles puntual respuesta.<\/p><\/div>\n<div dir=\"auto\"><img loading=\"lazy\" decoding=\"async\" class=\"aligncenter size-medium wp-image-1543\" src=\"https:\/\/revistaenfoquepolitico.com\/wp-content\/uploads\/2024\/08\/JM-COSTA-VERDE-4-300x200.jpg\" alt=\"\" width=\"300\" height=\"200\" \/><\/div>\n<div dir=\"auto\"><\/div>\n<div dir=\"auto\"><\/div>\n<div dir=\"auto\"><\/div>\n<div dir=\"auto\"><\/div>\n<div dir=\"auto\"><\/div>\n<div dir=\"auto\"><\/div>\n<div dir=\"auto\"><\/div>\n<div dir=\"auto\"><\/div>\n<div dir=\"auto\"><\/div>\n<div dir=\"auto\"><\/div>\n<div dir=\"auto\"><\/div>\n<div id=\"x_ms-outlook-mobile-signature\" dir=\"auto\">\n<div style=\"text-align: justify;\"><\/div>\n<\/div>\n","protected":false},"excerpt":{"rendered":"<p>DICHA OBRA DE REPAVIMENTACI\u00d3N QUE INICIAR\u00c1 EN LOS PR\u00d3XIMOS D\u00cdAS, BENEFICIAR\u00c1 DIRECTAMENTE A M\u00c1S DE 3 MIL CIUDADANOS QUE DIARIAMENTE TRANSITEN POR ESTA ZONA Boca del R\u00edo, Ver., 31 de julio de 2024 La ma\u00f1ana de este mi\u00e9rcoles, el alcalde de Boca del R\u00edo, Juan Manuel Un\u00e1nue Abascal, recorri\u00f3 la calle Mar del Norte en [&hellip;]<\/p>\n","protected":false},"author":1,"featured_media":0,"comment_status":"closed","ping_status":"closed","sticky":false,"template":"","format":"standard","meta":{"_jetpack_memberships_contains_paid_content":false,"footnotes":"","jetpack_publicize_message":"","jetpack_publicize_feature_enabled":true,"jetpack_social_post_already_shared":false,"jetpack_social_options":{"image_generator_settings":{"template":"highway","default_image_id":0,"font":"","enabled":false},"version":2}},"categories":[4],"tags":[15],"class_list":["post-1539","post","type-post","status-publish","format-standard","hentry","category-noticia-politica","tag-jm-alcalde-2024"],"jetpack_publicize_connections":[],"jetpack_featured_media_url":"","jetpack_sharing_enabled":true,"_links":{"self":[{"href":"https:\/\/revistaenfoquepolitico.com\/index.php\/wp-json\/wp\/v2\/posts\/1539","targetHints":{"allow":["GET"]}}],"collection":[{"href":"https:\/\/revistaenfoquepolitico.com\/index.php\/wp-json\/wp\/v2\/posts"}],"about":[{"href":"https:\/\/revistaenfoquepolitico.com\/index.php\/wp-json\/wp\/v2\/types\/post"}],"author":[{"embeddable":true,"href":"https:\/\/revistaenfoquepolitico.com\/index.php\/wp-json\/wp\/v2\/users\/1"}],"replies":[{"embeddable":true,"href":"https:\/\/revistaenfoquepolitico.com\/index.php\/wp-json\/wp\/v2\/comments?post=1539"}],"version-history":[{"count":1,"href":"https:\/\/revistaenfoquepolitico.com\/index.php\/wp-json\/wp\/v2\/posts\/1539\/revisions"}],"predecessor-version":[{"id":1544,"href":"https:\/\/revistaenfoquepolitico.com\/index.php\/wp-json\/wp\/v2\/posts\/1539\/revisions\/1544"}],"wp:attachment":[{"href":"https:\/\/revistaenfoquepolitico.com\/index.php\/wp-json\/wp\/v2\/media?parent=1539"}],"wp:term":[{"taxonomy":"category","embeddable":true,"href":"https:\/\/revistaenfoquepolitico.com\/index.php\/wp-json\/wp\/v2\/categories?post=1539"},{"taxonomy":"post_tag","embeddable":true,"href":"https:\/\/revistaenfoquepolitico.com\/index.php\/wp-json\/wp\/v2\/tags?post=1539"}],"curies":[{"name":"wp","href":"https:\/\/api.w.org\/{rel}","templated":true}]}}