{"id":1579,"date":"2024-08-13T04:23:30","date_gmt":"2024-08-13T04:23:30","guid":{"rendered":"https:\/\/revistaenfoquepolitico.com\/?p=1579"},"modified":"2024-08-13T04:23:30","modified_gmt":"2024-08-13T04:23:30","slug":"alcalde-jm-unanue-continua-apoyando-a-escuelas-publicas-con-la-rehabilitacion-de-domos","status":"publish","type":"post","link":"https:\/\/revistaenfoquepolitico.com\/index.php\/2024\/08\/13\/alcalde-jm-unanue-continua-apoyando-a-escuelas-publicas-con-la-rehabilitacion-de-domos\/","title":{"rendered":"ALCALDE JM UN\u00c1NUE CONTIN\u00daA APOYANDO A ESCUELAS P\u00daBLICAS CON LA REHABILITACI\u00d3N DE DOMOS"},"content":{"rendered":"<div dir=\"auto\"><strong>*DIO A CONOCER QUE EL DOMO DE LA ESCUELA PRIMARIA CUAUHTEM\u00d3C EN LA COLONIA RICARDO FLORES MAG\u00d3N YA SE EST\u00c1 REHABILITANDO*<\/strong><\/div>\n<div dir=\"auto\"><\/div>\n<div dir=\"auto\">Boca del R\u00edo, Ver., 12 de agosto de 2024<\/div>\n<div dir=\"auto\"><\/div>\n<div dir=\"auto\">\n<div dir=\"auto\" style=\"text-align: justify;\">Con un intenso trabajo en beneficio de los boque\u00f1os, el alcalde Juan Manuel Un\u00e1nue Abascal, supervis\u00f3 los trabajos de rehabilitaci\u00f3n de un domo m\u00e1s, en esta ocasi\u00f3n el de la Escuela Primaria Cuauht\u00e9moc de la colonia Ricardo Flores Mag\u00f3n.<\/div>\n<div dir=\"auto\" style=\"text-align: justify;\"><\/div>\n<div dir=\"auto\" style=\"text-align: justify;\"><img loading=\"lazy\" decoding=\"async\" class=\"alignleft size-medium wp-image-1581\" src=\"https:\/\/revistaenfoquepolitico.com\/wp-content\/uploads\/2024\/08\/JM-DOMOS-2-300x200.jpg\" alt=\"\" width=\"300\" height=\"200\" \/>\u201cEsta ma\u00f1ana recorr\u00ed la Escuela Primaria Cuauht\u00e9moc en la Colonia Flores Mag\u00f3n, donde estamos rehabilitando su domo para que los estudiantes puedan realizar en un mejor espacio sus actividades deportivas y al aire libre; como parte del programa de mejora que estamos realizando en distintas escuelas de la ciudad\u201d, destac\u00f3 el edil.<\/div>\n<div dir=\"auto\" style=\"text-align: justify;\"><\/div>\n<div dir=\"auto\" style=\"text-align: justify;\">La presente obra consiste en la rehabilitaci\u00f3n del techado del \u00e1rea donde se imparte educaci\u00f3n f\u00edsica, mediante renovaci\u00f3n de piezas estructurales y pintura, en la que se ver\u00e1n beneficiadas m\u00e1s de 500 personas entre alumnado, personal docente y administrativo.<\/div>\n<div dir=\"auto\" style=\"text-align: justify;\"><\/div>\n<div dir=\"auto\" style=\"text-align: justify;\">En la estructura se colocar\u00e1n m\u00e1s de dos mil kilogramos de acero estructural, incluy\u00e9ndose tensores y contraflambeos, as\u00ed como la instalaci\u00f3n de m\u00e1s de 300 metros cuadrados de cubierta a base de l\u00e1mina, adem\u00e1s de la aplicaci\u00f3n de 173 metros cuadrados de pintura especial para estructuras met\u00e1licas.<\/div>\n<\/div>\n<div dir=\"auto\"><img loading=\"lazy\" decoding=\"async\" class=\"aligncenter size-medium wp-image-1582\" src=\"https:\/\/revistaenfoquepolitico.com\/wp-content\/uploads\/2024\/08\/JM-DOMOS-3-300x200.jpg\" alt=\"\" width=\"300\" height=\"200\" \/><\/div>\n<div dir=\"auto\"><\/div>\n<div dir=\"auto\"><\/div>\n<div dir=\"auto\"><strong style=\"text-align: justify;\">*PLANTELES EDUCATIVOS BENEFICIADOS*<\/strong><\/div>\n<div dir=\"auto\">\n<div dir=\"auto\" style=\"text-align: justify;\"><\/div>\n<div dir=\"auto\"><\/div>\n<div dir=\"auto\" style=\"text-align: justify;\">En d\u00edas recientes, el presidente municipal puso en marcha la construcci\u00f3n de dos techados m\u00e1s, continu\u00e1ndose con el respaldo y mejora de espacios educativos de la ciudad.<\/div>\n<div dir=\"auto\" style=\"text-align: justify;\"><\/div>\n<div dir=\"auto\" style=\"text-align: justify;\">Se trata del Centro de Bachillerato T\u00e9cnico Industrial y de Servicios 79 \u201cMar\u00eda Soto La Marina\u201d de la colonia Primero de Mayo Norte y la Escuela Primaria Quetzalc\u00f3atl en la Colonia Carranza ll Secci\u00f3n.<\/div>\n<div dir=\"auto\" style=\"text-align: justify;\"><\/div>\n<p>Finalmente, el alcalde boque\u00f1o, Juan Manuel Un\u00e1nue Abascal, inform\u00f3 que la actual administraci\u00f3n invertir\u00e1 11 millones de pesos como parte del Plan de Obras 2024 para beneficiar a distintos planteles educativos de la ciudad.<\/p><\/div>\n<div id=\"x_ms-outlook-mobile-signature\" dir=\"auto\">\n<div style=\"text-align: justify;\"><\/div>\n<\/div>\n","protected":false},"excerpt":{"rendered":"<p>*DIO A CONOCER QUE EL DOMO DE LA ESCUELA PRIMARIA CUAUHTEM\u00d3C EN LA COLONIA RICARDO FLORES MAG\u00d3N YA SE EST\u00c1 REHABILITANDO* Boca del R\u00edo, Ver., 12 de agosto de 2024 Con un intenso trabajo en beneficio de los boque\u00f1os, el alcalde Juan Manuel Un\u00e1nue Abascal, supervis\u00f3 los trabajos de rehabilitaci\u00f3n de un domo m\u00e1s, en [&hellip;]<\/p>\n","protected":false},"author":1,"featured_media":0,"comment_status":"closed","ping_status":"closed","sticky":false,"template":"","format":"standard","meta":{"_jetpack_memberships_contains_paid_content":false,"footnotes":"","jetpack_publicize_message":"","jetpack_publicize_feature_enabled":true,"jetpack_social_post_already_shared":false,"jetpack_social_options":{"image_generator_settings":{"template":"highway","default_image_id":0,"font":"","enabled":false},"version":2}},"categories":[4],"tags":[15],"class_list":["post-1579","post","type-post","status-publish","format-standard","hentry","category-noticia-politica","tag-jm-alcalde-2024"],"jetpack_publicize_connections":[],"jetpack_featured_media_url":"","jetpack_sharing_enabled":true,"_links":{"self":[{"href":"https:\/\/revistaenfoquepolitico.com\/index.php\/wp-json\/wp\/v2\/posts\/1579","targetHints":{"allow":["GET"]}}],"collection":[{"href":"https:\/\/revistaenfoquepolitico.com\/index.php\/wp-json\/wp\/v2\/posts"}],"about":[{"href":"https:\/\/revistaenfoquepolitico.com\/index.php\/wp-json\/wp\/v2\/types\/post"}],"author":[{"embeddable":true,"href":"https:\/\/revistaenfoquepolitico.com\/index.php\/wp-json\/wp\/v2\/users\/1"}],"replies":[{"embeddable":true,"href":"https:\/\/revistaenfoquepolitico.com\/index.php\/wp-json\/wp\/v2\/comments?post=1579"}],"version-history":[{"count":1,"href":"https:\/\/revistaenfoquepolitico.com\/index.php\/wp-json\/wp\/v2\/posts\/1579\/revisions"}],"predecessor-version":[{"id":1583,"href":"https:\/\/revistaenfoquepolitico.com\/index.php\/wp-json\/wp\/v2\/posts\/1579\/revisions\/1583"}],"wp:attachment":[{"href":"https:\/\/revistaenfoquepolitico.com\/index.php\/wp-json\/wp\/v2\/media?parent=1579"}],"wp:term":[{"taxonomy":"category","embeddable":true,"href":"https:\/\/revistaenfoquepolitico.com\/index.php\/wp-json\/wp\/v2\/categories?post=1579"},{"taxonomy":"post_tag","embeddable":true,"href":"https:\/\/revistaenfoquepolitico.com\/index.php\/wp-json\/wp\/v2\/tags?post=1579"}],"curies":[{"name":"wp","href":"https:\/\/api.w.org\/{rel}","templated":true}]}}