{"id":1613,"date":"2024-08-21T03:04:30","date_gmt":"2024-08-21T03:04:30","guid":{"rendered":"https:\/\/revistaenfoquepolitico.com\/?p=1613"},"modified":"2024-08-21T03:04:30","modified_gmt":"2024-08-21T03:04:30","slug":"destaca-alcalde-jm-unanue-participacion-ciudadana-en-las-brigadas-de-boca-contra-el-dengue","status":"publish","type":"post","link":"https:\/\/revistaenfoquepolitico.com\/index.php\/2024\/08\/21\/destaca-alcalde-jm-unanue-participacion-ciudadana-en-las-brigadas-de-boca-contra-el-dengue\/","title":{"rendered":"DESTACA ALCALDE JM UN\u00c1NUE PARTICIPACI\u00d3N CIUDADANA EN LAS BRIGADAS DE \u00abBOCA CONTRA EL DENGUE\u00bb"},"content":{"rendered":"<div dir=\"auto\"><strong>EN LO QUE VA DEL A\u00d1O SE HAN ELIMINADO MIL 520 TONELADAS DE CACHARROS Y ATENDIDO A M\u00c1S DE 4 MIL 72 CALLES DE COLONIAS Y FRACCIONAMIENTOS DE BOCA DEL R\u00cdO<\/strong><\/div>\n<div dir=\"auto\"><\/div>\n<div dir=\"auto\">Boca del R\u00edo, Ver., 20 de agosto de 2024<\/div>\n<div dir=\"auto\"><\/div>\n<div dir=\"auto\">\n<div dir=\"auto\" style=\"text-align: justify;\">El Ayuntamiento de Boca del R\u00edo que encabeza el alcalde Juan Manuel Un\u00e1nue Abascal, sigue implementando por toda la ciudad las jornadas de fumigaci\u00f3n y descacharrizaci\u00f3n \u201cBoca contra el Dengue\u201d, con la finalidad de evitar la proliferaci\u00f3n de mosquitos y as\u00ed prevenir enfermedades.<\/div>\n<div dir=\"auto\" style=\"text-align: justify;\"><\/div>\n<div dir=\"auto\" style=\"text-align: justify;\"><img loading=\"lazy\" decoding=\"async\" class=\"alignleft size-medium wp-image-1614\" src=\"https:\/\/revistaenfoquepolitico.com\/wp-content\/uploads\/2024\/08\/JM-DESTACA-BRIGADAS-1-300x200.jpg\" alt=\"\" width=\"300\" height=\"200\" \/>\u201cLas jornadas de \u2018Boca contra el Dengue\u2019 siguen llegando a toda la ciudad como parte de la estrategia para prevenir el contagio de enfermedades transmitidas por mosquitos, con trabajos de descacharrizaci\u00f3n, como el que supervis\u00e9 la ma\u00f1ana de este martes en el Estatuto Jur\u00eddico\u201d, inform\u00f3 el edil.<\/div>\n<div dir=\"auto\" style=\"text-align: justify;\"><\/div>\n<div dir=\"auto\" style=\"text-align: justify;\">De cinco meses a la fecha se han utilizado un total de 95 camiones de volteo, elimin\u00e1ndose mil 520 toneladas de cacharros, los cuales son potenciales criaderos del mosco reproductor del dengue.<\/div>\n<div dir=\"auto\" style=\"text-align: justify;\"><\/div>\n<div dir=\"auto\" style=\"text-align: justify;\">Esta estrategia de salud ha atendido a m\u00e1s de 4 mil 72 calles y avenidas del municipio, agradeciendo a los ciudadanos su participaci\u00f3n y preocupaci\u00f3n para evitar mayores casos de la enfermedad relacionada al mosco.<\/div>\n<div dir=\"auto\" style=\"text-align: justify;\"><\/div>\n<div dir=\"auto\" style=\"text-align: justify;\"><img loading=\"lazy\" decoding=\"async\" class=\"alignleft size-medium wp-image-1615\" src=\"https:\/\/revistaenfoquepolitico.com\/wp-content\/uploads\/2024\/08\/JM-DESTACA-BRIGADAS-2-300x200.jpg\" alt=\"\" width=\"300\" height=\"200\" \/>A temprana hora, Un\u00e1nue Abascal encabez\u00f3 el operativo en el Estatuto Jur\u00eddico, donde fue acompa\u00f1ado por funcionarios municipales quienes atendieron personalmente a todos los vecinos quienes adem\u00e1s agradecieron al mun\u00edcipe su preocupaci\u00f3n y acci\u00f3n por el porvenir de los boque\u00f1os.<\/div>\n<div dir=\"auto\" style=\"text-align: justify;\"><\/div>\n<div dir=\"auto\" style=\"text-align: justify;\">En este mes, \u201cBoca contra el Dengue\u201d ha llegado la la colonia Estatuto Jur\u00eddico, a la localidad de Paso Colorado, colonia R\u00edo Jamapa, fraccionamiento La Tampiquera y al fraccionamiento Costa Verde.<\/div>\n<div dir=\"auto\" style=\"text-align: justify;\"><\/div>\n<div dir=\"auto\" style=\"text-align: justify;\">Cabe destacar que este mi\u00e9rcoles 21 de agosto, la brigada llegar\u00e1 a la colonia Casas Tamsa, por lo que el llamado es a sacar cacharros en los que se puedan albergar criaderos de mosquitos; inici\u00e1ndose en la calle Javier Hern\u00e1ndez Corro 396 (Parque Casas Tamsa 4).<\/div>\n<div dir=\"auto\" style=\"text-align: justify;\"><\/div>\n<p>Por \u00faltimo, el presidente municipal Juan Manuel Un\u00e1nue Abascal, destac\u00f3, adem\u00e1s, que dicha jornada ha llegado tambi\u00e9n a escuelas p\u00fablicas y unidades deportivas, donde tambi\u00e9n se ha fumigado como parte de las tareas de prevenci\u00f3n de eliminar al mosquito transmisor del dengue.<\/p><\/div>\n<div dir=\"auto\"><img loading=\"lazy\" decoding=\"async\" class=\"alignleft size-medium wp-image-1616\" src=\"https:\/\/revistaenfoquepolitico.com\/wp-content\/uploads\/2024\/08\/JM-DESTACA-BRIGADAS-3-300x200.jpg\" alt=\"\" width=\"300\" height=\"200\" \/><img loading=\"lazy\" decoding=\"async\" class=\"alignright size-medium wp-image-1618\" src=\"https:\/\/revistaenfoquepolitico.com\/wp-content\/uploads\/2024\/08\/JM-DESTACA-BRIGADAS-5-300x224.jpg\" alt=\"\" width=\"300\" height=\"224\" \/><\/div>\n<div dir=\"auto\"><\/div>\n<div dir=\"auto\"><\/div>\n<div dir=\"auto\"><\/div>\n<div dir=\"auto\"><\/div>\n<div dir=\"auto\"><\/div>\n<div dir=\"auto\"><\/div>\n<div dir=\"auto\"><\/div>\n<div dir=\"auto\"><\/div>\n<div id=\"x_ms-outlook-mobile-signature\" dir=\"auto\">\n<div style=\"text-align: justify;\"><\/div>\n<\/div>\n","protected":false},"excerpt":{"rendered":"<p>EN LO QUE VA DEL A\u00d1O SE HAN ELIMINADO MIL 520 TONELADAS DE CACHARROS Y ATENDIDO A M\u00c1S DE 4 MIL 72 CALLES DE COLONIAS Y FRACCIONAMIENTOS DE BOCA DEL R\u00cdO Boca del R\u00edo, Ver., 20 de agosto de 2024 El Ayuntamiento de Boca del R\u00edo que encabeza el alcalde Juan Manuel Un\u00e1nue Abascal, sigue [&hellip;]<\/p>\n","protected":false},"author":1,"featured_media":0,"comment_status":"closed","ping_status":"closed","sticky":false,"template":"","format":"standard","meta":{"_jetpack_memberships_contains_paid_content":false,"footnotes":"","jetpack_publicize_message":"","jetpack_publicize_feature_enabled":true,"jetpack_social_post_already_shared":false,"jetpack_social_options":{"image_generator_settings":{"template":"highway","default_image_id":0,"font":"","enabled":false},"version":2}},"categories":[4],"tags":[15],"class_list":["post-1613","post","type-post","status-publish","format-standard","hentry","category-noticia-politica","tag-jm-alcalde-2024"],"jetpack_publicize_connections":[],"jetpack_featured_media_url":"","jetpack_sharing_enabled":true,"_links":{"self":[{"href":"https:\/\/revistaenfoquepolitico.com\/index.php\/wp-json\/wp\/v2\/posts\/1613","targetHints":{"allow":["GET"]}}],"collection":[{"href":"https:\/\/revistaenfoquepolitico.com\/index.php\/wp-json\/wp\/v2\/posts"}],"about":[{"href":"https:\/\/revistaenfoquepolitico.com\/index.php\/wp-json\/wp\/v2\/types\/post"}],"author":[{"embeddable":true,"href":"https:\/\/revistaenfoquepolitico.com\/index.php\/wp-json\/wp\/v2\/users\/1"}],"replies":[{"embeddable":true,"href":"https:\/\/revistaenfoquepolitico.com\/index.php\/wp-json\/wp\/v2\/comments?post=1613"}],"version-history":[{"count":1,"href":"https:\/\/revistaenfoquepolitico.com\/index.php\/wp-json\/wp\/v2\/posts\/1613\/revisions"}],"predecessor-version":[{"id":1619,"href":"https:\/\/revistaenfoquepolitico.com\/index.php\/wp-json\/wp\/v2\/posts\/1613\/revisions\/1619"}],"wp:attachment":[{"href":"https:\/\/revistaenfoquepolitico.com\/index.php\/wp-json\/wp\/v2\/media?parent=1613"}],"wp:term":[{"taxonomy":"category","embeddable":true,"href":"https:\/\/revistaenfoquepolitico.com\/index.php\/wp-json\/wp\/v2\/categories?post=1613"},{"taxonomy":"post_tag","embeddable":true,"href":"https:\/\/revistaenfoquepolitico.com\/index.php\/wp-json\/wp\/v2\/tags?post=1613"}],"curies":[{"name":"wp","href":"https:\/\/api.w.org\/{rel}","templated":true}]}}