{"id":1701,"date":"2024-09-25T15:34:42","date_gmt":"2024-09-25T15:34:42","guid":{"rendered":"https:\/\/revistaenfoquepolitico.com\/?p=1701"},"modified":"2024-09-25T15:34:42","modified_gmt":"2024-09-25T15:34:42","slug":"alcalde-jm-unanue-dif-de-boca-del-rio-y-voluntariado-entregan-uniformes-a-boquenitos-de-los-caic-y-cadi","status":"publish","type":"post","link":"https:\/\/revistaenfoquepolitico.com\/index.php\/2024\/09\/25\/alcalde-jm-unanue-dif-de-boca-del-rio-y-voluntariado-entregan-uniformes-a-boquenitos-de-los-caic-y-cadi\/","title":{"rendered":"ALCALDE JM UN\u00c1NUE, DIF DE BOCA DEL R\u00cdO Y VOLUNTARIADO ENTREGAN UNIFORMES A BOQUE\u00d1ITOS DE LOS CAIC Y CADI"},"content":{"rendered":"<div dir=\"auto\"><strong>ALCALDE JM UN\u00c1NUE, DIF DE BOCA DEL R\u00cdO Y VOLUNTARIADO ENTREGAN UNIFORMES A BOQUE\u00d1ITOS DE LOS CAIC y CADI<\/strong><\/div>\n<div dir=\"auto\"><\/div>\n<div dir=\"auto\">Boca del R\u00edo, Ver., 24 de septiembre de 2024<\/div>\n<div dir=\"auto\"><\/div>\n<div dir=\"auto\">\n<div dir=\"auto\" style=\"text-align: justify;\">Gracias al trabajo coordinado entre el Ayuntamiento de Boca del R\u00edo, DIF de Boca del R\u00edo y el grupo de Damas Voluntarias, la ma\u00f1ana de este martes se entregaron 200 uniformes a ni\u00f1as y ni\u00f1os de los Centros de Asistencia Infantil Comunitario (CAIC) y del Centro Asistencial de Desarrollo Infantil (CADI).<\/div>\n<div dir=\"auto\" style=\"text-align: justify;\"><\/div>\n<div dir=\"auto\" style=\"text-align: justify;\"><img loading=\"lazy\" decoding=\"async\" class=\"alignleft size-medium wp-image-1704\" src=\"https:\/\/revistaenfoquepolitico.com\/wp-content\/uploads\/2024\/09\/JM-LO-MEJOR-DE-BOCA-3-300x200.jpg\" alt=\"\" width=\"300\" height=\"200\" \/>Durante su visita, el alcalde Juan Manuel Un\u00e1nue Abascal destac\u00f3 que con la entrega de estos uniformes se muestra el esfuerzo conjunto entre su administraci\u00f3n y el excepcional trabajo que realiza el DIF Municipal, adem\u00e1s de mejorar los servicios disponibles para los boque\u00f1itos.<\/div>\n<div dir=\"auto\" style=\"text-align: justify;\"><\/div>\n<div dir=\"auto\" style=\"text-align: justify;\">\u201cDichos uniformes son el fruto de las acciones solidarias de nuestro voluntariado liderado por mi esposa y doy el anuncio, su servidor junto con Mely vamos a dar otra playera m\u00e1s para las ni\u00f1as y ni\u00f1os\u201d, enfatiz\u00f3 el presidente municipal.<\/div>\n<div dir=\"auto\" style=\"text-align: justify;\"><\/div>\n<div dir=\"auto\" style=\"text-align: justify;\"><img loading=\"lazy\" decoding=\"async\" class=\"alignright size-medium wp-image-1703\" src=\"https:\/\/revistaenfoquepolitico.com\/wp-content\/uploads\/2024\/09\/JM-LO-MEJOR-DE-BOCA-2-300x200.jpg\" alt=\"\" width=\"300\" height=\"200\" \/>Frente a madres y padres de familia, Un\u00e1nue Abascal les agradeci\u00f3 por confiar en su gobierno al hacer uso de los CAIC&#8217;s y CADI&#8217;s de Boca del R\u00edo, los cuales han sido rehabilitados y mejorados para su uso.<\/div>\n<div dir=\"auto\" style=\"text-align: justify;\"><\/div>\n<div dir=\"auto\" style=\"text-align: justify;\">Por su parte, Melina Rivera de Un\u00e1nue, presidenta del DIF de Boca del R\u00edo, coment\u00f3<\/div>\n<div dir=\"auto\" style=\"text-align: justify;\">que entre las metas que se ten\u00edan para este ciclo escolar 2024-2025, es que los peque\u00f1os portar\u00e1n sus uniformes y hoy es una realidad.<\/div>\n<div dir=\"auto\" style=\"text-align: justify;\"><\/div>\n<div dir=\"auto\" style=\"text-align: justify;\">\u201cLo de los uniformes es gracias a un gran equipo que tengo que son las Damas Voluntarias, trabajamos con ellas constantemente para realizar distintos eventos para poder apoyarlos a ustedes y a much\u00edsimas m\u00e1s familias\u201d, expres\u00f3.<\/div>\n<div dir=\"auto\" style=\"text-align: justify;\"><\/div>\n<div dir=\"auto\" style=\"text-align: justify;\"><img loading=\"lazy\" decoding=\"async\" class=\"alignleft size-medium wp-image-1705\" src=\"https:\/\/revistaenfoquepolitico.com\/wp-content\/uploads\/2024\/09\/JM-LO-MEJOR-DE-BOCA-4-300x200.jpg\" alt=\"\" width=\"300\" height=\"200\" \/>Por \u00faltimo, Heidi Hern\u00e1ndez; Coordinadora del Voluntariado, recalc\u00f3 que esta iniciativa se logr\u00f3 gracias a la realizaci\u00f3n de un desayuno con causa donde se recaudaron recursos.<\/div>\n<div dir=\"auto\" style=\"text-align: justify;\"><\/div>\n<p>Ante padres de familia, boque\u00f1itos y maestras, el presidente municipal, Juan Manuel Un\u00e1nue Abascal, se comprometi\u00f3 a seguir trabajando incansablemente para que cada ni\u00f1a y ni\u00f1o tengan acceso a mejores oportunidades y un desarrollo integral en sus primeros a\u00f1os de vida.<\/p><\/div>\n<div id=\"x_ms-outlook-mobile-signature\" dir=\"auto\">\n<div style=\"text-align: justify;\"><\/div>\n<\/div>\n","protected":false},"excerpt":{"rendered":"<p>ALCALDE JM UN\u00c1NUE, DIF DE BOCA DEL R\u00cdO Y VOLUNTARIADO ENTREGAN UNIFORMES A BOQUE\u00d1ITOS DE LOS CAIC y CADI Boca del R\u00edo, Ver., 24 de septiembre de 2024 Gracias al trabajo coordinado entre el Ayuntamiento de Boca del R\u00edo, DIF de Boca del R\u00edo y el grupo de Damas Voluntarias, la ma\u00f1ana de este martes [&hellip;]<\/p>\n","protected":false},"author":1,"featured_media":0,"comment_status":"closed","ping_status":"closed","sticky":false,"template":"","format":"standard","meta":{"_jetpack_memberships_contains_paid_content":false,"footnotes":"","jetpack_publicize_message":"","jetpack_publicize_feature_enabled":true,"jetpack_social_post_already_shared":false,"jetpack_social_options":{"image_generator_settings":{"template":"highway","default_image_id":0,"font":"","enabled":false},"version":2}},"categories":[4],"tags":[15],"class_list":["post-1701","post","type-post","status-publish","format-standard","hentry","category-noticia-politica","tag-jm-alcalde-2024"],"jetpack_publicize_connections":[],"jetpack_featured_media_url":"","jetpack_sharing_enabled":true,"_links":{"self":[{"href":"https:\/\/revistaenfoquepolitico.com\/index.php\/wp-json\/wp\/v2\/posts\/1701","targetHints":{"allow":["GET"]}}],"collection":[{"href":"https:\/\/revistaenfoquepolitico.com\/index.php\/wp-json\/wp\/v2\/posts"}],"about":[{"href":"https:\/\/revistaenfoquepolitico.com\/index.php\/wp-json\/wp\/v2\/types\/post"}],"author":[{"embeddable":true,"href":"https:\/\/revistaenfoquepolitico.com\/index.php\/wp-json\/wp\/v2\/users\/1"}],"replies":[{"embeddable":true,"href":"https:\/\/revistaenfoquepolitico.com\/index.php\/wp-json\/wp\/v2\/comments?post=1701"}],"version-history":[{"count":1,"href":"https:\/\/revistaenfoquepolitico.com\/index.php\/wp-json\/wp\/v2\/posts\/1701\/revisions"}],"predecessor-version":[{"id":1706,"href":"https:\/\/revistaenfoquepolitico.com\/index.php\/wp-json\/wp\/v2\/posts\/1701\/revisions\/1706"}],"wp:attachment":[{"href":"https:\/\/revistaenfoquepolitico.com\/index.php\/wp-json\/wp\/v2\/media?parent=1701"}],"wp:term":[{"taxonomy":"category","embeddable":true,"href":"https:\/\/revistaenfoquepolitico.com\/index.php\/wp-json\/wp\/v2\/categories?post=1701"},{"taxonomy":"post_tag","embeddable":true,"href":"https:\/\/revistaenfoquepolitico.com\/index.php\/wp-json\/wp\/v2\/tags?post=1701"}],"curies":[{"name":"wp","href":"https:\/\/api.w.org\/{rel}","templated":true}]}}