{"id":1710,"date":"2024-09-26T14:49:04","date_gmt":"2024-09-26T14:49:04","guid":{"rendered":"https:\/\/revistaenfoquepolitico.com\/?p=1710"},"modified":"2024-09-26T14:49:04","modified_gmt":"2024-09-26T14:49:04","slug":"supervisa-alcalde-jm-unanue-inicio-de-la-repavimentacion-de-la-glorieta-de-plaza-americas","status":"publish","type":"post","link":"https:\/\/revistaenfoquepolitico.com\/index.php\/2024\/09\/26\/supervisa-alcalde-jm-unanue-inicio-de-la-repavimentacion-de-la-glorieta-de-plaza-americas\/","title":{"rendered":"SUPERVISA ALCALDE JM UN\u00c1NUE INICIO DE LA REPAVIMENTACI\u00d3N DE LA GLORIETA DE PLAZA AM\u00c9RICAS"},"content":{"rendered":"<div dir=\"auto\"><strong>*LOS TRABAJOS SE ESTAR\u00c1N REALIZANDO DE LAS 10:30 DE LA NOCHE A LAS 5:30 DE LA MA\u00d1ANA DURANTE EL TIEMPO QUE DURE LA OBRA<\/strong><\/div>\n<div dir=\"auto\"><\/div>\n<div dir=\"auto\">Boca del R\u00edo, Ver., 26 de septiembre de 2024<\/div>\n<div dir=\"auto\"><\/div>\n<div dir=\"auto\" style=\"text-align: justify;\">\n<div dir=\"auto\" style=\"text-align: justify;\">La noche de este mi\u00e9rcoles iniciaron los trabajos de reencarpetado con concreto asf\u00e1ltico en la glorieta de Plaza Am\u00e9ricas ubicada sobre el bulevar Adolfo Ruiz Cortines, inform\u00f3 el alcalde de Boca del R\u00edo, Juan Manuel Un\u00e0nue \u00a0Abascal.<\/div>\n<div dir=\"auto\" style=\"text-align: justify;\"><\/div>\n<div dir=\"auto\" style=\"text-align: justify;\"><img loading=\"lazy\" decoding=\"async\" class=\"alignleft size-medium wp-image-1711\" src=\"https:\/\/revistaenfoquepolitico.com\/wp-content\/uploads\/2024\/09\/JM-GLORIETA-1-300x200.jpg\" alt=\"\" width=\"300\" height=\"200\" \/>\u201cAnoche supervis\u00e9 el inicio de la rehabilitaci\u00f3n en la Glorieta de Plaza Am\u00e9ricas para mejorar la carpeta asf\u00e1ltica en esta importante zona comercial y tur\u00edstica de la ciudad.<\/div>\n<div dir=\"auto\" style=\"text-align: justify;\"><\/div>\n<div dir=\"auto\" style=\"text-align: justify;\">\u201cPara evitar el tr\u00e1fico vehicular, estas obras se realizar\u00e1n en las noches de 10:30 pm a 5:30 de la ma\u00f1ana, por lo que les pedimos circular con precauci\u00f3n\u201d, comunic\u00f3 el alcalde.<\/div>\n<div dir=\"auto\" style=\"text-align: justify;\"><\/div>\n<div dir=\"auto\" style=\"text-align: justify;\">El mantenimiento de la dicha glorieta se dar\u00e1 en beneficio de la movilidad de la zona y de todos quienes transitan por ella, siendo una de las vialidades m\u00e1s utilizadas en el municipio.<\/div>\n<div dir=\"auto\" style=\"text-align: justify;\"><\/div>\n<div dir=\"auto\" style=\"text-align: justify;\"><img loading=\"lazy\" decoding=\"async\" class=\"alignright size-medium wp-image-1712\" src=\"https:\/\/revistaenfoquepolitico.com\/wp-content\/uploads\/2024\/09\/JM-GLORIETA-2-300x200.jpg\" alt=\"\" width=\"300\" height=\"200\" \/>Cabe recordar que los trabajos se realizar\u00e1n en horario nocturno de 10:30 pm a las 5:30 de la ma\u00f1ana durante el tiempo que dure la obra.<\/div>\n<div dir=\"auto\" style=\"text-align: justify;\"><\/div>\n<div dir=\"auto\" style=\"text-align: justify;\">La glorieta se mantendr\u00e1 abierta durante el d\u00eda, y las \u00fanicas v\u00edas de comunicaci\u00f3n abiertas en el horario de los trabajos ser\u00e1n por el paso a desnivel.<\/div>\n<div dir=\"auto\" style=\"text-align: justify;\"><\/div>\n<p>Finalmente, el Ayuntamiento de Boca del R\u00edo exhorta a la ciudadan\u00eda a salir con anticipaci\u00f3n de sus hogares o centros laborales y llegar a tiempo a sus destinos, por lo que, si es necesario, se sugiere tomar v\u00edas alternas.<\/p><\/div>\n<div style=\"text-align: justify;\"><img loading=\"lazy\" decoding=\"async\" class=\"alignleft size-medium wp-image-1714\" src=\"https:\/\/revistaenfoquepolitico.com\/wp-content\/uploads\/2024\/09\/JM-GLORIETA-4-300x200.jpg\" alt=\"\" width=\"300\" height=\"200\" \/><img loading=\"lazy\" decoding=\"async\" class=\"alignright size-medium wp-image-1716\" src=\"https:\/\/revistaenfoquepolitico.com\/wp-content\/uploads\/2024\/09\/JM-GLORIETA-6-300x200.jpg\" alt=\"\" width=\"300\" height=\"200\" \/><\/div>\n<div><\/div>\n<div><\/div>\n<div><\/div>\n<div><\/div>\n<div><\/div>\n<div><\/div>\n<div><\/div>\n<div><\/div>\n<div><\/div>\n<div><\/div>\n","protected":false},"excerpt":{"rendered":"<p>*LOS TRABAJOS SE ESTAR\u00c1N REALIZANDO DE LAS 10:30 DE LA NOCHE A LAS 5:30 DE LA MA\u00d1ANA DURANTE EL TIEMPO QUE DURE LA OBRA Boca del R\u00edo, Ver., 26 de septiembre de 2024 La noche de este mi\u00e9rcoles iniciaron los trabajos de reencarpetado con concreto asf\u00e1ltico en la glorieta de Plaza Am\u00e9ricas ubicada sobre el [&hellip;]<\/p>\n","protected":false},"author":1,"featured_media":0,"comment_status":"closed","ping_status":"closed","sticky":false,"template":"","format":"standard","meta":{"_jetpack_memberships_contains_paid_content":false,"footnotes":"","jetpack_publicize_message":"","jetpack_publicize_feature_enabled":true,"jetpack_social_post_already_shared":false,"jetpack_social_options":{"image_generator_settings":{"template":"highway","default_image_id":0,"font":"","enabled":false},"version":2}},"categories":[4],"tags":[15],"class_list":["post-1710","post","type-post","status-publish","format-standard","hentry","category-noticia-politica","tag-jm-alcalde-2024"],"jetpack_publicize_connections":[],"jetpack_featured_media_url":"","jetpack_sharing_enabled":true,"_links":{"self":[{"href":"https:\/\/revistaenfoquepolitico.com\/index.php\/wp-json\/wp\/v2\/posts\/1710","targetHints":{"allow":["GET"]}}],"collection":[{"href":"https:\/\/revistaenfoquepolitico.com\/index.php\/wp-json\/wp\/v2\/posts"}],"about":[{"href":"https:\/\/revistaenfoquepolitico.com\/index.php\/wp-json\/wp\/v2\/types\/post"}],"author":[{"embeddable":true,"href":"https:\/\/revistaenfoquepolitico.com\/index.php\/wp-json\/wp\/v2\/users\/1"}],"replies":[{"embeddable":true,"href":"https:\/\/revistaenfoquepolitico.com\/index.php\/wp-json\/wp\/v2\/comments?post=1710"}],"version-history":[{"count":1,"href":"https:\/\/revistaenfoquepolitico.com\/index.php\/wp-json\/wp\/v2\/posts\/1710\/revisions"}],"predecessor-version":[{"id":1717,"href":"https:\/\/revistaenfoquepolitico.com\/index.php\/wp-json\/wp\/v2\/posts\/1710\/revisions\/1717"}],"wp:attachment":[{"href":"https:\/\/revistaenfoquepolitico.com\/index.php\/wp-json\/wp\/v2\/media?parent=1710"}],"wp:term":[{"taxonomy":"category","embeddable":true,"href":"https:\/\/revistaenfoquepolitico.com\/index.php\/wp-json\/wp\/v2\/categories?post=1710"},{"taxonomy":"post_tag","embeddable":true,"href":"https:\/\/revistaenfoquepolitico.com\/index.php\/wp-json\/wp\/v2\/tags?post=1710"}],"curies":[{"name":"wp","href":"https:\/\/api.w.org\/{rel}","templated":true}]}}