{"id":1719,"date":"2024-09-27T21:59:34","date_gmt":"2024-09-27T21:59:34","guid":{"rendered":"https:\/\/revistaenfoquepolitico.com\/?p=1719"},"modified":"2024-09-27T21:59:34","modified_gmt":"2024-09-27T21:59:34","slug":"fuerza-de-tarea-atendio-contingencia-por-lluvias-atipicas-en-la-ciudad-alcalde-jm-unanue","status":"publish","type":"post","link":"https:\/\/revistaenfoquepolitico.com\/index.php\/2024\/09\/27\/fuerza-de-tarea-atendio-contingencia-por-lluvias-atipicas-en-la-ciudad-alcalde-jm-unanue\/","title":{"rendered":"FUERZA DE TAREA ATENDI\u00d3 CONTINGENCIA POR LLUVIAS AT\u00cdPICAS EN LA CIUDAD: ALCALDE JM UN\u00c1NUE"},"content":{"rendered":"<div dir=\"auto\"><strong>*AL MOMENTO SOLO SE REGISTR\u00d3 LA ATENCI\u00d3N DE CINCO AUTOS VARADOS Y 12 ANEGAMIENTOS EN TRES COLONIAS DEL MUNICIPIO*<\/strong><\/div>\n<div dir=\"auto\"><\/div>\n<div dir=\"auto\">Boca del R\u00edo, Ver., 27 de septiembre de 2024<\/div>\n<div dir=\"auto\"><\/div>\n<div dir=\"auto\">\n<div dir=\"auto\" style=\"text-align: justify;\">Derivado del Aviso Especial por temporal lluvioso emitido por las autoridades estatales, el Ayuntamiento de Boca del R\u00edo que encabeza el alcalde Juan Manuel Un\u00e1nue Abascal, activ\u00f3 un operativo ante los efectos ocasionados por la lluvia registrada en las \u00faltimas horas en la ciudad.<\/div>\n<div dir=\"auto\" style=\"text-align: justify;\"><\/div>\n<div dir=\"auto\" style=\"text-align: justify;\"><img loading=\"lazy\" decoding=\"async\" class=\"alignleft size-medium wp-image-1721\" src=\"https:\/\/revistaenfoquepolitico.com\/wp-content\/uploads\/2024\/09\/JM-LLUVIAS-2-300x225.jpg\" alt=\"\" width=\"300\" height=\"225\" \/>El edil boque\u00f1o recalc\u00f3 que gracias a estas acciones preventivas no hubo afectaciones mayores, sin embargo, el personal operativo seguir\u00e1 atento y activo para cualquier reporte de la poblaci\u00f3n.<\/div>\n<div dir=\"auto\" style=\"text-align: justify;\"><\/div>\n<div dir=\"auto\" style=\"text-align: justify;\">Cabe recordar que los efectos que hicieron presencia en la zona fueron indirectos por los huracanes Helene categor\u00eda 4 y John categor\u00eda 1 ubicados en el Golfo de M\u00e9xico y Oc\u00e9ano Pacifico respectivamente, y debido a las altas temperaturas en la zona conurbada, se desarroll\u00f3 el temporal lluvioso.<\/div>\n<div dir=\"auto\" style=\"text-align: justify;\"><\/div>\n<div dir=\"auto\" style=\"text-align: justify;\">Derivado de este fen\u00f3meno hidrometeorol\u00f3gico, la Direcci\u00f3n de Protecci\u00f3n Civil municipal registr\u00f3 la atenci\u00f3n de cinco autos varados, as\u00ed como 12 anegamientos en calles de las colonias Venustiano Carranza, colonias Primero de Mayo Norte y Sur, as\u00ed como en una de las avenidas m\u00e1s concurridas como lo es Ej\u00e9rcito Mexicano.<\/div>\n<div dir=\"auto\" style=\"text-align: justify;\"><\/div>\n<div dir=\"auto\" style=\"text-align: justify;\"><img loading=\"lazy\" decoding=\"async\" class=\"alignleft size-medium wp-image-1720\" src=\"https:\/\/revistaenfoquepolitico.com\/wp-content\/uploads\/2024\/09\/JM-LLUVIAS-1-300x203.jpg\" alt=\"\" width=\"300\" height=\"203\" \/>Asimismo, cabe hacer menci\u00f3n que antes y durante la temporada de lluvias, se realizan tareas de limpieza de alcantarillas por acumulaci\u00f3n de diferente tipo de basura.<\/div>\n<div dir=\"auto\" style=\"text-align: justify;\"><\/div>\n<div dir=\"auto\"><strong>La Fuerza de Tarea que contin\u00faa al pendiente de lo que pueda suscitarse son:<\/strong><\/div>\n<div dir=\"auto\">Mantenimiento Urbano, Polic\u00eda Municipal, Tr\u00e1nsito Municipal, Polic\u00eda Naval, Bomberos Conurbados, CFE, Telmex, Obras Publicas, Gobernaci\u00f3n, Limpia Publica y Protecci\u00f3n Civil.<\/div>\n<div dir=\"auto\"><\/div>\n<p>Finalmente se recuerda que cualquier reporte se puede realizar al n\u00famero de emergencias 911.<\/p><\/div>\n<div id=\"x_ms-outlook-mobile-signature\" dir=\"auto\">\n<div style=\"text-align: justify;\"><\/div>\n<\/div>\n","protected":false},"excerpt":{"rendered":"<p>*AL MOMENTO SOLO SE REGISTR\u00d3 LA ATENCI\u00d3N DE CINCO AUTOS VARADOS Y 12 ANEGAMIENTOS EN TRES COLONIAS DEL MUNICIPIO* Boca del R\u00edo, Ver., 27 de septiembre de 2024 Derivado del Aviso Especial por temporal lluvioso emitido por las autoridades estatales, el Ayuntamiento de Boca del R\u00edo que encabeza el alcalde Juan Manuel Un\u00e1nue Abascal, activ\u00f3 [&hellip;]<\/p>\n","protected":false},"author":1,"featured_media":0,"comment_status":"closed","ping_status":"closed","sticky":false,"template":"","format":"standard","meta":{"_jetpack_memberships_contains_paid_content":false,"footnotes":"","jetpack_publicize_message":"","jetpack_publicize_feature_enabled":true,"jetpack_social_post_already_shared":false,"jetpack_social_options":{"image_generator_settings":{"template":"highway","default_image_id":0,"font":"","enabled":false},"version":2}},"categories":[4],"tags":[15],"class_list":["post-1719","post","type-post","status-publish","format-standard","hentry","category-noticia-politica","tag-jm-alcalde-2024"],"jetpack_publicize_connections":[],"jetpack_featured_media_url":"","jetpack_sharing_enabled":true,"_links":{"self":[{"href":"https:\/\/revistaenfoquepolitico.com\/index.php\/wp-json\/wp\/v2\/posts\/1719","targetHints":{"allow":["GET"]}}],"collection":[{"href":"https:\/\/revistaenfoquepolitico.com\/index.php\/wp-json\/wp\/v2\/posts"}],"about":[{"href":"https:\/\/revistaenfoquepolitico.com\/index.php\/wp-json\/wp\/v2\/types\/post"}],"author":[{"embeddable":true,"href":"https:\/\/revistaenfoquepolitico.com\/index.php\/wp-json\/wp\/v2\/users\/1"}],"replies":[{"embeddable":true,"href":"https:\/\/revistaenfoquepolitico.com\/index.php\/wp-json\/wp\/v2\/comments?post=1719"}],"version-history":[{"count":1,"href":"https:\/\/revistaenfoquepolitico.com\/index.php\/wp-json\/wp\/v2\/posts\/1719\/revisions"}],"predecessor-version":[{"id":1723,"href":"https:\/\/revistaenfoquepolitico.com\/index.php\/wp-json\/wp\/v2\/posts\/1719\/revisions\/1723"}],"wp:attachment":[{"href":"https:\/\/revistaenfoquepolitico.com\/index.php\/wp-json\/wp\/v2\/media?parent=1719"}],"wp:term":[{"taxonomy":"category","embeddable":true,"href":"https:\/\/revistaenfoquepolitico.com\/index.php\/wp-json\/wp\/v2\/categories?post=1719"},{"taxonomy":"post_tag","embeddable":true,"href":"https:\/\/revistaenfoquepolitico.com\/index.php\/wp-json\/wp\/v2\/tags?post=1719"}],"curies":[{"name":"wp","href":"https:\/\/api.w.org\/{rel}","templated":true}]}}