{"id":1770,"date":"2024-10-12T19:43:27","date_gmt":"2024-10-12T19:43:27","guid":{"rendered":"https:\/\/revistaenfoquepolitico.com\/?p=1770"},"modified":"2024-10-12T19:43:27","modified_gmt":"2024-10-12T19:43:27","slug":"se-impartio-curso-normativo-en-control-de-creditos-en-incidencias-a-personal-de-afiliacion-cobranza-imss-veracruz-norte","status":"publish","type":"post","link":"https:\/\/revistaenfoquepolitico.com\/index.php\/2024\/10\/12\/se-impartio-curso-normativo-en-control-de-creditos-en-incidencias-a-personal-de-afiliacion-cobranza-imss-veracruz-norte\/","title":{"rendered":"SE IMPARTI\u00d3 CURSO NORMATIVO EN CONTROL DE CR\u00c9DITOS EN INCIDENCIAS A PERSONAL DE AFILIACI\u00d3N COBRANZA: IMSS VERACRUZ NORTE"},"content":{"rendered":"<div dir=\"auto\" data-olk-copy-source=\"MessageBody\"><strong>Se Imparti\u00f3 Curso Normativo en Control de Cr\u00e9ditos en Incidencias a personal de Afiliaci\u00f3n Cobranza: IMSS Veracruz Norte<\/strong><\/div>\n<div dir=\"auto\"><\/div>\n<div dir=\"auto\" data-olk-copy-source=\"MessageBody\">\n<div dir=\"auto\"><\/div>\n<div dir=\"auto\">H. Veracruz, Ver., 11 de octubre de 2024<\/div>\n<div dir=\"auto\"><\/div>\n<div dir=\"auto\"><\/div>\n<div dir=\"auto\" style=\"text-align: justify;\">En la representaci\u00f3n del Instituto Mexicano del Seguro Social (IMSS) en Veracruz Norte, la Direcci\u00f3n de Incorporaci\u00f3n y Recaudaci\u00f3n, a trav\u00e9s de la Unidad de Fiscalizaci\u00f3n y Cobranza, imparti\u00f3 un curso regional de capacitaci\u00f3n normativa del Aplicativo en el Control de Cr\u00e9ditos en Incidencias del Procedimiento Administrativo de Ejecuci\u00f3n (COIN-PAE).<\/div>\n<div dir=\"auto\" style=\"text-align: justify;\"><\/div>\n<div dir=\"auto\"><\/div>\n<div dir=\"auto\" style=\"text-align: justify;\"><img loading=\"lazy\" decoding=\"async\" class=\"alignleft size-medium wp-image-1771\" src=\"https:\/\/revistaenfoquepolitico.com\/wp-content\/uploads\/2024\/10\/IMSS-CURSO-1-300x156.jpg\" alt=\"\" width=\"300\" height=\"156\" \/>En el cual particip\u00f3 personal de las Jefaturas de Afiliaci\u00f3n Cobranza, Supervisi\u00f3n, Cobranza, y de las Oficinas para Cobros de las Subdelegaciones de Campeche, Chiapas, Oaxaca, Quintana Roo, Tabasco, Veracruz Norte y Sur.<\/div>\n<div dir=\"auto\" style=\"text-align: justify;\"><\/div>\n<div dir=\"auto\"><\/div>\n<div dir=\"auto\" style=\"text-align: justify;\">Al dar la bienvenida, el representante del IMSS en Veracruz Norte, Doctor Jorge Mart\u00ednez Torres, coment\u00f3 sobre la importancia de la herramienta COIN-PAE, de la cual subray\u00f3 que, \u201ctiene el prop\u00f3sito de dar continuidad y seguimiento a las diferentes etapas del Procedimiento Administrativo de Ejecuci\u00f3n\u201d.<\/div>\n<div dir=\"auto\" style=\"text-align: justify;\"><\/div>\n<div dir=\"auto\"><\/div>\n<div dir=\"auto\" style=\"text-align: justify;\"><img loading=\"lazy\" decoding=\"async\" class=\"alignright size-medium wp-image-1772\" src=\"https:\/\/revistaenfoquepolitico.com\/wp-content\/uploads\/2024\/10\/IMSS-CURSO-2-300x200.jpg\" alt=\"\" width=\"300\" height=\"200\" \/>Asimismo, el licenciado Juan Carlos Monta\u00f1o Reyes, de la Divisi\u00f3n de Cobro Coactivo, indic\u00f3: \u201cnuestra reuni\u00f3n est\u00e1 enfocada en el lanzamiento nacional de la Plataforma inform\u00e1tica denominada Control de Cr\u00e9ditos en Incidencia, y en virtud del \u00e9xito obtenido con la funcionalidad del COIN-31, la Unidad de Fiscalizaci\u00f3n y Cobranza cre\u00f3 el Aplicativo COIN-PAE, lo que contribuye a hacer m\u00e1s efectivo y oportuno el requerimiento y cobro de los cr\u00e9ditos fiscales\u201d.<\/div>\n<div dir=\"auto\" style=\"text-align: justify;\"><\/div>\n<\/div>\n<div dir=\"auto\" data-olk-copy-source=\"MessageBody\"><\/div>\n<div dir=\"auto\" data-olk-copy-source=\"MessageBody\">Correspondi\u00f3 a la licenciada Blanca Cabrera Moreira de la Divisi\u00f3n de Cobro Coactivo, disertar sobre los aspectos relevantes del sistema COIN-PAE.<\/div>\n<div id=\"x_ms-outlook-mobile-signature\" dir=\"auto\">\n<div style=\"text-align: justify;\"><\/div>\n<\/div>\n","protected":false},"excerpt":{"rendered":"<p>Se Imparti\u00f3 Curso Normativo en Control de Cr\u00e9ditos en Incidencias a personal de Afiliaci\u00f3n Cobranza: IMSS Veracruz Norte H. Veracruz, Ver., 11 de octubre de 2024 En la representaci\u00f3n del Instituto Mexicano del Seguro Social (IMSS) en Veracruz Norte, la Direcci\u00f3n de Incorporaci\u00f3n y Recaudaci\u00f3n, a trav\u00e9s de la Unidad de Fiscalizaci\u00f3n y Cobranza, imparti\u00f3 [&hellip;]<\/p>\n","protected":false},"author":1,"featured_media":0,"comment_status":"closed","ping_status":"closed","sticky":false,"template":"","format":"standard","meta":{"_jetpack_memberships_contains_paid_content":false,"footnotes":"","jetpack_publicize_message":"","jetpack_publicize_feature_enabled":true,"jetpack_social_post_already_shared":false,"jetpack_social_options":{"image_generator_settings":{"template":"highway","default_image_id":0,"font":"","enabled":false},"version":2}},"categories":[4],"tags":[27],"class_list":["post-1770","post","type-post","status-publish","format-standard","hentry","category-noticia-politica","tag-imss-veracruz-norte"],"jetpack_publicize_connections":[],"jetpack_featured_media_url":"","jetpack_sharing_enabled":true,"_links":{"self":[{"href":"https:\/\/revistaenfoquepolitico.com\/index.php\/wp-json\/wp\/v2\/posts\/1770","targetHints":{"allow":["GET"]}}],"collection":[{"href":"https:\/\/revistaenfoquepolitico.com\/index.php\/wp-json\/wp\/v2\/posts"}],"about":[{"href":"https:\/\/revistaenfoquepolitico.com\/index.php\/wp-json\/wp\/v2\/types\/post"}],"author":[{"embeddable":true,"href":"https:\/\/revistaenfoquepolitico.com\/index.php\/wp-json\/wp\/v2\/users\/1"}],"replies":[{"embeddable":true,"href":"https:\/\/revistaenfoquepolitico.com\/index.php\/wp-json\/wp\/v2\/comments?post=1770"}],"version-history":[{"count":1,"href":"https:\/\/revistaenfoquepolitico.com\/index.php\/wp-json\/wp\/v2\/posts\/1770\/revisions"}],"predecessor-version":[{"id":1774,"href":"https:\/\/revistaenfoquepolitico.com\/index.php\/wp-json\/wp\/v2\/posts\/1770\/revisions\/1774"}],"wp:attachment":[{"href":"https:\/\/revistaenfoquepolitico.com\/index.php\/wp-json\/wp\/v2\/media?parent=1770"}],"wp:term":[{"taxonomy":"category","embeddable":true,"href":"https:\/\/revistaenfoquepolitico.com\/index.php\/wp-json\/wp\/v2\/categories?post=1770"},{"taxonomy":"post_tag","embeddable":true,"href":"https:\/\/revistaenfoquepolitico.com\/index.php\/wp-json\/wp\/v2\/tags?post=1770"}],"curies":[{"name":"wp","href":"https:\/\/api.w.org\/{rel}","templated":true}]}}