{"id":1775,"date":"2024-10-12T19:47:37","date_gmt":"2024-10-12T19:47:37","guid":{"rendered":"https:\/\/revistaenfoquepolitico.com\/?p=1775"},"modified":"2024-10-12T19:47:37","modified_gmt":"2024-10-12T19:47:37","slug":"octovio-romero-oropeza-refrenda-compromiso-con-acceso-de-los-trabajadores-a-la-vivienda","status":"publish","type":"post","link":"https:\/\/revistaenfoquepolitico.com\/index.php\/2024\/10\/12\/octovio-romero-oropeza-refrenda-compromiso-con-acceso-de-los-trabajadores-a-la-vivienda\/","title":{"rendered":"OCTOVIO ROMERO OROPEZA REFRENDA COMPROMISO CON ACCESO DE LOS TRABAJADORES A LA VIVIENDA"},"content":{"rendered":"<div dir=\"auto\"><strong>*OCTAVIO ROMERO OROPEZA REFRENDA COMPROMISO CON ACCESO DE LOS TRABAJADORES A LA VIVIENDA*<\/strong><\/div>\n<div dir=\"auto\" aria-hidden=\"true\"><\/div>\n<p>Puerto Vallarta, Jalisco a 11 de octubre de 2024.<\/p>\n<div dir=\"auto\" aria-hidden=\"true\"><\/div>\n<div dir=\"auto\" aria-hidden=\"true\"><\/div>\n<div dir=\"auto\" style=\"text-align: justify;\">Asisti\u00f3 al Cuarto Congreso Nacional del Sector de los Trabajadores donde se\u00f1al\u00f3 que uno de los principales proyectos del nuevo gobierno est\u00e1 enfocado en la construcci\u00f3n de un mill\u00f3n de viviendas.<\/div>\n<div dir=\"auto\" style=\"text-align: justify;\" aria-hidden=\"true\"><\/div>\n<div dir=\"auto\" style=\"text-align: justify;\"><img loading=\"lazy\" decoding=\"async\" class=\"alignleft size-medium wp-image-1777\" src=\"https:\/\/revistaenfoquepolitico.com\/wp-content\/uploads\/2024\/10\/INFONAVIT-CONGRESO-2-300x200.jpg\" alt=\"\" width=\"300\" height=\"200\" \/>El director general del Instituto del Fondo Nacional de la Vivienda para los Trabajadores (Infonavit), Octavio Romero Oropeza, subray\u00f3 que uno de los principales proyectos del nuevo gobierno est\u00e1 enfocado en la construcci\u00f3n de un mill\u00f3n de viviendas a lo largo del pa\u00eds en beneficio de las y los trabajadores.<\/div>\n<div dir=\"auto\" style=\"text-align: justify;\" aria-hidden=\"true\"><\/div>\n<div dir=\"auto\" style=\"text-align: justify;\">En el marco del Cuarto Congreso Nacional del Sector de los Trabajadores del Infonavit, el ingeniero Romero Oropeza se\u00f1al\u00f3 que para cumplir esta promesa de la presidenta Claudia Sheinbaum Pardo es crucial tener el respaldo de todos los sectores y el di\u00e1logo tripartita.<\/div>\n<div dir=\"auto\" style=\"text-align: justify;\" aria-hidden=\"true\"><\/div>\n<div dir=\"auto\" style=\"text-align: justify;\"><img loading=\"lazy\" decoding=\"async\" class=\"alignright size-medium wp-image-1778\" src=\"https:\/\/revistaenfoquepolitico.com\/wp-content\/uploads\/2024\/10\/INFONAVIT-CONGRESO-3-300x104.jpg\" alt=\"\" width=\"300\" height=\"104\" \/>\u201cPara alcanzar los objetivos del nuevo gobierno, refrendo el compromiso con los sectores de mantener la comunicaci\u00f3n continua, basada en el respeto entre las partes, garantiz\u00e1ndoles absoluta transparencia de todos los rubros de la administraci\u00f3n del Instituto\u201d, dijo.<\/div>\n<div dir=\"auto\" style=\"text-align: justify;\" aria-hidden=\"true\"><\/div>\n<div dir=\"auto\" style=\"text-align: justify;\">Destac\u00f3 que ya se encuentra enlistada en el Congreso de la Uni\u00f3n la reforma al art\u00edculo 123 constitucional para implementar un sistema de vivienda con orientaci\u00f3n social, que permitir\u00e1 la construcci\u00f3n de vivienda asequible para los trabajadores.<\/div>\n<div dir=\"auto\" style=\"text-align: justify;\" aria-hidden=\"true\"><\/div>\n<div dir=\"auto\" style=\"text-align: justify;\">Finalmente, el ingeniero Octavio Romero Oropeza clausur\u00f3 los trabajos del Cuarto Congreso organizado por la Direcci\u00f3n Sectorial de los Trabajadores del Infonavit.<\/div>\n","protected":false},"excerpt":{"rendered":"<p>*OCTAVIO ROMERO OROPEZA REFRENDA COMPROMISO CON ACCESO DE LOS TRABAJADORES A LA VIVIENDA* Puerto Vallarta, Jalisco a 11 de octubre de 2024. Asisti\u00f3 al Cuarto Congreso Nacional del Sector de los Trabajadores donde se\u00f1al\u00f3 que uno de los principales proyectos del nuevo gobierno est\u00e1 enfocado en la construcci\u00f3n de un mill\u00f3n de viviendas. El director [&hellip;]<\/p>\n","protected":false},"author":1,"featured_media":0,"comment_status":"closed","ping_status":"closed","sticky":false,"template":"","format":"standard","meta":{"_jetpack_memberships_contains_paid_content":false,"footnotes":"","jetpack_publicize_message":"","jetpack_publicize_feature_enabled":true,"jetpack_social_post_already_shared":false,"jetpack_social_options":{"image_generator_settings":{"template":"highway","default_image_id":0,"font":"","enabled":false},"version":2}},"categories":[4],"tags":[21],"class_list":["post-1775","post","type-post","status-publish","format-standard","hentry","category-noticia-politica","tag-infonavit-veracruz"],"jetpack_publicize_connections":[],"jetpack_featured_media_url":"","jetpack_sharing_enabled":true,"_links":{"self":[{"href":"https:\/\/revistaenfoquepolitico.com\/index.php\/wp-json\/wp\/v2\/posts\/1775","targetHints":{"allow":["GET"]}}],"collection":[{"href":"https:\/\/revistaenfoquepolitico.com\/index.php\/wp-json\/wp\/v2\/posts"}],"about":[{"href":"https:\/\/revistaenfoquepolitico.com\/index.php\/wp-json\/wp\/v2\/types\/post"}],"author":[{"embeddable":true,"href":"https:\/\/revistaenfoquepolitico.com\/index.php\/wp-json\/wp\/v2\/users\/1"}],"replies":[{"embeddable":true,"href":"https:\/\/revistaenfoquepolitico.com\/index.php\/wp-json\/wp\/v2\/comments?post=1775"}],"version-history":[{"count":1,"href":"https:\/\/revistaenfoquepolitico.com\/index.php\/wp-json\/wp\/v2\/posts\/1775\/revisions"}],"predecessor-version":[{"id":1779,"href":"https:\/\/revistaenfoquepolitico.com\/index.php\/wp-json\/wp\/v2\/posts\/1775\/revisions\/1779"}],"wp:attachment":[{"href":"https:\/\/revistaenfoquepolitico.com\/index.php\/wp-json\/wp\/v2\/media?parent=1775"}],"wp:term":[{"taxonomy":"category","embeddable":true,"href":"https:\/\/revistaenfoquepolitico.com\/index.php\/wp-json\/wp\/v2\/categories?post=1775"},{"taxonomy":"post_tag","embeddable":true,"href":"https:\/\/revistaenfoquepolitico.com\/index.php\/wp-json\/wp\/v2\/tags?post=1775"}],"curies":[{"name":"wp","href":"https:\/\/api.w.org\/{rel}","templated":true}]}}