{"id":1782,"date":"2024-10-16T04:01:12","date_gmt":"2024-10-16T04:01:12","guid":{"rendered":"https:\/\/revistaenfoquepolitico.com\/?p=1782"},"modified":"2024-10-16T04:01:12","modified_gmt":"2024-10-16T04:01:12","slug":"alcalde-jm-unanue-supervisa-trabajos-de-pavimentacion-en-la-petrolera","status":"publish","type":"post","link":"https:\/\/revistaenfoquepolitico.com\/index.php\/2024\/10\/16\/alcalde-jm-unanue-supervisa-trabajos-de-pavimentacion-en-la-petrolera\/","title":{"rendered":"ALCALDE JM UN\u00c1NUE SUPERVISA TRABAJOS DE PAVIMENTACI\u00d3N EN \u00abLA PETROLERA\u00bb"},"content":{"rendered":"<div dir=\"auto\" data-olk-copy-source=\"MessageBody\"><strong>CON ESTA OBRA, M\u00c1S DE 9 MIL CIUDADANOS SE VER\u00c1N BENEFICIADOS DIRECTAMENTE, IMPACTANDO POS\u00cdTIVAMENTE EN SU CALIDAD DE VIDA<\/strong><\/div>\n<div dir=\"auto\" data-olk-copy-source=\"MessageBody\"><\/div>\n<div dir=\"auto\" data-olk-copy-source=\"MessageBody\">Boca del R\u00edo, Ver., 15 de octubre de 2024<\/div>\n<div dir=\"auto\" data-olk-copy-source=\"MessageBody\"><\/div>\n<div dir=\"auto\" data-olk-copy-source=\"MessageBody\">\n<div dir=\"auto\" style=\"text-align: justify;\">Este martes, el alcalde de Boca del R\u00edo, Juan Manuel Un\u00e1nue Abascal, recorri\u00f3 y supervis\u00f3 los trabajos de rehabilitaci\u00f3n de pavimentaci\u00f3n en concreto asf\u00e1ltico de la calle Campo Angostura de la colonia Heriberto Kehoe Vicent, mejor conocida como \u201cLa Petrolera\u201d.<\/div>\n<div dir=\"auto\" style=\"text-align: justify;\"><\/div>\n<div dir=\"auto\" style=\"text-align: justify;\"><img loading=\"lazy\" decoding=\"async\" class=\"alignleft size-medium wp-image-1783\" src=\"https:\/\/revistaenfoquepolitico.com\/wp-content\/uploads\/2024\/10\/JM-PETROLERA-1-300x200.jpg\" alt=\"\" width=\"300\" height=\"200\" \/>\u201cSupervisamos las obras de fresado que se realizan en la calle Angostura del Fraccionamiento Petrolera, que se va a re encarpetar en los pr\u00f3ximos d\u00edas, para posteriormente realizar los trabajos de se\u00f1al\u00e9tica y colaci\u00f3n de topes\u201d, expres\u00f3 el ejecutivo.<\/div>\n<div dir=\"auto\" style=\"text-align: justify;\"><\/div>\n<div dir=\"auto\" style=\"text-align: justify;\">Con esta obra, m\u00e1s de 9 mil personas se ver\u00e1n beneficiadas directamente, lo que demuestra el impacto positivo en la comunidad y el compromiso del gobierno municipal en mejorar la infraestructura y calidad de vida de los ciudadanos.<\/div>\n<div dir=\"auto\" style=\"text-align: justify;\"><\/div>\n<div dir=\"auto\" style=\"text-align: justify;\">Asimismo, el Presidente Municipal recalc\u00f3 ante vecinos de la zona, que este tipo de proyectos refuerza el desarrollo social y econ\u00f3mico de la regi\u00f3n, promoviendo un entorno m\u00e1s seguro y accesible para todos.<\/div>\n<div dir=\"auto\" style=\"text-align: justify;\"><\/div>\n<div dir=\"auto\" style=\"text-align: justify;\"><img loading=\"lazy\" decoding=\"async\" class=\"alignright size-medium wp-image-1784\" src=\"https:\/\/revistaenfoquepolitico.com\/wp-content\/uploads\/2024\/10\/JM-PETROLERA-2-300x200.jpg\" alt=\"\" width=\"300\" height=\"200\" \/>Dicha obra constar\u00e1 de m\u00e1s de 3 mil 400 metros cuadrados de concreto asf\u00e1ltico y se aplicar\u00e1n m\u00e1s de mil metros lineales de pintura especial para se\u00f1alamiento en pavimento y guarniciones (l\u00edneas discontinuas y guarniciones).<\/div>\n<div dir=\"auto\" style=\"text-align: justify;\"><\/div>\n<div dir=\"auto\" style=\"text-align: justify;\">Por otra parte, se realizar\u00e1n m\u00e1s de cien metros cuadrados de aplicaci\u00f3n de pintura especial para se\u00f1alamiento en pasos peatonales y se instalar\u00e1n 16 piezas de se\u00f1alamiento direccional.<\/div>\n<div dir=\"auto\" style=\"text-align: justify;\"><\/div>\n<p>Nuevamente, el alcalde Juan Manuel Un\u00e1nue Abascal, ha reafirmado su compromiso con la ciudad de Boca del R\u00edo, recorriendo personalmente los proyectos en marcha que buscan mejorar la calidad de vida de sus habitantes.<\/p><\/div>\n<div id=\"x_ms-outlook-mobile-signature\" dir=\"auto\">\n<div style=\"text-align: justify;\"><img loading=\"lazy\" decoding=\"async\" class=\"alignleft size-medium wp-image-1785\" src=\"https:\/\/revistaenfoquepolitico.com\/wp-content\/uploads\/2024\/10\/JM-PETROLERA-3-300x200.jpg\" alt=\"\" width=\"300\" height=\"200\" \/><img loading=\"lazy\" decoding=\"async\" class=\"alignleft size-medium wp-image-1786\" src=\"https:\/\/revistaenfoquepolitico.com\/wp-content\/uploads\/2024\/10\/JM-PETROLERA-4-300x200.jpg\" alt=\"\" width=\"300\" height=\"200\" \/><\/div>\n<\/div>\n<div><\/div>\n<div><\/div>\n<div><\/div>\n<div><\/div>\n<div><\/div>\n<div><\/div>\n<div><\/div>\n<div><\/div>\n<div><\/div>\n<div><img loading=\"lazy\" decoding=\"async\" class=\"alignleft size-medium wp-image-1787\" src=\"https:\/\/revistaenfoquepolitico.com\/wp-content\/uploads\/2024\/10\/JM-PETROLERA-5-300x200.jpg\" alt=\"\" width=\"300\" height=\"200\" \/><img loading=\"lazy\" decoding=\"async\" class=\"alignleft size-medium wp-image-1789\" src=\"https:\/\/revistaenfoquepolitico.com\/wp-content\/uploads\/2024\/10\/JM-PETROLERA-7-300x200.jpg\" alt=\"\" width=\"300\" height=\"200\" \/><\/div>\n<div><\/div>\n<div><\/div>\n<div><\/div>\n<div><\/div>\n<div><\/div>\n<div><\/div>\n","protected":false},"excerpt":{"rendered":"<p>CON ESTA OBRA, M\u00c1S DE 9 MIL CIUDADANOS SE VER\u00c1N BENEFICIADOS DIRECTAMENTE, IMPACTANDO POS\u00cdTIVAMENTE EN SU CALIDAD DE VIDA Boca del R\u00edo, Ver., 15 de octubre de 2024 Este martes, el alcalde de Boca del R\u00edo, Juan Manuel Un\u00e1nue Abascal, recorri\u00f3 y supervis\u00f3 los trabajos de rehabilitaci\u00f3n de pavimentaci\u00f3n en concreto asf\u00e1ltico de la calle [&hellip;]<\/p>\n","protected":false},"author":1,"featured_media":0,"comment_status":"closed","ping_status":"closed","sticky":false,"template":"","format":"standard","meta":{"_jetpack_memberships_contains_paid_content":false,"footnotes":"","jetpack_publicize_message":"","jetpack_publicize_feature_enabled":true,"jetpack_social_post_already_shared":false,"jetpack_social_options":{"image_generator_settings":{"template":"highway","default_image_id":0,"font":"","enabled":false},"version":2}},"categories":[4],"tags":[15],"class_list":["post-1782","post","type-post","status-publish","format-standard","hentry","category-noticia-politica","tag-jm-alcalde-2024"],"jetpack_publicize_connections":[],"jetpack_featured_media_url":"","jetpack_sharing_enabled":true,"_links":{"self":[{"href":"https:\/\/revistaenfoquepolitico.com\/index.php\/wp-json\/wp\/v2\/posts\/1782","targetHints":{"allow":["GET"]}}],"collection":[{"href":"https:\/\/revistaenfoquepolitico.com\/index.php\/wp-json\/wp\/v2\/posts"}],"about":[{"href":"https:\/\/revistaenfoquepolitico.com\/index.php\/wp-json\/wp\/v2\/types\/post"}],"author":[{"embeddable":true,"href":"https:\/\/revistaenfoquepolitico.com\/index.php\/wp-json\/wp\/v2\/users\/1"}],"replies":[{"embeddable":true,"href":"https:\/\/revistaenfoquepolitico.com\/index.php\/wp-json\/wp\/v2\/comments?post=1782"}],"version-history":[{"count":1,"href":"https:\/\/revistaenfoquepolitico.com\/index.php\/wp-json\/wp\/v2\/posts\/1782\/revisions"}],"predecessor-version":[{"id":1790,"href":"https:\/\/revistaenfoquepolitico.com\/index.php\/wp-json\/wp\/v2\/posts\/1782\/revisions\/1790"}],"wp:attachment":[{"href":"https:\/\/revistaenfoquepolitico.com\/index.php\/wp-json\/wp\/v2\/media?parent=1782"}],"wp:term":[{"taxonomy":"category","embeddable":true,"href":"https:\/\/revistaenfoquepolitico.com\/index.php\/wp-json\/wp\/v2\/categories?post=1782"},{"taxonomy":"post_tag","embeddable":true,"href":"https:\/\/revistaenfoquepolitico.com\/index.php\/wp-json\/wp\/v2\/tags?post=1782"}],"curies":[{"name":"wp","href":"https:\/\/api.w.org\/{rel}","templated":true}]}}