{"id":1798,"date":"2024-10-17T05:28:02","date_gmt":"2024-10-17T05:28:02","guid":{"rendered":"https:\/\/revistaenfoquepolitico.com\/?p=1798"},"modified":"2024-10-17T05:28:02","modified_gmt":"2024-10-17T05:28:02","slug":"comite-del-carnaval-de-veracruz-y-academia-de-belleza-reflejos-preparan-papaqui-de-catrinas","status":"publish","type":"post","link":"https:\/\/revistaenfoquepolitico.com\/index.php\/2024\/10\/17\/comite-del-carnaval-de-veracruz-y-academia-de-belleza-reflejos-preparan-papaqui-de-catrinas\/","title":{"rendered":"COMIT\u00c9 DEL CARNAVAL DE VERACRUZ Y ACADEMIA DE BELLEZA REFLEJOS PREPARAN PAPAQUI DE CATRINAS"},"content":{"rendered":"<p><strong>EL DESFILE \u00abTRADICIONES DE M\u00c9XICANAS\u00bb SE REALIZAR\u00c1 EL MIERCOLES 30 DE OCTUBRE<\/strong><\/p>\n<div dir=\"auto\">&#8211; Invitan a la ciudadan\u00eda a participar de manera gratuita en el contingente<\/div>\n<div dir=\"auto\"><\/div>\n<div dir=\"auto\"><\/div>\n<div dir=\"auto\">Veracruz, Ver. 15 de octubre 2024<\/div>\n<div dir=\"auto\"><\/div>\n<div dir=\"auto\" style=\"text-align: justify;\">En el marco de la celebraci\u00f3n de Todos Santos, la Academia de Belleza Reflejos y el Comit\u00e9 de Carnaval de Veracruz, realizar\u00e1n el Desfile &amp; Papaqui de Catrinas \u201cTradiciones Mexicanas\u201d, fundado por el maestro Phillipe Reyes (+).<\/div>\n<div dir=\"auto\" style=\"text-align: justify;\"><\/div>\n<div dir=\"auto\" style=\"text-align: justify;\"><img loading=\"lazy\" decoding=\"async\" class=\"alignleft size-medium wp-image-1800\" src=\"https:\/\/revistaenfoquepolitico.com\/wp-content\/uploads\/2024\/10\/CATRINAS-F2-200x300.jpg\" alt=\"\" width=\"200\" height=\"300\" \/>Ser\u00e1 el pr\u00f3ximo mi\u00e9rcoles 30 de octubre cuando se lleve a cabo este d\u00e9cimo primer Desfile &amp; Papaqui de Catrinas \u201cTradiciones Mexicanas\u201d, que una vez m\u00e1s la Academia de Belleza \u00abReflejos\u00bb hace alianza con el Comit\u00e9 de Carnaval para llevar a cabo dicho festejo y conmemoraci\u00f3n.<\/div>\n<div dir=\"auto\" style=\"text-align: justify;\"><\/div>\n<div dir=\"auto\" style=\"text-align: justify;\">El Desfile &amp; Papaqui de Catrinas \u201cTradiciones Mexicanas\u201d dar\u00e1 inicio en punto de las 18:00 horas partiendo de Ray\u00f3n y Zaragoza (a un lado de Bomberos) para tomar la avenida Independencia y concluir\u00e1 con una verbena popular donde se premiar\u00e1 a las mejores caracterizaciones de la Academia de Belleza Reflejos y del p\u00fablico en general que participe, adem\u00e1s de un espect\u00e1culo musical.<\/div>\n<div dir=\"auto\" style=\"text-align: justify;\"><\/div>\n<div dir=\"auto\" style=\"text-align: justify;\">En conferencia de prensa la ma\u00f1ana de este martes la Academia de Belleza Reflejos y el Comit\u00e9 del Carnaval de Veracruz informaron que en este a\u00f1o se espera la participaci\u00f3n de m\u00e1s de mil personas en el contingente caracterizadas de Catrinas y Catrines.<\/div>\n<div dir=\"auto\" style=\"text-align: justify;\"><\/div>\n<div dir=\"auto\" style=\"text-align: justify;\"><img loading=\"lazy\" decoding=\"async\" class=\"alignright size-medium wp-image-1804\" src=\"https:\/\/revistaenfoquepolitico.com\/wp-content\/uploads\/2024\/10\/CATRINAS-F6-300x200.jpg\" alt=\"\" width=\"300\" height=\"200\" \/>Este a\u00f1o el contingente lo conformar\u00e1n: Catrinas Novias, Catrinas Monocrom\u00e1ticas, Catrinas Talavera, Catrinas Papel Picado, Catrinas Tradicionales, Catrinas Garbanceras y Catrinas Viuda Negra.<\/div>\n<div dir=\"auto\" style=\"text-align: justify;\"><\/div>\n<div dir=\"auto\" style=\"text-align: justify;\">La Academia de Belleza Reflejos invita a la ciudadan\u00eda a participar en este anual desfile. Puedes inscribirte de manera gratuita en las instalaciones de la Academia ubicada en Esteban Morales entre Independencia y 5 de Mayo (Centro Hist\u00f3rico). A los primeros inscritos se les obsequiar\u00e1 maquillaje y preparaci\u00f3n de la piel, cortes\u00eda de la Escuela de Cosmetolog\u00eda TRIAL, patrocinador oficial del Papaqui de Catrinas Tradiciones Mexicanas.<\/div>\n<div dir=\"auto\" style=\"text-align: justify;\"><\/div>\n<div dir=\"auto\" style=\"text-align: justify;\"><img loading=\"lazy\" decoding=\"async\" class=\"alignleft size-medium wp-image-1799\" src=\"https:\/\/revistaenfoquepolitico.com\/wp-content\/uploads\/2024\/10\/CATRINAS-F1-300x225.jpg\" alt=\"\" width=\"300\" height=\"225\" \/>Presidieron la conferencia de prensa: Laura Esmeralda D\u00edaz Mart\u00ednez, directora de la Academia de Belleza \u201cReflejos\u201d; Hugo Alberto V\u00e1zquez Fern\u00e1ndez, representante de \u201cReflejos\u201d; Luis Francisco Vald\u00e9s, Oficial Mayor del Comit\u00e9 del Carnaval de Veracruz y Susana Ortiz, directora de Bastoneras Susy.<\/div>\n<div dir=\"auto\" style=\"text-align: justify;\"><\/div>\n<div dir=\"auto\" style=\"text-align: justify;\">El Comit\u00e9 de Carnaval de Veracruz y la Academia de Belleza \u201cReflejos\u201d exhortan a la ciudadan\u00eda a participar y disfrutar de este Desfile &amp; Papaqui de Catrinas \u201cTradiciones Mexicanas\u201d el mi\u00e9rcoles 30 de octubre a partir de las 18:00 horas.<\/div>\n<div dir=\"auto\"><\/div>\n<div dir=\"auto\"><img loading=\"lazy\" decoding=\"async\" class=\"alignleft size-medium wp-image-1805\" src=\"https:\/\/revistaenfoquepolitico.com\/wp-content\/uploads\/2024\/10\/CATRINAS-F7-300x200.jpg\" alt=\"\" width=\"300\" height=\"200\" \/><img loading=\"lazy\" decoding=\"async\" class=\"alignright size-medium wp-image-1806\" src=\"https:\/\/revistaenfoquepolitico.com\/wp-content\/uploads\/2024\/10\/CATRINAS-F9-300x200.jpg\" alt=\"\" width=\"300\" height=\"200\" \/><\/div>\n<div dir=\"auto\"><\/div>\n<div dir=\"auto\"><\/div>\n<div dir=\"auto\"><\/div>\n<div dir=\"auto\"><\/div>\n<div dir=\"auto\"><\/div>\n<div dir=\"auto\"><\/div>\n<div dir=\"auto\"><\/div>\n<div dir=\"auto\"><\/div>\n<div dir=\"auto\"><\/div>\n<div dir=\"auto\"><\/div>\n<div dir=\"auto\"><img loading=\"lazy\" decoding=\"async\" class=\"alignleft size-medium wp-image-1807\" src=\"https:\/\/revistaenfoquepolitico.com\/wp-content\/uploads\/2024\/10\/CATRINAS-F10-300x200.jpg\" alt=\"\" width=\"300\" height=\"200\" srcset=\"https:\/\/revistaenfoquepolitico.com\/wp-content\/uploads\/2024\/10\/CATRINAS-F10-300x200.jpg 300w, https:\/\/revistaenfoquepolitico.com\/wp-content\/uploads\/2024\/10\/CATRINAS-F10-1024x683.jpg 1024w, https:\/\/revistaenfoquepolitico.com\/wp-content\/uploads\/2024\/10\/CATRINAS-F10-768x512.jpg 768w, https:\/\/revistaenfoquepolitico.com\/wp-content\/uploads\/2024\/10\/CATRINAS-F10-1536x1024.jpg 1536w, https:\/\/revistaenfoquepolitico.com\/wp-content\/uploads\/2024\/10\/CATRINAS-F10-1170x780.jpg 1170w, https:\/\/revistaenfoquepolitico.com\/wp-content\/uploads\/2024\/10\/CATRINAS-F10.jpg 1920w\" sizes=\"auto, (max-width: 300px) 100vw, 300px\" \/><img loading=\"lazy\" decoding=\"async\" class=\"alignright size-medium wp-image-1808\" src=\"https:\/\/revistaenfoquepolitico.com\/wp-content\/uploads\/2024\/10\/CATRINAS-F11-300x225.jpg\" alt=\"\" width=\"300\" height=\"225\" \/><\/div>\n<div dir=\"auto\"><\/div>\n<div dir=\"auto\"><\/div>\n<div dir=\"auto\"><\/div>\n<div dir=\"auto\"><\/div>\n<div dir=\"auto\"><\/div>\n<div dir=\"auto\"><\/div>\n<div dir=\"auto\"><\/div>\n<div dir=\"auto\"><\/div>\n<div dir=\"auto\"><\/div>\n<div dir=\"auto\"><\/div>\n<div dir=\"auto\"><\/div>\n<div dir=\"auto\"><\/div>\n<div dir=\"auto\" style=\"text-align: justify;\"><\/div>\n","protected":false},"excerpt":{"rendered":"<p>EL DESFILE \u00abTRADICIONES DE M\u00c9XICANAS\u00bb SE REALIZAR\u00c1 EL MIERCOLES 30 DE OCTUBRE &#8211; Invitan a la ciudadan\u00eda a participar de manera gratuita en el contingente Veracruz, Ver. 15 de octubre 2024 En el marco de la celebraci\u00f3n de Todos Santos, la Academia de Belleza Reflejos y el Comit\u00e9 de Carnaval de Veracruz, realizar\u00e1n el Desfile [&hellip;]<\/p>\n","protected":false},"author":1,"featured_media":0,"comment_status":"closed","ping_status":"closed","sticky":false,"template":"","format":"standard","meta":{"_jetpack_memberships_contains_paid_content":false,"footnotes":"","jetpack_publicize_message":"","jetpack_publicize_feature_enabled":true,"jetpack_social_post_already_shared":false,"jetpack_social_options":{"image_generator_settings":{"template":"highway","default_image_id":0,"font":"","enabled":false},"version":2}},"categories":[4],"tags":[19],"class_list":["post-1798","post","type-post","status-publish","format-standard","hentry","category-noticia-politica","tag-carnaval-2024"],"jetpack_publicize_connections":[],"jetpack_featured_media_url":"","jetpack_sharing_enabled":true,"_links":{"self":[{"href":"https:\/\/revistaenfoquepolitico.com\/index.php\/wp-json\/wp\/v2\/posts\/1798","targetHints":{"allow":["GET"]}}],"collection":[{"href":"https:\/\/revistaenfoquepolitico.com\/index.php\/wp-json\/wp\/v2\/posts"}],"about":[{"href":"https:\/\/revistaenfoquepolitico.com\/index.php\/wp-json\/wp\/v2\/types\/post"}],"author":[{"embeddable":true,"href":"https:\/\/revistaenfoquepolitico.com\/index.php\/wp-json\/wp\/v2\/users\/1"}],"replies":[{"embeddable":true,"href":"https:\/\/revistaenfoquepolitico.com\/index.php\/wp-json\/wp\/v2\/comments?post=1798"}],"version-history":[{"count":1,"href":"https:\/\/revistaenfoquepolitico.com\/index.php\/wp-json\/wp\/v2\/posts\/1798\/revisions"}],"predecessor-version":[{"id":1809,"href":"https:\/\/revistaenfoquepolitico.com\/index.php\/wp-json\/wp\/v2\/posts\/1798\/revisions\/1809"}],"wp:attachment":[{"href":"https:\/\/revistaenfoquepolitico.com\/index.php\/wp-json\/wp\/v2\/media?parent=1798"}],"wp:term":[{"taxonomy":"category","embeddable":true,"href":"https:\/\/revistaenfoquepolitico.com\/index.php\/wp-json\/wp\/v2\/categories?post=1798"},{"taxonomy":"post_tag","embeddable":true,"href":"https:\/\/revistaenfoquepolitico.com\/index.php\/wp-json\/wp\/v2\/tags?post=1798"}],"curies":[{"name":"wp","href":"https:\/\/api.w.org\/{rel}","templated":true}]}}