{"id":1896,"date":"2024-11-03T14:32:07","date_gmt":"2024-11-03T14:32:07","guid":{"rendered":"https:\/\/revistaenfoquepolitico.com\/?p=1896"},"modified":"2024-11-03T14:32:07","modified_gmt":"2024-11-03T14:32:07","slug":"el-corazon-de-boca-se-vistio-de-gala-con-la-exitosa-pasarela-de-catrinas","status":"publish","type":"post","link":"https:\/\/revistaenfoquepolitico.com\/index.php\/2024\/11\/03\/el-corazon-de-boca-se-vistio-de-gala-con-la-exitosa-pasarela-de-catrinas\/","title":{"rendered":"EL CORAZ\u00d3N DE BOCA SE VIST\u00cdO DE GALA CON LA EXITOSA PASARELA DE CATRINAS"},"content":{"rendered":"<div dir=\"auto\" data-olk-copy-source=\"MessageBody\"><strong>*EL ALCALDE JUAN MANUEL UN\u00c1NUE Y FAMILIA DISFRUTARON JUNTOS A BOQUE\u00d1OS Y TURISTAS DEL SEGUNDO D\u00cdA DE ACTIVIDADES DEL D\u00cdA DE MUERTOS EN BOCA*<\/strong><\/div>\n<div dir=\"auto\" data-olk-copy-source=\"MessageBody\"><\/div>\n<div dir=\"auto\" data-olk-copy-source=\"MessageBody\">Boca del R\u00edo, Ver., 02 de noviembre de 2024<\/div>\n<div dir=\"auto\" data-olk-copy-source=\"MessageBody\"><\/div>\n<div dir=\"auto\" data-olk-copy-source=\"MessageBody\">\n<div dir=\"auto\" style=\"text-align: justify;\">La noche de este viernes, el misticismo, excelentes trabajos de maquillaje y vestuario, fueron presentados en la \u201cPasarela de Catrinas\u201d como parte del programa del \u201cD\u00eda de Muertos en Boca\u201d.<\/div>\n<div dir=\"auto\" style=\"text-align: justify;\"><\/div>\n<div dir=\"auto\" style=\"text-align: justify;\"><img loading=\"lazy\" decoding=\"async\" class=\"alignleft size-medium wp-image-1898\" src=\"https:\/\/revistaenfoquepolitico.com\/wp-content\/uploads\/2024\/11\/CORAZON-BOCA-2-300x200.jpg\" alt=\"\" width=\"300\" height=\"200\" \/>El alcalde de Boca del R\u00edo, Juan Manuel Un\u00e1nue Abascal, acompa\u00f1ado por la Presidenta del DIF Municipal, Melina Rivera de Un\u00e1nue y su peque\u00f1a hija Aitana, resalt\u00f3 la participaci\u00f3n de los boque\u00f1os en esta fiesta, as\u00ed como de los cientos de visitantes que se han dado cita en las distintas actividades.<\/div>\n<div dir=\"auto\" style=\"text-align: justify;\"><\/div>\n<div dir=\"auto\" style=\"text-align: justify;\">\u201cSeguimos con las actividades este s\u00e1bado con un programa muy bonito, tenemos la presencia de mucha gente, mucho movimiento en la cabecera municipal, hay mucho turista, y esto qu\u00e9 implica, derrama econ\u00f3mica y generaci\u00f3n de empleo\u201d, expres\u00f3 el edil.<\/div>\n<div dir=\"auto\" style=\"text-align: justify;\"><\/div>\n<div dir=\"auto\" style=\"text-align: justify;\"><img loading=\"lazy\" decoding=\"async\" class=\"alignright size-medium wp-image-1899\" src=\"https:\/\/revistaenfoquepolitico.com\/wp-content\/uploads\/2024\/11\/CORAZON-BOCA-3-300x200.jpg\" alt=\"\" width=\"300\" height=\"200\" \/>Se cont\u00f3 con la participaci\u00f3n de 18 participantes en la pasarela de Catrinas y Catrines, peque\u00f1os y adultos que fueron la alegr\u00eda de los presentes con sus extraordinarias representaciones, premi\u00e1ndose a los tres primeros lugares.<\/div>\n<div dir=\"auto\" style=\"text-align: justify;\"><\/div>\n<div dir=\"auto\" style=\"text-align: justify;\">Previamente, se realiz\u00f3 una verbena popular con la presencia de un mercadito de expositores con distintas propuestas gastron\u00f3micas, y como parte del programa art\u00edstico se present\u00f3 el Ballet Folcl\u00f3rico Infantil de la Casa de la Cultura, el Grupo Folclor de Boca y la Compa\u00f1\u00eda de artes esc\u00e9nicas MalabareArte.<\/div>\n<div dir=\"auto\" style=\"text-align: justify;\"><\/div>\n<div dir=\"auto\"><\/div>\n<div dir=\"auto\"><strong>*ALTAR BOQUE\u00d1OS DE ORIGEN*<\/strong><\/div>\n<div dir=\"auto\"><\/div>\n<div dir=\"auto\"><\/div>\n<div dir=\"auto\" style=\"text-align: justify;\"><img loading=\"lazy\" decoding=\"async\" class=\"alignleft size-medium wp-image-1900\" src=\"https:\/\/revistaenfoquepolitico.com\/wp-content\/uploads\/2024\/11\/CORAZON-BOCA-4-300x200.jpg\" alt=\"\" width=\"300\" height=\"200\" \/>Cabe recordar que el d\u00eda inici\u00f3 con la inauguraci\u00f3n y bendici\u00f3n del altar \u201cBoque\u00f1os de Origen\u201d, celebraci\u00f3n que se realiza cada a\u00f1o en conjunto con los restauranteros de Boca del R\u00edo.<\/div>\n<div dir=\"auto\" style=\"text-align: justify;\"><\/div>\n<div dir=\"auto\" style=\"text-align: justify;\">Dicho altar se integr\u00f3 con casi 400 rostros, sum\u00e1ndose este 2024 a 38, quienes fallecieron durante este a\u00f1o, la bendici\u00f3n estuvo a cargo del Padre Guillermo Arturo Mart\u00ednez, P\u00e1rroco de la Iglesia de Santa Ana.<\/div>\n<div dir=\"auto\" style=\"text-align: justify;\"><\/div>\n<div dir=\"auto\" style=\"text-align: justify;\">El alcalde Juan Manuel Un\u00e1nue Abascal, se dijo muy contento de <img loading=\"lazy\" decoding=\"async\" class=\"alignleft size-medium wp-image-1901\" src=\"https:\/\/revistaenfoquepolitico.com\/wp-content\/uploads\/2024\/11\/CORAZON-BOCA-5-300x200.jpg\" alt=\"\" width=\"300\" height=\"200\" \/>participar con los ciudadanos de la cabecera municipal, no solo en esta actividad, sino en otras m\u00e1s que se realizan continuamente en el coraz\u00f3n boque\u00f1o.<\/div>\n<div dir=\"auto\" style=\"text-align: justify;\"><\/div>\n<div dir=\"auto\"><\/div>\n<div dir=\"auto\"><\/div>\n<div dir=\"auto\"><\/div>\n<div dir=\"auto\"><\/div>\n<div dir=\"auto\"><\/div>\n<div dir=\"auto\"><\/div>\n<div dir=\"auto\"><\/div>\n<div dir=\"auto\"><\/div>\n<div dir=\"auto\"><strong>*PROGRAMA DE ACTIVIDADES*<\/strong><\/div>\n<div dir=\"auto\"><strong>S\u00c1BADO 02 DE NOVIEMBRE<\/strong><\/div>\n<div dir=\"auto\"><\/div>\n<div dir=\"auto\"><\/div>\n<div dir=\"auto\">8 a.m. Misa de difuntos en Pante\u00f3n Municipal.<\/div>\n<div dir=\"auto\">7 p.m. Misa de difuntos en la Iglesia de Nuestra Se\u00f1ora de Santa Ana.<\/div>\n<div dir=\"auto\">8 p.m. Procesi\u00f3n por el D\u00eda de Muertos de Casa de Cultura al altar de \u201cBoque\u00f1os de Origen\u201d (andador Revoluci\u00f3n).<\/div>\n<p>9 p.m. \u201cEnciende una luz a tu difunto\u201d, a un costado del altar de \u201cBoque\u00f1os de Origen\u201d (andador Revoluci\u00f3n).<\/p>\n<\/div>\n<div id=\"x_ms-outlook-mobile-signature\" dir=\"auto\">\n<div><\/div>\n<\/div>\n","protected":false},"excerpt":{"rendered":"<p>*EL ALCALDE JUAN MANUEL UN\u00c1NUE Y FAMILIA DISFRUTARON JUNTOS A BOQUE\u00d1OS Y TURISTAS DEL SEGUNDO D\u00cdA DE ACTIVIDADES DEL D\u00cdA DE MUERTOS EN BOCA* Boca del R\u00edo, Ver., 02 de noviembre de 2024 La noche de este viernes, el misticismo, excelentes trabajos de maquillaje y vestuario, fueron presentados en la \u201cPasarela de Catrinas\u201d como parte [&hellip;]<\/p>\n","protected":false},"author":1,"featured_media":0,"comment_status":"closed","ping_status":"closed","sticky":false,"template":"","format":"standard","meta":{"_jetpack_memberships_contains_paid_content":false,"footnotes":"","jetpack_publicize_message":"","jetpack_publicize_feature_enabled":true,"jetpack_social_post_already_shared":false,"jetpack_social_options":{"image_generator_settings":{"template":"highway","default_image_id":0,"font":"","enabled":false},"version":2}},"categories":[4],"tags":[],"class_list":["post-1896","post","type-post","status-publish","format-standard","hentry","category-noticia-politica"],"jetpack_publicize_connections":[],"jetpack_featured_media_url":"","jetpack_sharing_enabled":true,"_links":{"self":[{"href":"https:\/\/revistaenfoquepolitico.com\/index.php\/wp-json\/wp\/v2\/posts\/1896","targetHints":{"allow":["GET"]}}],"collection":[{"href":"https:\/\/revistaenfoquepolitico.com\/index.php\/wp-json\/wp\/v2\/posts"}],"about":[{"href":"https:\/\/revistaenfoquepolitico.com\/index.php\/wp-json\/wp\/v2\/types\/post"}],"author":[{"embeddable":true,"href":"https:\/\/revistaenfoquepolitico.com\/index.php\/wp-json\/wp\/v2\/users\/1"}],"replies":[{"embeddable":true,"href":"https:\/\/revistaenfoquepolitico.com\/index.php\/wp-json\/wp\/v2\/comments?post=1896"}],"version-history":[{"count":1,"href":"https:\/\/revistaenfoquepolitico.com\/index.php\/wp-json\/wp\/v2\/posts\/1896\/revisions"}],"predecessor-version":[{"id":1903,"href":"https:\/\/revistaenfoquepolitico.com\/index.php\/wp-json\/wp\/v2\/posts\/1896\/revisions\/1903"}],"wp:attachment":[{"href":"https:\/\/revistaenfoquepolitico.com\/index.php\/wp-json\/wp\/v2\/media?parent=1896"}],"wp:term":[{"taxonomy":"category","embeddable":true,"href":"https:\/\/revistaenfoquepolitico.com\/index.php\/wp-json\/wp\/v2\/categories?post=1896"},{"taxonomy":"post_tag","embeddable":true,"href":"https:\/\/revistaenfoquepolitico.com\/index.php\/wp-json\/wp\/v2\/tags?post=1896"}],"curies":[{"name":"wp","href":"https:\/\/api.w.org\/{rel}","templated":true}]}}