{"id":1927,"date":"2024-11-21T03:52:20","date_gmt":"2024-11-21T03:52:20","guid":{"rendered":"https:\/\/revistaenfoquepolitico.com\/?p=1927"},"modified":"2024-11-21T03:52:20","modified_gmt":"2024-11-21T03:52:20","slug":"alcalde-jm-unanue-da-certeza-juridica-a-ciudadanos-de-la-ampliacion-miguel-aleman","status":"publish","type":"post","link":"https:\/\/revistaenfoquepolitico.com\/index.php\/2024\/11\/21\/alcalde-jm-unanue-da-certeza-juridica-a-ciudadanos-de-la-ampliacion-miguel-aleman\/","title":{"rendered":"ALCALDE JM UN\u00c1NUE DA CERTEZA JUR\u00cdDICA A CIUDADANOS DE LA AMPLIACI\u00d3N MIGUEL ALEM\u00c1N"},"content":{"rendered":"<div dir=\"auto\" data-olk-copy-source=\"MessageBody\"><strong>*EL MUN\u00cdCIPE BOQUE\u00d1O ENTREG\u00d3 ESCRITURAS A RESIDENTES QUE POR A\u00d1OS TEN\u00cdAN SU LOTE COMO EJIDO*<\/strong><\/div>\n<div dir=\"auto\" data-olk-copy-source=\"MessageBody\"><\/div>\n<div dir=\"auto\" data-olk-copy-source=\"MessageBody\">Boca del R\u00edo, Ver., 20 de noviembre de 2024<\/div>\n<div dir=\"auto\" data-olk-copy-source=\"MessageBody\"><\/div>\n<div dir=\"auto\" style=\"text-align: justify;\" data-olk-copy-source=\"MessageBody\">\n<div dir=\"auto\" style=\"text-align: justify;\">El alcalde de Boca del R\u00edo, Juan Manuel Un\u00e1nue Abascal, entreg\u00f3 29 escrituras a vecinos beneficiados de la colonia Ampliaci\u00f3n Miguel Alem\u00e1n, obteniendo certeza jur\u00eddica de la propiedad donde viven.<\/div>\n<div dir=\"auto\" style=\"text-align: justify;\"><\/div>\n<div dir=\"auto\" style=\"text-align: justify;\">Con el marco del patio central del Palacio Municipal, el mun\u00edcipe boque\u00f1o enfatiz\u00f3 que este logro social es gracias al esfuerzo de su gobierno y el ejidatario.<\/div>\n<div dir=\"auto\" style=\"text-align: justify;\"><\/div>\n<div dir=\"auto\" style=\"text-align: justify;\"><img loading=\"lazy\" decoding=\"async\" class=\"alignleft size-medium wp-image-1930\" src=\"https:\/\/revistaenfoquepolitico.com\/wp-content\/uploads\/2024\/11\/JM-CERTEZA-JURIDICA-1-300x200.jpg\" alt=\"\" width=\"300\" height=\"200\" \/>\u201cEste es uno de los eventos m\u00e1s significativos que uno tiene como presidente municipal, el esfuerzo que conlleva todo esto, todo el tr\u00e1mite, el conjunto de voluntades que hay en ambas partes, gobierno, el ejidatario y toda la tramitolog\u00eda, y sobre todo los a\u00f1os de espera que tuvieron que pasar estas familias para tener certeza jur\u00eddica en su patrimonio.<\/div>\n<div dir=\"auto\" style=\"text-align: justify;\"><\/div>\n<div dir=\"auto\" style=\"text-align: justify;\">\u201cReitero, este momento es muy significativo para mi, que 29 familias de esta ciudad ya tienen certeza jur\u00eddica y tienen ya un pedacito de lo mejor de Veracruz que es Boca Del R\u00edo\u201d, expres\u00f3 el Un\u00e1nue Abascal.<\/div>\n<div dir=\"auto\" style=\"text-align: justify;\"><\/div>\n<div dir=\"auto\" style=\"text-align: justify;\">Asimismo, destac\u00f3 que se cuenta con el registro de una de las vecinas beneficiadas que comprob\u00f3 que contaba con 29 a\u00f1os de residencia en el lugar y apenas obtuvo sus escrituras, por otra parte, Do\u00f1a Juanita, con 20 a\u00f1os de vivir en la colonia, quien le refiri\u00f3, \u201cya no le voy a reclamar nada, usted me hizo la calle, me puso mi tope y me est\u00e1 entregando mis escrituras\u201d.<\/div>\n<div dir=\"auto\" style=\"text-align: justify;\"><\/div>\n<div dir=\"auto\" style=\"text-align: justify;\">Un\u00e1nue Abascal record\u00f3 que la Ampliaci\u00f3n Miguel Alem\u00e1n es una de las zonas que requer\u00edan de mayor atenci\u00f3n ante la falta de infraestructura, pero que desde las \u00faltimas administraciones ha crecido, y ahora en el 2024, las familias viven mejor.<\/div>\n<div dir=\"auto\" style=\"text-align: justify;\"><\/div>\n<div dir=\"auto\" style=\"text-align: justify;\">El Presidente Municipal estuvo acompa\u00f1ado por la se\u00f1ora Melina Rivera de Un\u00e1nue, presidenta del DIF de Boca del R\u00edo, quien tambi\u00e9n felicit\u00f3 a los favorecidos.<\/div>\n<div dir=\"auto\" style=\"text-align: justify;\"><\/div>\n<div dir=\"auto\" style=\"text-align: justify;\">En tanto, Roberto Valerio Santiago, quien es el Ejidatario, agradeci\u00f3 al Presidente Municipal por facilitar el tr\u00e1mite de las escrituras con el que se beneficia a colonos de la Ampliaci\u00f3n Miguel Alem\u00e1n.<\/div>\n<div dir=\"auto\" style=\"text-align: justify;\"><\/div>\n<div dir=\"auto\" style=\"text-align: justify;\">\u201cMuchas gracias por facilitar el tr\u00e1mite de las escrituras, este documento da certeza jur\u00eddica de los terrenos y da tranquilidad de la propiedad y el patrimonio de las familias. Cabe recordar que viv\u00edamos con carencias, falta de servicios, no ten\u00edamos agua ni luz, guarniciones ni banquetas y todo esto se ha ido transformando\u201d, dijo el beneficiado.<\/div>\n<div dir=\"auto\" style=\"text-align: justify;\"><\/div>\n<div dir=\"auto\" style=\"text-align: justify;\">Eloisa Garc\u00eda Cruz, otra de las beneficiadas, resalt\u00f3 que despu\u00e9s de muchos a\u00f1os y distintas administraciones municipales al fin lograron obtener sus escrituras que los acredita como leg\u00edtimos due\u00f1os de \u201cun pedacito de nuestro hermoso municipio de Boca del R\u00edo donde nac\u00ed, crec\u00ed y tengo a mis hijos\u201d, mencion\u00f3.<\/div>\n<div dir=\"auto\" style=\"text-align: justify;\"><\/div>\n<p>Durante la entrega de escrituras estuvieron presentes Susana Tiburcio Galicia, S\u00edndica \u00danica, Rafael Cuenca Campa, regidor primero y Edgar Orozco B\u00e1ez, director de Planeaci\u00f3n Urbana y Obra P\u00fablica.<\/p>\n<\/div>\n<div id=\"x_ms-outlook-mobile-signature\" dir=\"auto\">\n<div style=\"text-align: justify;\"><\/div>\n<\/div>\n","protected":false},"excerpt":{"rendered":"<p>*EL MUN\u00cdCIPE BOQUE\u00d1O ENTREG\u00d3 ESCRITURAS A RESIDENTES QUE POR A\u00d1OS TEN\u00cdAN SU LOTE COMO EJIDO* Boca del R\u00edo, Ver., 20 de noviembre de 2024 El alcalde de Boca del R\u00edo, Juan Manuel Un\u00e1nue Abascal, entreg\u00f3 29 escrituras a vecinos beneficiados de la colonia Ampliaci\u00f3n Miguel Alem\u00e1n, obteniendo certeza jur\u00eddica de la propiedad donde viven. Con [&hellip;]<\/p>\n","protected":false},"author":1,"featured_media":0,"comment_status":"closed","ping_status":"closed","sticky":false,"template":"","format":"standard","meta":{"_jetpack_memberships_contains_paid_content":false,"footnotes":"","jetpack_publicize_message":"","jetpack_publicize_feature_enabled":true,"jetpack_social_post_already_shared":false,"jetpack_social_options":{"image_generator_settings":{"template":"highway","default_image_id":0,"font":"","enabled":false},"version":2}},"categories":[4],"tags":[],"class_list":["post-1927","post","type-post","status-publish","format-standard","hentry","category-noticia-politica"],"jetpack_publicize_connections":[],"jetpack_featured_media_url":"","jetpack_sharing_enabled":true,"_links":{"self":[{"href":"https:\/\/revistaenfoquepolitico.com\/index.php\/wp-json\/wp\/v2\/posts\/1927","targetHints":{"allow":["GET"]}}],"collection":[{"href":"https:\/\/revistaenfoquepolitico.com\/index.php\/wp-json\/wp\/v2\/posts"}],"about":[{"href":"https:\/\/revistaenfoquepolitico.com\/index.php\/wp-json\/wp\/v2\/types\/post"}],"author":[{"embeddable":true,"href":"https:\/\/revistaenfoquepolitico.com\/index.php\/wp-json\/wp\/v2\/users\/1"}],"replies":[{"embeddable":true,"href":"https:\/\/revistaenfoquepolitico.com\/index.php\/wp-json\/wp\/v2\/comments?post=1927"}],"version-history":[{"count":1,"href":"https:\/\/revistaenfoquepolitico.com\/index.php\/wp-json\/wp\/v2\/posts\/1927\/revisions"}],"predecessor-version":[{"id":1931,"href":"https:\/\/revistaenfoquepolitico.com\/index.php\/wp-json\/wp\/v2\/posts\/1927\/revisions\/1931"}],"wp:attachment":[{"href":"https:\/\/revistaenfoquepolitico.com\/index.php\/wp-json\/wp\/v2\/media?parent=1927"}],"wp:term":[{"taxonomy":"category","embeddable":true,"href":"https:\/\/revistaenfoquepolitico.com\/index.php\/wp-json\/wp\/v2\/categories?post=1927"},{"taxonomy":"post_tag","embeddable":true,"href":"https:\/\/revistaenfoquepolitico.com\/index.php\/wp-json\/wp\/v2\/tags?post=1927"}],"curies":[{"name":"wp","href":"https:\/\/api.w.org\/{rel}","templated":true}]}}