{"id":1932,"date":"2024-11-21T04:05:56","date_gmt":"2024-11-21T04:05:56","guid":{"rendered":"https:\/\/revistaenfoquepolitico.com\/?p=1932"},"modified":"2024-11-21T04:05:56","modified_gmt":"2024-11-21T04:05:56","slug":"instalan-comision-que-atendera-el-desarrollo-agropecuario-rural-y-forestal","status":"publish","type":"post","link":"https:\/\/revistaenfoquepolitico.com\/index.php\/2024\/11\/21\/instalan-comision-que-atendera-el-desarrollo-agropecuario-rural-y-forestal\/","title":{"rendered":"INSTALAN COMISI\u00d3N QUE ATENDER\u00c1 EL DESARROLLO AGROPECUARIO, RURAL Y FORESTAL"},"content":{"rendered":"<p class=\"x_BodyA\" align=\"center\"><b><span data-olk-copy-source=\"MessageBody\">Instalan Comisi\u00f3n que atender\u00e1 el desarrollo agropecuario, rural y forestal<\/span><\/b><\/p>\n<p class=\"x_MsoNormal\">\n<ul type=\"disc\">\n<li class=\"x_MsoNormal\">La integran las diputadas Dulce Mar\u00eda Hern\u00e1ndez y Guadalupe V\u00e1zquez y el diputado Juan Tress.<\/li>\n<\/ul>\n<p class=\"x_BodyA\">\n<p class=\"x_BodyA\">\n<p class=\"x_MsoNormal\">Xalapa, Ver., 19 de noviembre de 2024<\/p>\n<p>&nbsp;<\/p>\n<p class=\"x_MsoNormal\" style=\"text-align: justify;\">Las diputadas Dulce Mar\u00eda Hern\u00e1ndez Tepole y Guadalupe V\u00e1zquez Gonz\u00e1lez, as\u00ed como el legislador Juan Tress Zilli, presidenta, secretaria y vocal, respectivamente, de la Comisi\u00f3n Permanente de Desarrollo Agropecuario, Rural y Forestal, firmaron el acta que formaliza la instalaci\u00f3n de este \u00f3rgano legislativo.<\/p>\n<p class=\"x_MsoNormal\" style=\"text-align: justify;\">\n<p class=\"x_MsoNormal\" style=\"text-align: justify;\"><img loading=\"lazy\" decoding=\"async\" class=\"alignleft size-medium wp-image-1934\" src=\"https:\/\/revistaenfoquepolitico.com\/wp-content\/uploads\/2024\/11\/COM.-CONGRESO-0035-F2-300x200.jpg\" alt=\"\" width=\"300\" height=\"200\" \/>En oficinas del Palacio Legislativo, las diputadas y el diputado signaron el Acta con que se da inicio a las actividades de an\u00e1lisis y dictaminaci\u00f3n de los asuntos que les sean turnados por la Mesa Directiva, aunado a la recepci\u00f3n de propuestas o peticiones ciudadanas en materia de desarrollo agropecuario, rural y forestal.<\/p>\n<p class=\"x_MsoNormal\" style=\"text-align: justify;\">\n<p class=\"x_MsoNormal\" style=\"text-align: justify;\">Por otra parte, la presidenta de la Comisi\u00f3n, diputada Dulce Mar\u00eda Hern\u00e1ndez Tepole, inform\u00f3 que implementar\u00e1n una pol\u00edtica de puertas abiertas y que cualquier persona u organizaci\u00f3n podr\u00e1n acercarse con la seguridad que cuentan con representantes populares que los atender\u00e1n.<\/p>\n<p class=\"x_MsoNormal\" style=\"text-align: justify;\">\n<p class=\"x_BodyA\" style=\"text-align: justify;\">As\u00ed, esta instancia legislativa se declara lista para recibir la comparecencia, con motivo de la Glosa del VI Informe, del titular de la Secretar\u00eda de Desarrollo Agropecuario, Rural y Pesca (Sedarpa), Evaristo Ovando Ram\u00edrez, este 26 de noviembre a partir de las 10:00 horas en el auditorio Sebasti\u00e1n Lerdo de Tejada del Congreso local.<\/p>\n","protected":false},"excerpt":{"rendered":"<p>Instalan Comisi\u00f3n que atender\u00e1 el desarrollo agropecuario, rural y forestal La integran las diputadas Dulce Mar\u00eda Hern\u00e1ndez y Guadalupe V\u00e1zquez y el diputado Juan Tress. Xalapa, Ver., 19 de noviembre de 2024 &nbsp; Las diputadas Dulce Mar\u00eda Hern\u00e1ndez Tepole y Guadalupe V\u00e1zquez Gonz\u00e1lez, as\u00ed como el legislador Juan Tress Zilli, presidenta, secretaria y vocal, respectivamente, [&hellip;]<\/p>\n","protected":false},"author":1,"featured_media":0,"comment_status":"closed","ping_status":"closed","sticky":false,"template":"","format":"standard","meta":{"_jetpack_memberships_contains_paid_content":false,"footnotes":"","jetpack_publicize_message":"","jetpack_publicize_feature_enabled":true,"jetpack_social_post_already_shared":false,"jetpack_social_options":{"image_generator_settings":{"template":"highway","default_image_id":0,"font":"","enabled":false},"version":2}},"categories":[4],"tags":[34],"class_list":["post-1932","post","type-post","status-publish","format-standard","hentry","category-noticia-politica","tag-comunicados-congreso-del-estado"],"jetpack_publicize_connections":[],"jetpack_featured_media_url":"","jetpack_sharing_enabled":true,"_links":{"self":[{"href":"https:\/\/revistaenfoquepolitico.com\/index.php\/wp-json\/wp\/v2\/posts\/1932","targetHints":{"allow":["GET"]}}],"collection":[{"href":"https:\/\/revistaenfoquepolitico.com\/index.php\/wp-json\/wp\/v2\/posts"}],"about":[{"href":"https:\/\/revistaenfoquepolitico.com\/index.php\/wp-json\/wp\/v2\/types\/post"}],"author":[{"embeddable":true,"href":"https:\/\/revistaenfoquepolitico.com\/index.php\/wp-json\/wp\/v2\/users\/1"}],"replies":[{"embeddable":true,"href":"https:\/\/revistaenfoquepolitico.com\/index.php\/wp-json\/wp\/v2\/comments?post=1932"}],"version-history":[{"count":1,"href":"https:\/\/revistaenfoquepolitico.com\/index.php\/wp-json\/wp\/v2\/posts\/1932\/revisions"}],"predecessor-version":[{"id":1935,"href":"https:\/\/revistaenfoquepolitico.com\/index.php\/wp-json\/wp\/v2\/posts\/1932\/revisions\/1935"}],"wp:attachment":[{"href":"https:\/\/revistaenfoquepolitico.com\/index.php\/wp-json\/wp\/v2\/media?parent=1932"}],"wp:term":[{"taxonomy":"category","embeddable":true,"href":"https:\/\/revistaenfoquepolitico.com\/index.php\/wp-json\/wp\/v2\/categories?post=1932"},{"taxonomy":"post_tag","embeddable":true,"href":"https:\/\/revistaenfoquepolitico.com\/index.php\/wp-json\/wp\/v2\/tags?post=1932"}],"curies":[{"name":"wp","href":"https:\/\/api.w.org\/{rel}","templated":true}]}}