{"id":1942,"date":"2024-11-21T04:35:43","date_gmt":"2024-11-21T04:35:43","guid":{"rendered":"https:\/\/revistaenfoquepolitico.com\/?p=1942"},"modified":"2024-11-21T04:37:06","modified_gmt":"2024-11-21T04:37:06","slug":"1942","status":"publish","type":"post","link":"https:\/\/revistaenfoquepolitico.com\/index.php\/2024\/11\/21\/1942\/","title":{"rendered":"CONMEMORA IMSS VERACRUZ NORTE 114 ANIVERSARIO DE LA REVOLUCI\u00d3N MEXICANA"},"content":{"rendered":"<p>COORDINACI\u00d3N DE COMUNICACI\u00d3N SOCIAL<\/p>\n<p>&nbsp;<\/p>\n<p>FOTO NOTA<\/p>\n<p>Xalapa, Veracruz, 20 noviembre de 2024<\/p>\n<p>No. 4784\/2024<\/p>\n<p>&nbsp;<\/p>\n<p>Conmemora IMSS Veracruz Norte 114 Aniversario de la Revoluci\u00f3n Mexicana<\/p>\n<p>&nbsp;<\/p>\n<p style=\"text-align: justify;\">El Instituto Mexicano del Seguro Social (IMSS) en Veracruz Norte llev\u00f3 a cabo un acto c\u00edvico por el 114 aniversario de la Revoluci\u00f3n Mexicana, en el cual participaron personal de todas las jefaturas y coordinaciones, cuyo objetivo fue el conmemorar uno de los movimientos pol\u00edtico-sociales que nos distinguen como mexicanos.<\/p>\n<p style=\"text-align: justify;\"><img loading=\"lazy\" decoding=\"async\" class=\"alignleft size-medium wp-image-1944\" src=\"https:\/\/revistaenfoquepolitico.com\/wp-content\/uploads\/2024\/11\/IMSS-114-ANIVERSARIO-REV.-MEXICANA-F2-300x165.jpg\" alt=\"\" width=\"300\" height=\"165\" \/>\u201cEl 20 de noviembre de 1910 es una fecha que marca la historia nacional, en el que los mexicanos, con grandes deseos de justicia, libertad e igualdad social, decidieron cambiar el rumbo de nuestra naci\u00f3n. La visi\u00f3n de hombres como Francisco I. Madero, \u00c1lvaro Obreg\u00f3n, Jos\u00e9 Venustiano Carranza, Pascual Orozco, Jos\u00e9 Doroteo Arango, conocido como Pancho Villa y Emiliano Zapata, qued\u00f3 forjada en la Constituci\u00f3n de 1917, misma que plasm\u00f3 el Proyecto Nacional\u201d, destac\u00f3 el titular de la representaci\u00f3n, Doctor Jorge Mart\u00ednez Torres.<\/p>\n<p style=\"text-align: justify;\">Al finalizar el evento, se hizo entrega de reconocimientos a la trayectoria deportiva de cuatro docentes institucionales, quienes han obtenido destacadas participaciones a nivel nacional e internacional; con dichas acciones el Seguro Social brida homenaje a los h\u00e9roes de la Revoluci\u00f3n Mexicana, quienes cimentaron las bases del M\u00e9xico Moderno, as\u00ed como los ideales, anhelos y aspiraciones de nuestra Naci\u00f3n.<\/p>\n<p><img loading=\"lazy\" decoding=\"async\" class=\"alignleft size-medium wp-image-1946\" src=\"https:\/\/revistaenfoquepolitico.com\/wp-content\/uploads\/2024\/11\/IMSS-114-ANIVERSARIO-REV.-MEXICANA-F4-300x252.jpg\" alt=\"\" width=\"300\" height=\"252\" \/><img loading=\"lazy\" decoding=\"async\" class=\"alignright size-medium wp-image-1945\" src=\"https:\/\/revistaenfoquepolitico.com\/wp-content\/uploads\/2024\/11\/IMSS-114-ANIVERSARIO-REV.-MEXICANA-F3-300x201.jpg\" alt=\"\" width=\"300\" height=\"201\" \/><\/p>\n<p>&nbsp;<\/p>\n<p>&nbsp;<\/p>\n<p>&nbsp;<\/p>\n<p>&nbsp;<\/p>\n<p>&nbsp;<\/p>\n<p>&nbsp;<\/p>\n","protected":false},"excerpt":{"rendered":"<p>COORDINACI\u00d3N DE COMUNICACI\u00d3N SOCIAL &nbsp; FOTO NOTA Xalapa, Veracruz, 20 noviembre de 2024 No. 4784\/2024 &nbsp; Conmemora IMSS Veracruz Norte 114 Aniversario de la Revoluci\u00f3n Mexicana &nbsp; El Instituto Mexicano del Seguro Social (IMSS) en Veracruz Norte llev\u00f3 a cabo un acto c\u00edvico por el 114 aniversario de la Revoluci\u00f3n Mexicana, en el cual participaron [&hellip;]<\/p>\n","protected":false},"author":1,"featured_media":0,"comment_status":"closed","ping_status":"closed","sticky":false,"template":"","format":"standard","meta":{"_jetpack_memberships_contains_paid_content":false,"footnotes":"","jetpack_publicize_message":"","jetpack_publicize_feature_enabled":true,"jetpack_social_post_already_shared":false,"jetpack_social_options":{"image_generator_settings":{"template":"highway","default_image_id":0,"font":"","enabled":false},"version":2}},"categories":[4],"tags":[27],"class_list":["post-1942","post","type-post","status-publish","format-standard","hentry","category-noticia-politica","tag-imss-veracruz-norte"],"jetpack_publicize_connections":[],"jetpack_featured_media_url":"","jetpack_sharing_enabled":true,"_links":{"self":[{"href":"https:\/\/revistaenfoquepolitico.com\/index.php\/wp-json\/wp\/v2\/posts\/1942","targetHints":{"allow":["GET"]}}],"collection":[{"href":"https:\/\/revistaenfoquepolitico.com\/index.php\/wp-json\/wp\/v2\/posts"}],"about":[{"href":"https:\/\/revistaenfoquepolitico.com\/index.php\/wp-json\/wp\/v2\/types\/post"}],"author":[{"embeddable":true,"href":"https:\/\/revistaenfoquepolitico.com\/index.php\/wp-json\/wp\/v2\/users\/1"}],"replies":[{"embeddable":true,"href":"https:\/\/revistaenfoquepolitico.com\/index.php\/wp-json\/wp\/v2\/comments?post=1942"}],"version-history":[{"count":3,"href":"https:\/\/revistaenfoquepolitico.com\/index.php\/wp-json\/wp\/v2\/posts\/1942\/revisions"}],"predecessor-version":[{"id":1949,"href":"https:\/\/revistaenfoquepolitico.com\/index.php\/wp-json\/wp\/v2\/posts\/1942\/revisions\/1949"}],"wp:attachment":[{"href":"https:\/\/revistaenfoquepolitico.com\/index.php\/wp-json\/wp\/v2\/media?parent=1942"}],"wp:term":[{"taxonomy":"category","embeddable":true,"href":"https:\/\/revistaenfoquepolitico.com\/index.php\/wp-json\/wp\/v2\/categories?post=1942"},{"taxonomy":"post_tag","embeddable":true,"href":"https:\/\/revistaenfoquepolitico.com\/index.php\/wp-json\/wp\/v2\/tags?post=1942"}],"curies":[{"name":"wp","href":"https:\/\/api.w.org\/{rel}","templated":true}]}}