{"id":1965,"date":"2024-11-22T02:47:44","date_gmt":"2024-11-22T02:47:44","guid":{"rendered":"https:\/\/revistaenfoquepolitico.com\/?p=1965"},"modified":"2024-11-22T02:47:44","modified_gmt":"2024-11-22T02:47:44","slug":"informa-imss-veracruz-norte-sobre-padecimiento-gestacional-espina-bifida","status":"publish","type":"post","link":"https:\/\/revistaenfoquepolitico.com\/index.php\/2024\/11\/22\/informa-imss-veracruz-norte-sobre-padecimiento-gestacional-espina-bifida\/","title":{"rendered":"INFORMA IMSS VERACRUZ NORTE SOBRE PADECIMIENTO GESTACIONAL ESPINA B\u00cdFIDA"},"content":{"rendered":"<p>BOLET\u00cdN DE PRENSA<\/p>\n<p>Xalapa, Veracruz, 20 de noviembre de 2024<\/p>\n<p>No. 4797\/2024<\/p>\n<p>&nbsp;<\/p>\n<p>Informa IMSS Veracruz Norte sobre padecimiento gestacional Espina B\u00edfida<\/p>\n<p>&nbsp;<\/p>\n<p style=\"text-align: justify;\">En el marco del D\u00eda Internacional de la Espina B\u00edfida a conmemorarse el 21 de noviembre, el Instituto Mexicano del Seguro Social (IMSS) en Veracruz Norte informa a cerca de este padecimiento gestacional, el cual puede generar diversas complicaciones a lo largo de la vida como: dificultad de movimiento, problemas de aprendizaje, hidrocefalia, trastornos urinarios e intestinales.<\/p>\n<p style=\"text-align: justify;\">\n<p style=\"text-align: justify;\"><img loading=\"lazy\" decoding=\"async\" class=\"alignleft size-medium wp-image-1966\" src=\"https:\/\/revistaenfoquepolitico.com\/wp-content\/uploads\/2024\/11\/IMSS-DIA-20-300x151.jpg\" alt=\"\" width=\"300\" height=\"151\" \/>\u201cLa espina b\u00edfida es un defecto de nacimiento en el que la columna vertebral y la m\u00e9dula espinal no se desarrollan adecuadamente durante las primeras semanas del embarazo; provocando que la columna vertebral quede incompleta, lo que puede variar en severidad dependiendo del caso\u201d, inform\u00f3 el pediatra del Hospital General de Zona (HGZ) No. 11, Antonio Mungu\u00eda Gonz\u00e1lez.<\/p>\n<p style=\"text-align: justify;\">\n<p style=\"text-align: justify;\">Con relaci\u00f3n a los s\u00edntomas, mencion\u00f3 que estos depender\u00e1n del tipo de espina b\u00edfida que se padezca, existiendo tres variantes: la espina b\u00edfida oculta es la forma m\u00e1s sutil de esta enfermedad y suele no presentar s\u00edntomas visibles; el meningocele es el tipo moderado donde las meninges, membranas que rodean la m\u00e9dula espinal, sobresalen a trav\u00e9s de una apertura en la columna y puede causar leves problemas en el desarrollo.<\/p>\n<p style=\"text-align: justify;\">\n<p style=\"text-align: justify;\">Por \u00faltimo, \u201cel mielomeningocele es la forma m\u00e1s severa, cuando la m\u00e9dula espinal y sus meninges sobresalen por un orificio en la columna, esta forma puede causar discapacidades importantes como p\u00e9rdida de funci\u00f3n sensorial y motora en las extremidades inferiores y problemas neurol\u00f3gicos\u201d, afirm\u00f3.<\/p>\n<p style=\"text-align: justify;\">\n<p style=\"text-align: justify;\">El pediatra explic\u00f3 que, aunque la causa exacta de esta patolog\u00eda es desconocida, se considera que se trata de una combinaci\u00f3n de agentes gen\u00e9ticos y ambientales; entre los factores de riesgo m\u00e1s relevantes se encuentra la deficiencia de \u00e1cido f\u00f3lico en la madre, antecedentes familiares de defectos del tubo neural, as\u00ed como ciertas condiciones m\u00e9dicas como la diabetes materna.<\/p>\n<p style=\"text-align: justify;\">\n<p style=\"text-align: justify;\">Mungu\u00eda Gonz\u00e1lez coment\u00f3 que esta patolog\u00eda se puede diagnosticar durante el embarazo mediante pruebas como ultrasonidos, an\u00e1lisis de sangre y del l\u00edquido amni\u00f3tico. El tratamiento<\/p>\n<p style=\"text-align: justify;\">var\u00eda seg\u00fan el tipo y la gravedad de la afecci\u00f3n e incluye cirug\u00eda prenatal o postnatal para corregir el defecto mediante procedimientos adicionales para manejar las complicaciones.<\/p>\n<p style=\"text-align: justify;\">\n<p style=\"text-align: justify;\">El IMSS en Veracruz Norte pone a disposici\u00f3n de la poblaci\u00f3n los servicios de Medicina Familiar en caso de planear un embarazo, Gineco-Obst\u00e9trica para el seguimiento y atenci\u00f3n de este y Pedi\u00e1trica-Neonatal para tratamiento e intervenci\u00f3n en caso necesario.<\/p>\n<p style=\"text-align: justify;\">\n<p style=\"text-align: justify;\">Conmemorar este d\u00eda es esencial para aumentar la conciencia sobre la importancia de la prevenci\u00f3n, el diagn\u00f3stico temprano y la atenci\u00f3n oportuna para mejorar la calidad de vida de las personas afectadas.<\/p>\n","protected":false},"excerpt":{"rendered":"<p>BOLET\u00cdN DE PRENSA Xalapa, Veracruz, 20 de noviembre de 2024 No. 4797\/2024 &nbsp; Informa IMSS Veracruz Norte sobre padecimiento gestacional Espina B\u00edfida &nbsp; En el marco del D\u00eda Internacional de la Espina B\u00edfida a conmemorarse el 21 de noviembre, el Instituto Mexicano del Seguro Social (IMSS) en Veracruz Norte informa a cerca de este padecimiento [&hellip;]<\/p>\n","protected":false},"author":1,"featured_media":0,"comment_status":"closed","ping_status":"closed","sticky":false,"template":"","format":"standard","meta":{"_jetpack_memberships_contains_paid_content":false,"footnotes":"","jetpack_publicize_message":"","jetpack_publicize_feature_enabled":true,"jetpack_social_post_already_shared":false,"jetpack_social_options":{"image_generator_settings":{"template":"highway","default_image_id":0,"font":"","enabled":false},"version":2}},"categories":[4],"tags":[27],"class_list":["post-1965","post","type-post","status-publish","format-standard","hentry","category-noticia-politica","tag-imss-veracruz-norte"],"jetpack_publicize_connections":[],"jetpack_featured_media_url":"","jetpack_sharing_enabled":true,"_links":{"self":[{"href":"https:\/\/revistaenfoquepolitico.com\/index.php\/wp-json\/wp\/v2\/posts\/1965","targetHints":{"allow":["GET"]}}],"collection":[{"href":"https:\/\/revistaenfoquepolitico.com\/index.php\/wp-json\/wp\/v2\/posts"}],"about":[{"href":"https:\/\/revistaenfoquepolitico.com\/index.php\/wp-json\/wp\/v2\/types\/post"}],"author":[{"embeddable":true,"href":"https:\/\/revistaenfoquepolitico.com\/index.php\/wp-json\/wp\/v2\/users\/1"}],"replies":[{"embeddable":true,"href":"https:\/\/revistaenfoquepolitico.com\/index.php\/wp-json\/wp\/v2\/comments?post=1965"}],"version-history":[{"count":1,"href":"https:\/\/revistaenfoquepolitico.com\/index.php\/wp-json\/wp\/v2\/posts\/1965\/revisions"}],"predecessor-version":[{"id":1967,"href":"https:\/\/revistaenfoquepolitico.com\/index.php\/wp-json\/wp\/v2\/posts\/1965\/revisions\/1967"}],"wp:attachment":[{"href":"https:\/\/revistaenfoquepolitico.com\/index.php\/wp-json\/wp\/v2\/media?parent=1965"}],"wp:term":[{"taxonomy":"category","embeddable":true,"href":"https:\/\/revistaenfoquepolitico.com\/index.php\/wp-json\/wp\/v2\/categories?post=1965"},{"taxonomy":"post_tag","embeddable":true,"href":"https:\/\/revistaenfoquepolitico.com\/index.php\/wp-json\/wp\/v2\/tags?post=1965"}],"curies":[{"name":"wp","href":"https:\/\/api.w.org\/{rel}","templated":true}]}}