{"id":2022,"date":"2024-11-29T03:17:05","date_gmt":"2024-11-29T03:17:05","guid":{"rendered":"https:\/\/revistaenfoquepolitico.com\/?p=2022"},"modified":"2024-11-29T03:17:05","modified_gmt":"2024-11-29T03:17:05","slug":"presentan-terna-para-elegir-acreedor-a-la-medalla-adolfo-ruiz-cortines-2024","status":"publish","type":"post","link":"https:\/\/revistaenfoquepolitico.com\/index.php\/2024\/11\/29\/presentan-terna-para-elegir-acreedor-a-la-medalla-adolfo-ruiz-cortines-2024\/","title":{"rendered":"PRESENTAN TERNA PARA ELEGIR ACREEDOR A LA MEDALLA ADOLFO RUIZ CORTINES 2024"},"content":{"rendered":"<p class=\"x_MsoNormal\" align=\"center\"><b><span data-olk-copy-source=\"MessageBody\">Presentan terna para elegir acreedor a la medalla Adolfo Ruiz Cortines 2024<\/span><\/b><\/p>\n<p class=\"x_MsoNormal\">\n<p class=\"x_MsoListParagraph\">\u00b7\u00a0\u00a0\u00a0\u00a0\u00a0\u00a0\u00a0\u00a0\u00a0Condecoraci\u00f3n ser\u00e1 entregada en sesi\u00f3n solemne de la LXVII Legislatura con presencia de los Poderes Ejecutivo y Judicial<\/p>\n<p class=\"x_BodyA\">\n<p class=\"x_MsoNormal\">Xalapa, Ver., 28 de noviembre de 2024<\/p>\n<p class=\"x_MsoNormal\" style=\"text-align: justify;\">Este mi\u00e9rcoles en las instalaciones del Palacio Legislativo, la Comisi\u00f3n Especial para el Otorgamiento de la Medalla y Diploma Adolfo Ruiz Cortines 2024, defini\u00f3, de entre 18 propuestas, la terna que ser\u00e1 sometida a votaci\u00f3n del Pleno para otorgar a la persona merecedora de dicho reconocimiento.<\/p>\n<p class=\"x_MsoNormal\" style=\"text-align: justify;\">\n<p class=\"x_MsoNormal\" style=\"text-align: justify;\"><img loading=\"lazy\" decoding=\"async\" class=\"alignleft size-medium wp-image-2024\" src=\"https:\/\/revistaenfoquepolitico.com\/wp-content\/uploads\/2024\/11\/COM-CONG-0066-F2-300x200.jpeg\" alt=\"\" width=\"300\" height=\"200\" \/>Tras estudiar y analizar las propuestas recibidas, la Comisi\u00f3n Especial integrada por las diputadas Bertha Rosal\u00eda Ahued Malpica y Ang\u00e9lica Pe\u00f1a Mart\u00ednez, presidenta y secretaria respectivamente, y las legisladoras Mar\u00eda Elena C\u00f3rdova Molina, Dulce Mar\u00eda Hern\u00e1ndez Tepole, Indira de Jes\u00fas Rosales San Rom\u00e1n, Ana Rosa Vald\u00e9s Salazar y el diputado Jos\u00e9 Reveriano Mar\u00edn Hern\u00e1ndez, en las vocal\u00edas; llenaron las c\u00e9dulas considerando para la elecci\u00f3n el cumplimiento de los requisitos, impacto social, trayectoria e historia de vida, motivando con ello su decisi\u00f3n.<\/p>\n<p class=\"x_MsoNormal\" style=\"text-align: justify;\">\n<p class=\"x_MsoNormal\" style=\"text-align: justify;\">La terna qued\u00f3 integrada por la ciudadana y los ciudadanos Tirso Bautista C\u00e1rdenas, Ana Mar\u00eda Mac\u00edas Ju\u00e1rez y Juan David Ovando Aguilar.<\/p>\n<p class=\"x_MsoNormal\" style=\"text-align: justify;\">\n<p class=\"x_MsoNormal\" style=\"text-align: justify;\"><img loading=\"lazy\" decoding=\"async\" class=\"alignright size-medium wp-image-2025\" src=\"https:\/\/revistaenfoquepolitico.com\/wp-content\/uploads\/2024\/11\/COM-CONG-0066-F3-300x200.jpeg\" alt=\"\" width=\"300\" height=\"200\" \/>En entrevista, la legisladora Bertha Rosal\u00eda Ahued Malpica se\u00f1al\u00f3 que las personas que integran la terna destacaron por el impacto de sus acciones, tiempo al que se han dedicado a la causa y contribuci\u00f3n a la sociedad veracruzana. \u201cEs un honor para m\u00ed poder participar en la entrega de la medalla Ruiz Cortines 2024 a una ciudadana o ciudadano veracruzano; \u00e9l fue un gran presidente y su legado, historia y trabajo son un ejemplo a seguir para todas y todos\u201d, finaliz\u00f3.<\/p>\n<p class=\"x_MsoNormal\" style=\"text-align: justify;\">\n<p class=\"x_MsoNormal\" style=\"text-align: justify;\">De acuerdo con la convocatoria, la terna ser\u00e1 puesta a consideraci\u00f3n del Pleno del Congreso, que decidir\u00e1 a la persona merecedora de la Medalla y Diploma Adolfo Ruiz Cortines 2024. Esta condecoraci\u00f3n ser\u00e1 entregada en Sesi\u00f3n Solemne en el Recinto Oficial de Sesiones del Palacio Legislativo en la fecha que determine la Junta de Coordinaci\u00f3n Pol\u00edtica (Jucopo).<\/p>\n","protected":false},"excerpt":{"rendered":"<p>Presentan terna para elegir acreedor a la medalla Adolfo Ruiz Cortines 2024 \u00b7\u00a0\u00a0\u00a0\u00a0\u00a0\u00a0\u00a0\u00a0\u00a0Condecoraci\u00f3n ser\u00e1 entregada en sesi\u00f3n solemne de la LXVII Legislatura con presencia de los Poderes Ejecutivo y Judicial Xalapa, Ver., 28 de noviembre de 2024 Este mi\u00e9rcoles en las instalaciones del Palacio Legislativo, la Comisi\u00f3n Especial para el Otorgamiento de la Medalla y [&hellip;]<\/p>\n","protected":false},"author":1,"featured_media":0,"comment_status":"closed","ping_status":"closed","sticky":false,"template":"","format":"standard","meta":{"_jetpack_memberships_contains_paid_content":false,"footnotes":"","jetpack_publicize_message":"","jetpack_publicize_feature_enabled":true,"jetpack_social_post_already_shared":false,"jetpack_social_options":{"image_generator_settings":{"template":"highway","default_image_id":0,"font":"","enabled":false},"version":2}},"categories":[4],"tags":[34],"class_list":["post-2022","post","type-post","status-publish","format-standard","hentry","category-noticia-politica","tag-comunicados-congreso-del-estado"],"jetpack_publicize_connections":[],"jetpack_featured_media_url":"","jetpack_sharing_enabled":true,"_links":{"self":[{"href":"https:\/\/revistaenfoquepolitico.com\/index.php\/wp-json\/wp\/v2\/posts\/2022","targetHints":{"allow":["GET"]}}],"collection":[{"href":"https:\/\/revistaenfoquepolitico.com\/index.php\/wp-json\/wp\/v2\/posts"}],"about":[{"href":"https:\/\/revistaenfoquepolitico.com\/index.php\/wp-json\/wp\/v2\/types\/post"}],"author":[{"embeddable":true,"href":"https:\/\/revistaenfoquepolitico.com\/index.php\/wp-json\/wp\/v2\/users\/1"}],"replies":[{"embeddable":true,"href":"https:\/\/revistaenfoquepolitico.com\/index.php\/wp-json\/wp\/v2\/comments?post=2022"}],"version-history":[{"count":1,"href":"https:\/\/revistaenfoquepolitico.com\/index.php\/wp-json\/wp\/v2\/posts\/2022\/revisions"}],"predecessor-version":[{"id":2026,"href":"https:\/\/revistaenfoquepolitico.com\/index.php\/wp-json\/wp\/v2\/posts\/2022\/revisions\/2026"}],"wp:attachment":[{"href":"https:\/\/revistaenfoquepolitico.com\/index.php\/wp-json\/wp\/v2\/media?parent=2022"}],"wp:term":[{"taxonomy":"category","embeddable":true,"href":"https:\/\/revistaenfoquepolitico.com\/index.php\/wp-json\/wp\/v2\/categories?post=2022"},{"taxonomy":"post_tag","embeddable":true,"href":"https:\/\/revistaenfoquepolitico.com\/index.php\/wp-json\/wp\/v2\/tags?post=2022"}],"curies":[{"name":"wp","href":"https:\/\/api.w.org\/{rel}","templated":true}]}}