{"id":2034,"date":"2024-12-08T06:21:39","date_gmt":"2024-12-08T06:21:39","guid":{"rendered":"https:\/\/revistaenfoquepolitico.com\/?p=2034"},"modified":"2024-12-08T06:21:39","modified_gmt":"2024-12-08T06:21:39","slug":"alcalde-jm-unanue-enciende-el-arbol-de-navidad-en-el-corazon-de-boca","status":"publish","type":"post","link":"https:\/\/revistaenfoquepolitico.com\/index.php\/2024\/12\/08\/alcalde-jm-unanue-enciende-el-arbol-de-navidad-en-el-corazon-de-boca\/","title":{"rendered":"Alcalde JM Un\u00e1nue enciende el \u00c1rbol de Navidad en el \u201ccoraz\u00f3n\u201d de Boca*"},"content":{"rendered":"<div dir=\"auto\" data-olk-copy-source=\"MessageBody\">*_Esta ceremonia llena de risas, m\u00fasica y sorpresas, marc\u00f3 el inicio de las festividades navide\u00f1as_<\/div>\n<div dir=\"auto\"><\/div>\n<div dir=\"auto\">En una tarde llena de alegr\u00eda y sorpresas, cientos de boque\u00f1os se reunieron este viernes en la Plaza C\u00edvica para presenciar el inicio oficial de la Navidad, rodeados de un ambiente festivo y cargado de emociones.<\/div>\n<div dir=\"auto\" aria-hidden=\"true\"><img loading=\"lazy\" decoding=\"async\" class=\"alignleft size-medium wp-image-2035\" src=\"https:\/\/revistaenfoquepolitico.com\/wp-content\/uploads\/2024\/12\/IMG-20241206-WA0367-300x200.jpg\" alt=\"\" width=\"300\" height=\"200\" \/><\/div>\n<div dir=\"auto\">El alcalde de Boca del R\u00edo, Juan Manuel Un\u00e1nue Abascal, acompa\u00f1ado por la Presidenta del DIF municipal, Melina Rivera de Un\u00e1nue y su peque\u00f1a hija Aitana, fue el encargado de realizar el prendido del \u00e1rbol de navidad y la iluminaci\u00f3n del Palacio Municipal.<\/div>\n<div dir=\"auto\"><\/div>\n<div dir=\"auto\">\u201cIniciamos con el encendido para que se re\u00fana la gente aqu\u00ed, en compa\u00f1\u00eda de sus familiares, para venir en las tardes-noches, a pasar un rato agradable y para recibir al turismo tambi\u00e9n. Desearles feliz Navidad, desearles \u00e9xito, salud, y que la pasen bonito ahorita en esta \u00e9poca de Navidad y A\u00f1o Nuevo\u201d, destac\u00f3 el dil.<\/div>\n<div dir=\"auto\"><\/div>\n<div dir=\"auto\">La ceremonia que marc\u00f3 el inicio de las festividades, fue el punto de encuentro de familias que se unieron para disfrutar de la magia de la Navidad y un espect\u00e1culo de c\u00e1nticos y ballet alusivos a la temporada.<\/div>\n<div dir=\"auto\"><\/div>\n<div dir=\"auto\">El \u201cCoraz\u00f3n\u201d de Bocase llen\u00f3 de risas, m\u00fasica y colores brillantes, creando un ambiente de felicidad para chicos y grandes.<\/div>\n<div dir=\"auto\"><\/div>\n<div dir=\"auto\">Por otra parte, Un\u00e1nue Abascal, dio a conocer que el mi\u00e9rcoles 18 de diciembre se realizar\u00e1 un desfile navide\u00f1o con la participaci\u00f3n de habitantes de la cabecera municipal, escuelas y orquestas; el recorrido iniciar\u00e1 en la Casa de la Cultura finalizando en Palacio Municipal.<\/div>\n<div dir=\"auto\"><img loading=\"lazy\" decoding=\"async\" class=\"alignleft size-medium wp-image-2036\" src=\"https:\/\/revistaenfoquepolitico.com\/wp-content\/uploads\/2024\/12\/IMG-20241206-WA0368-300x169.jpg\" alt=\"\" width=\"300\" height=\"169\" \/><\/div>\n<div dir=\"auto\"><\/div>\n<div dir=\"auto\"><\/div>\n<div dir=\"auto\"><\/div>\n<div dir=\"auto\"><\/div>\n<div dir=\"auto\"><\/div>\n<div dir=\"auto\"><\/div>\n<div dir=\"auto\"><\/div>\n<div dir=\"auto\"><\/div>\n<div dir=\"auto\">*OPERATIVO NAVIDE\u00d1O Y FIN DE A\u00d1O*<\/div>\n<div dir=\"auto\"><\/div>\n<div dir=\"auto\">El Presidente Municipal confirm\u00f3 que ya est\u00e1 listo el operativo preventivo por el periodo de vacaciones, Navidad y Fin de a\u00f1o, el cual estar\u00e1 integrado por la Polic\u00eda Municipal, Tr\u00e1nsito y Protecci\u00f3n Civil de Boca del R\u00edo.<\/div>\n<div dir=\"auto\"><\/div>\n<div dir=\"auto\">\u201cBoca del R\u00edo se ha convertido ya en un destino preferido por mucha gente, no nada m\u00e1s del Estado de Veracruz, sino de otros estados del pa\u00eds, por lo que esperamos muchos visitantes\u201d, enfatiz\u00f3 el ejecutivo municipal.<\/div>\n","protected":false},"excerpt":{"rendered":"<p>*_Esta ceremonia llena de risas, m\u00fasica y sorpresas, marc\u00f3 el inicio de las festividades navide\u00f1as_ En una tarde llena de alegr\u00eda y sorpresas, cientos de boque\u00f1os se reunieron este viernes en la Plaza C\u00edvica para presenciar el inicio oficial de la Navidad, rodeados de un ambiente festivo y cargado de emociones. El alcalde de Boca [&hellip;]<\/p>\n","protected":false},"author":1,"featured_media":0,"comment_status":"closed","ping_status":"closed","sticky":false,"template":"","format":"standard","meta":{"_jetpack_memberships_contains_paid_content":false,"footnotes":"","jetpack_publicize_message":"","jetpack_publicize_feature_enabled":true,"jetpack_social_post_already_shared":false,"jetpack_social_options":{"image_generator_settings":{"template":"highway","default_image_id":0,"font":"","enabled":false},"version":2}},"categories":[4],"tags":[7],"class_list":["post-2034","post","type-post","status-publish","format-standard","hentry","category-noticia-politica","tag-jm-unanue"],"jetpack_publicize_connections":[],"jetpack_featured_media_url":"","jetpack_sharing_enabled":true,"_links":{"self":[{"href":"https:\/\/revistaenfoquepolitico.com\/index.php\/wp-json\/wp\/v2\/posts\/2034","targetHints":{"allow":["GET"]}}],"collection":[{"href":"https:\/\/revistaenfoquepolitico.com\/index.php\/wp-json\/wp\/v2\/posts"}],"about":[{"href":"https:\/\/revistaenfoquepolitico.com\/index.php\/wp-json\/wp\/v2\/types\/post"}],"author":[{"embeddable":true,"href":"https:\/\/revistaenfoquepolitico.com\/index.php\/wp-json\/wp\/v2\/users\/1"}],"replies":[{"embeddable":true,"href":"https:\/\/revistaenfoquepolitico.com\/index.php\/wp-json\/wp\/v2\/comments?post=2034"}],"version-history":[{"count":1,"href":"https:\/\/revistaenfoquepolitico.com\/index.php\/wp-json\/wp\/v2\/posts\/2034\/revisions"}],"predecessor-version":[{"id":2037,"href":"https:\/\/revistaenfoquepolitico.com\/index.php\/wp-json\/wp\/v2\/posts\/2034\/revisions\/2037"}],"wp:attachment":[{"href":"https:\/\/revistaenfoquepolitico.com\/index.php\/wp-json\/wp\/v2\/media?parent=2034"}],"wp:term":[{"taxonomy":"category","embeddable":true,"href":"https:\/\/revistaenfoquepolitico.com\/index.php\/wp-json\/wp\/v2\/categories?post=2034"},{"taxonomy":"post_tag","embeddable":true,"href":"https:\/\/revistaenfoquepolitico.com\/index.php\/wp-json\/wp\/v2\/tags?post=2034"}],"curies":[{"name":"wp","href":"https:\/\/api.w.org\/{rel}","templated":true}]}}