{"id":2099,"date":"2025-01-07T03:54:29","date_gmt":"2025-01-07T03:54:29","guid":{"rendered":"https:\/\/revistaenfoquepolitico.com\/?p=2099"},"modified":"2025-01-07T03:54:29","modified_gmt":"2025-01-07T03:54:29","slug":"solo-afectaciones-menores-por-frente-frio-21-confirma-alcalde-jm-unanue","status":"publish","type":"post","link":"https:\/\/revistaenfoquepolitico.com\/index.php\/2025\/01\/07\/solo-afectaciones-menores-por-frente-frio-21-confirma-alcalde-jm-unanue\/","title":{"rendered":"SOLO AFECTACIONES MENORES POR FRENTE FR\u00cdO 21, CONFIRMA ALCALDE JM UN\u00c1NUE"},"content":{"rendered":"<div dir=\"auto\" data-olk-copy-source=\"MessageBody\"><strong>DE ACUERDO CON LA AUTORIDAD ESTATAL SE MANTIENE ACTIVA LA ALERTA GRIS, HASTA EL MOMENTO SE HAN REGISTRADO RACHAS M\u00c1XIMAS DE 90.6 KM\/H<\/strong><\/div>\n<div dir=\"auto\" data-olk-copy-source=\"MessageBody\"><\/div>\n<div dir=\"auto\" data-olk-copy-source=\"MessageBody\">Boca del R\u00edo, Ver., 06 de enero de 2025<\/div>\n<div dir=\"auto\" data-olk-copy-source=\"MessageBody\">\n<div dir=\"auto\" style=\"text-align: justify;\">Gracias a la coordinaci\u00f3n del Ayuntamiento de Boca del R\u00edo y su Fuerza de Tarea, no se han registrado da\u00f1os mayores en la ciudad a causa del Frente Fr\u00edo 21, atendi\u00e9ndose con oportunidad todos los llamados ciudadanos, inform\u00f3 el Alcalde Juan Manuel Un\u00e1nue Abascal.<\/div>\n<div dir=\"auto\" style=\"text-align: justify;\"><\/div>\n<div dir=\"auto\" style=\"text-align: justify;\"><img loading=\"lazy\" decoding=\"async\" class=\"alignleft size-medium wp-image-2102\" src=\"https:\/\/revistaenfoquepolitico.com\/wp-content\/uploads\/2025\/01\/JM-AFECTACIONES-3-300x200.jpg\" alt=\"\" width=\"300\" height=\"200\" \/>\u201cNuestros elementos municipales se encuentran activos y desplegados por toda la ciudad para atender las afectaciones por el frente fr\u00edo 21. Seguimos trabajando de manera coordinada para garantizar la seguridad y bienestar en Boca del R\u00edo\u201d, comunic\u00f3 el edil.<\/div>\n<div dir=\"auto\" style=\"text-align: justify;\"><\/div>\n<div dir=\"auto\" style=\"text-align: justify;\">De acuerdo con la autoridad estatal se mantiene activa la Alerta Gris, hasta el momento se han registrado rachas m\u00e1ximas de 90.6 km\/h.<\/div>\n<div dir=\"auto\" style=\"text-align: justify;\"><\/div>\n<div dir=\"auto\" style=\"text-align: justify;\">Por su parte, el Director de Protecci\u00f3n Civil Municipal, Jorge Roberto Rojas Hern\u00e1ndez, dijo que se atendieron los reportes en los Fraccionamientos Costa de Oro, Costa Verde, en las \u00a0colonias Pescadores, Flores Mag\u00f3n, Remes y El Morro.<\/div>\n<div dir=\"auto\" style=\"text-align: justify;\"><\/div>\n<div dir=\"auto\" style=\"text-align: justify;\"><img loading=\"lazy\" decoding=\"async\" class=\"alignright size-medium wp-image-2100\" src=\"https:\/\/revistaenfoquepolitico.com\/wp-content\/uploads\/2025\/01\/JM-AFECTACIONES-1-300x200.jpg\" alt=\"\" width=\"300\" height=\"200\" \/>Al momento se han registrado 3 desprendimientos de estructura en v\u00eda p\u00fablica, 4 cables ca\u00eddos, 1 poste en riesgo y una ca\u00edda de poste, en total 9 atenciones por parte del personal municipal.<\/div>\n<div dir=\"auto\" style=\"text-align: justify;\"><\/div>\n<div dir=\"auto\" style=\"text-align: justify;\">La Fuerza de Tarea que participa est\u00e1 conformada por: Gobernaci\u00f3n, Alumbrado P\u00fablico, Mantenimiento Urbano, Tr\u00e1nsito Municipal, Protecci\u00f3n Civil, Polic\u00eda Municipal, Limpia P\u00fablica, Polic\u00eda Estatal, Bomberos Conurbados, Polic\u00eda Naval Boca de Rio, Guardia Nacional y CFE.<\/div>\n<div dir=\"auto\" style=\"text-align: justify;\"><\/div>\n<div dir=\"auto\" style=\"text-align: justify;\">Por su parte, en las Playas se continua con bandera roja por lo que se mantienen cerradas, y personal Guardavida lleva a cabo la vigilancia de las mismas.<\/div>\n<div dir=\"auto\" style=\"text-align: justify;\"><\/div>\n<p>Para cualquier emergencia, el gobierno municipal pone a disposici\u00f3n los siguientes n\u00fameros: el 911 o los tel\u00e9fonos de Protecci\u00f3n Civil de Boca del R\u00edo 9 86 23 23 o al 2 02 22 22 extensi\u00f3n 3000.<\/p><\/div>\n<div dir=\"auto\" data-olk-copy-source=\"MessageBody\"><img loading=\"lazy\" decoding=\"async\" class=\"alignleft size-medium wp-image-2104\" src=\"https:\/\/revistaenfoquepolitico.com\/wp-content\/uploads\/2025\/01\/JM-AFECTACIONES-5-300x225.jpg\" alt=\"\" width=\"300\" height=\"225\" \/><img loading=\"lazy\" decoding=\"async\" class=\"alignright size-medium wp-image-2103\" src=\"https:\/\/revistaenfoquepolitico.com\/wp-content\/uploads\/2025\/01\/JM-AFECTACIONES-4-300x200.jpg\" alt=\"\" width=\"300\" height=\"200\" \/><\/div>\n<div dir=\"auto\" data-olk-copy-source=\"MessageBody\"><\/div>\n<div dir=\"auto\" data-olk-copy-source=\"MessageBody\"><\/div>\n<div dir=\"auto\" data-olk-copy-source=\"MessageBody\"><\/div>\n<div dir=\"auto\" data-olk-copy-source=\"MessageBody\"><\/div>\n<div dir=\"auto\" data-olk-copy-source=\"MessageBody\"><\/div>\n<div dir=\"auto\" data-olk-copy-source=\"MessageBody\"><\/div>\n<div dir=\"auto\" data-olk-copy-source=\"MessageBody\"><\/div>\n<div dir=\"auto\" data-olk-copy-source=\"MessageBody\"><\/div>\n<div dir=\"auto\" data-olk-copy-source=\"MessageBody\"><\/div>\n<div dir=\"auto\" data-olk-copy-source=\"MessageBody\"><\/div>\n<div dir=\"auto\" data-olk-copy-source=\"MessageBody\"><\/div>\n<div dir=\"auto\" data-olk-copy-source=\"MessageBody\"><img loading=\"lazy\" decoding=\"async\" class=\"alignleft size-medium wp-image-2101\" src=\"https:\/\/revistaenfoquepolitico.com\/wp-content\/uploads\/2025\/01\/JM-AFECTACIONES-2-300x200.jpg\" alt=\"\" width=\"300\" height=\"200\" \/><\/div>\n<div dir=\"auto\" data-olk-copy-source=\"MessageBody\"><\/div>\n<div dir=\"auto\" data-olk-copy-source=\"MessageBody\"><\/div>\n<div dir=\"auto\" data-olk-copy-source=\"MessageBody\"><\/div>\n<div dir=\"auto\" data-olk-copy-source=\"MessageBody\"><\/div>\n<div dir=\"auto\" data-olk-copy-source=\"MessageBody\"><\/div>\n<div dir=\"auto\" data-olk-copy-source=\"MessageBody\"><\/div>\n<div dir=\"auto\" data-olk-copy-source=\"MessageBody\"><\/div>\n<div id=\"x_ms-outlook-mobile-signature\" dir=\"auto\">\n<div style=\"text-align: justify;\"><\/div>\n<\/div>\n","protected":false},"excerpt":{"rendered":"<p>DE ACUERDO CON LA AUTORIDAD ESTATAL SE MANTIENE ACTIVA LA ALERTA GRIS, HASTA EL MOMENTO SE HAN REGISTRADO RACHAS M\u00c1XIMAS DE 90.6 KM\/H Boca del R\u00edo, Ver., 06 de enero de 2025 Gracias a la coordinaci\u00f3n del Ayuntamiento de Boca del R\u00edo y su Fuerza de Tarea, no se han registrado da\u00f1os mayores en la [&hellip;]<\/p>\n","protected":false},"author":1,"featured_media":0,"comment_status":"closed","ping_status":"closed","sticky":false,"template":"","format":"standard","meta":{"_jetpack_memberships_contains_paid_content":false,"footnotes":"","jetpack_publicize_message":"","jetpack_publicize_feature_enabled":true,"jetpack_social_post_already_shared":false,"jetpack_social_options":{"image_generator_settings":{"template":"highway","default_image_id":0,"font":"","enabled":false},"version":2}},"categories":[4],"tags":[40],"class_list":["post-2099","post","type-post","status-publish","format-standard","hentry","category-noticia-politica","tag-jm-alcalde-2025"],"jetpack_publicize_connections":[],"jetpack_featured_media_url":"","jetpack_sharing_enabled":true,"_links":{"self":[{"href":"https:\/\/revistaenfoquepolitico.com\/index.php\/wp-json\/wp\/v2\/posts\/2099","targetHints":{"allow":["GET"]}}],"collection":[{"href":"https:\/\/revistaenfoquepolitico.com\/index.php\/wp-json\/wp\/v2\/posts"}],"about":[{"href":"https:\/\/revistaenfoquepolitico.com\/index.php\/wp-json\/wp\/v2\/types\/post"}],"author":[{"embeddable":true,"href":"https:\/\/revistaenfoquepolitico.com\/index.php\/wp-json\/wp\/v2\/users\/1"}],"replies":[{"embeddable":true,"href":"https:\/\/revistaenfoquepolitico.com\/index.php\/wp-json\/wp\/v2\/comments?post=2099"}],"version-history":[{"count":1,"href":"https:\/\/revistaenfoquepolitico.com\/index.php\/wp-json\/wp\/v2\/posts\/2099\/revisions"}],"predecessor-version":[{"id":2106,"href":"https:\/\/revistaenfoquepolitico.com\/index.php\/wp-json\/wp\/v2\/posts\/2099\/revisions\/2106"}],"wp:attachment":[{"href":"https:\/\/revistaenfoquepolitico.com\/index.php\/wp-json\/wp\/v2\/media?parent=2099"}],"wp:term":[{"taxonomy":"category","embeddable":true,"href":"https:\/\/revistaenfoquepolitico.com\/index.php\/wp-json\/wp\/v2\/categories?post=2099"},{"taxonomy":"post_tag","embeddable":true,"href":"https:\/\/revistaenfoquepolitico.com\/index.php\/wp-json\/wp\/v2\/tags?post=2099"}],"curies":[{"name":"wp","href":"https:\/\/api.w.org\/{rel}","templated":true}]}}