{"id":2108,"date":"2025-01-09T01:06:48","date_gmt":"2025-01-09T01:06:48","guid":{"rendered":"https:\/\/revistaenfoquepolitico.com\/?p=2108"},"modified":"2025-01-09T01:06:48","modified_gmt":"2025-01-09T01:06:48","slug":"tamseros-van-con-todo-a-favor-de-la-morenista-rosa-maria-hernandez-espejo-para-la-alcaldia-de-veracruz","status":"publish","type":"post","link":"https:\/\/revistaenfoquepolitico.com\/index.php\/2025\/01\/09\/tamseros-van-con-todo-a-favor-de-la-morenista-rosa-maria-hernandez-espejo-para-la-alcaldia-de-veracruz\/","title":{"rendered":"TAMSEROS VAN CON TODO A FAVOR DE LA MORENISTA ROSA MAR\u00cdA HERN\u00c1NDEZ ESPEJO PARA LA ALCALD\u00cdA DE VERACRUZ"},"content":{"rendered":"<div dir=\"auto\" data-olk-copy-source=\"MessageBody\"><strong>*TAMSEROS VAN CON TODO A FAVOR DE LA MORENISTA ROSA MAR\u00cdA<\/strong>\u00a0<strong>HERN\u00c1NDEZ ESPEJO PARA LA ALCALD\u00cdA DE VERACRUZ*<\/strong><\/div>\n<div dir=\"auto\" data-olk-copy-source=\"MessageBody\"><\/div>\n<div dir=\"auto\" data-olk-copy-source=\"MessageBody\"><\/div>\n<div dir=\"auto\" style=\"text-align: justify;\" data-olk-copy-source=\"MessageBody\">\n<div dir=\"auto\">H. Veracruz, Ver. 08 de enero de 2025<\/div>\n<div dir=\"auto\"><\/div>\n<div dir=\"auto\" style=\"text-align: justify;\"><strong>El Comit\u00e9 Ejecutivo del Sindicato Nacional Unidad y Progreso de la empresa Tenaris-Tamsa<\/strong> cerr\u00f3 filas en torno a la aspirante a la candidatura de Morena a la alcald\u00eda de Veracruz, <strong>Rosa Mar\u00eda Hern\u00e1ndez Espejo<\/strong>, quien de esta forma refrenda su compromiso de trabajo permanente con la clase trabajadora.<\/div>\n<div dir=\"auto\" style=\"text-align: justify;\"><\/div>\n<div dir=\"auto\" style=\"text-align: justify;\"><img loading=\"lazy\" decoding=\"async\" class=\"alignleft size-medium wp-image-2109\" src=\"https:\/\/revistaenfoquepolitico.com\/wp-content\/uploads\/2025\/01\/TAMSA-1-300x225.jpg\" alt=\"\" width=\"300\" height=\"225\" \/>Con una taquiza realizada en el Deportivo SNUP, se concret\u00f3 la alianza de este importante gremio representado por su l\u00edder <strong>C\u00e1ndido Canseco Castro<\/strong>, quien, junto con los miembros del CEN, manifest\u00f3 su respaldo y su deseo de trabajar conjuntamente para fortalecer las aspiraciones de la diputada federal.<\/div>\n<div dir=\"auto\" style=\"text-align: justify;\"><\/div>\n<div dir=\"auto\" style=\"text-align: justify;\">El pasado lunes, <strong>Rosa Mar\u00eda Hern\u00e1ndez Espejo<\/strong> se registr\u00f3 ante la Comisi\u00f3n de Procesos Internos de Morena para someterse a la encuesta que determine a la persona que abandere la causa de Morena en las elecciones del pr\u00f3ximo 1 de junio en el municipio porte\u00f1o.<\/div>\n<div dir=\"auto\" style=\"text-align: justify;\"><\/div>\n<div dir=\"auto\" style=\"text-align: justify;\">\u201cGracias por recibirme y por apoyarme en mis aspiraciones. Ustedes saben que soy una mujer de trabajo incansable que desea que al puerto de Veracruz le vaya muy bien. Y lograremos que as\u00ed sea con el impulso de ustedes y de la mano de nuestra gobernadora Roc\u00edo Nahle y de nuestra Presidenta Claudia Sheinbaum\u201d, expres\u00f3 la legisladora federal.<\/div>\n<div dir=\"auto\" style=\"text-align: justify;\"><\/div>\n<div dir=\"auto\" style=\"text-align: justify;\"><img loading=\"lazy\" decoding=\"async\" class=\"alignright size-medium wp-image-2110\" src=\"https:\/\/revistaenfoquepolitico.com\/wp-content\/uploads\/2025\/01\/TAMSA-2-300x200.jpg\" alt=\"\" width=\"300\" height=\"200\" \/>En respuesta, <strong>C\u00e1ndido Canseco Castro<\/strong> garantiz\u00f3 el respaldo del gremio que representa \u201cporque es usted una mujer de lucha que no ha perdido su sencillez y sus ganas de sacar a la ciudad de Veracruz del estancamiento que padece\u201d.<\/div>\n<div dir=\"auto\" style=\"text-align: justify;\"><\/div>\n<p>\u201cSomos casi 8 mil trabajadores que est\u00e1n en el SNUP. Y le puedo garantizar que la gran mayor\u00eda la va a apoyar para que sea usted candidata y pr\u00f3xima alcaldesa de Veracruz. Tiene todo nuestro apoyo\u201d, remarc\u00f3 finalmente el l\u00edder sindical.<\/p><\/div>\n<div id=\"x_ms-outlook-mobile-signature\" dir=\"auto\">\n<div style=\"text-align: justify;\"><img loading=\"lazy\" decoding=\"async\" class=\"alignleft size-medium wp-image-2111\" src=\"https:\/\/revistaenfoquepolitico.com\/wp-content\/uploads\/2025\/01\/TAMSA-3-300x200.jpg\" alt=\"\" width=\"300\" height=\"200\" \/><\/div>\n<\/div>\n<div><\/div>\n<div><\/div>\n<div><\/div>\n<div><\/div>\n<div><\/div>\n<div><\/div>\n<div><\/div>\n<div><\/div>\n<div><\/div>\n<div><img loading=\"lazy\" decoding=\"async\" class=\"alignleft size-medium wp-image-2112\" src=\"https:\/\/revistaenfoquepolitico.com\/wp-content\/uploads\/2025\/01\/TAMSA-4-300x200.jpg\" alt=\"\" width=\"300\" height=\"200\" \/><\/div>\n","protected":false},"excerpt":{"rendered":"<p>*TAMSEROS VAN CON TODO A FAVOR DE LA MORENISTA ROSA MAR\u00cdA\u00a0HERN\u00c1NDEZ ESPEJO PARA LA ALCALD\u00cdA DE VERACRUZ* H. Veracruz, Ver. 08 de enero de 2025 El Comit\u00e9 Ejecutivo del Sindicato Nacional Unidad y Progreso de la empresa Tenaris-Tamsa cerr\u00f3 filas en torno a la aspirante a la candidatura de Morena a la alcald\u00eda de Veracruz, [&hellip;]<\/p>\n","protected":false},"author":1,"featured_media":0,"comment_status":"closed","ping_status":"closed","sticky":false,"template":"","format":"standard","meta":{"_jetpack_memberships_contains_paid_content":false,"footnotes":"","jetpack_publicize_message":"","jetpack_publicize_feature_enabled":true,"jetpack_social_post_already_shared":false,"jetpack_social_options":{"image_generator_settings":{"template":"highway","default_image_id":0,"font":"","enabled":false},"version":2}},"categories":[4],"tags":[42],"class_list":["post-2108","post","type-post","status-publish","format-standard","hentry","category-noticia-politica","tag-rosa-maria-hdez-espejo"],"jetpack_publicize_connections":[],"jetpack_featured_media_url":"","jetpack_sharing_enabled":true,"_links":{"self":[{"href":"https:\/\/revistaenfoquepolitico.com\/index.php\/wp-json\/wp\/v2\/posts\/2108","targetHints":{"allow":["GET"]}}],"collection":[{"href":"https:\/\/revistaenfoquepolitico.com\/index.php\/wp-json\/wp\/v2\/posts"}],"about":[{"href":"https:\/\/revistaenfoquepolitico.com\/index.php\/wp-json\/wp\/v2\/types\/post"}],"author":[{"embeddable":true,"href":"https:\/\/revistaenfoquepolitico.com\/index.php\/wp-json\/wp\/v2\/users\/1"}],"replies":[{"embeddable":true,"href":"https:\/\/revistaenfoquepolitico.com\/index.php\/wp-json\/wp\/v2\/comments?post=2108"}],"version-history":[{"count":1,"href":"https:\/\/revistaenfoquepolitico.com\/index.php\/wp-json\/wp\/v2\/posts\/2108\/revisions"}],"predecessor-version":[{"id":2114,"href":"https:\/\/revistaenfoquepolitico.com\/index.php\/wp-json\/wp\/v2\/posts\/2108\/revisions\/2114"}],"wp:attachment":[{"href":"https:\/\/revistaenfoquepolitico.com\/index.php\/wp-json\/wp\/v2\/media?parent=2108"}],"wp:term":[{"taxonomy":"category","embeddable":true,"href":"https:\/\/revistaenfoquepolitico.com\/index.php\/wp-json\/wp\/v2\/categories?post=2108"},{"taxonomy":"post_tag","embeddable":true,"href":"https:\/\/revistaenfoquepolitico.com\/index.php\/wp-json\/wp\/v2\/tags?post=2108"}],"curies":[{"name":"wp","href":"https:\/\/api.w.org\/{rel}","templated":true}]}}