{"id":2115,"date":"2025-01-09T01:14:35","date_gmt":"2025-01-09T01:14:35","guid":{"rendered":"https:\/\/revistaenfoquepolitico.com\/?p=2115"},"modified":"2025-01-09T17:08:46","modified_gmt":"2025-01-09T17:08:46","slug":"mary-carmen-hernandez-aguilar-va-por-morena-a-la-alcaldia-de-medellin","status":"publish","type":"post","link":"https:\/\/revistaenfoquepolitico.com\/index.php\/2025\/01\/09\/mary-carmen-hernandez-aguilar-va-por-morena-a-la-alcaldia-de-medellin\/","title":{"rendered":"MARY CARMEN HERN\u00c1NDEZ AGUILAR VA POR MORENA A LA ALCALD\u00cdA DE MEDELL\u00cdN"},"content":{"rendered":"<div dir=\"auto\" style=\"text-align: justify;\">\n<div dir=\"auto\" style=\"text-align: justify;\">*MERECEMOS<strong> UN MUNICIPIO DIGNO, LLENO DE OPORTUNIDADES Y CON UNA VERDADERA TRANSFORMACI\u00d3N, DIJO LA ASPIRANTE, QUIEN SE REGISTR\u00d3 ANTE LA COMISI\u00d3N DE PROCESOS INTERNOS DEL PARTIDO GUINDA PARA COMPETIR*<\/strong><\/div>\n<div dir=\"auto\"><\/div>\n<div dir=\"auto\"><\/div>\n<div dir=\"auto\">Medell\u00edn de Bravo, Ver. 08 de enero de 2025<\/div>\n<div dir=\"auto\"><\/div>\n<div dir=\"auto\" style=\"text-align: justify;\">Mary Carmen Hern\u00e1ndez Aguilar se registr\u00f3 ante la Comisi\u00f3n de Procesos Internos de Morena para contender por la candidatura a la presidencia municipal de Medell\u00edn de Bravo, para lo cual cumpli\u00f3 puntualmente con todos los requisitos.<\/div>\n<div dir=\"auto\" style=\"text-align: justify;\"><\/div>\n<div dir=\"auto\" style=\"text-align: justify;\"><img loading=\"lazy\" decoding=\"async\" class=\"alignleft size-medium wp-image-2116\" src=\"https:\/\/revistaenfoquepolitico.com\/wp-content\/uploads\/2025\/01\/MARY-CARMEN-MEDELLIN-225x300.jpg\" alt=\"\" width=\"225\" height=\"300\" \/>La hoy aspirante escribi\u00f3 en su red social de facebook: \u00abCada paso que hemos dado juntos est\u00e1 lleno de significados, de historias, de sue\u00f1os y de un profundo amor por nuestro querido Medell\u00edn. Este proyecto no es s\u00f3lo m\u00edo, es de todas y todos ustedes, de quienes anhelan un municipio digno, lleno de oportunidades y con una verdadera transformaci\u00f3n\u00bb.<\/div>\n<div dir=\"auto\" style=\"text-align: justify;\"><\/div>\n<div dir=\"auto\" style=\"text-align: justify;\">Agradeci\u00f3 a todos y cada uno de quienes la han apoyado en su caminar, por abrirle \u00a0las puertas de sus hogares, por recibirla con cari\u00f1o en sus colonias y comunidades, y por compartir las realidades que viven d\u00eda a d\u00eda.\u00bb Sus voces, sus necesidades y sus esperanzas son el motor que impulsa mi compromiso\u00bb.<\/div>\n<div dir=\"auto\" style=\"text-align: justify;\"><\/div>\n<p>\u00abEs tiempo de mujeres, de construir el segundo piso de la Cuarta Transformaci\u00f3n, hombro con hombro con nuestra presidenta Claudia Sheinbaum y nuestra gobernadora Roc\u00edo Nahle, \u00a0y mi promesa es clara: trabajar incansablemente para que Medell\u00edn sea un lugar del que todas y todos nos sintamos orgullosos Es nuestro momento, el momento de las mujeres, de la unidad y del cambio verdadero\u00bb, expres\u00f3 enf\u00e1tica.<\/p>\n<\/div>\n<div id=\"x_ms-outlook-mobile-signature\" dir=\"auto\">\n<div style=\"text-align: justify;\"><\/div>\n<\/div>\n","protected":false},"excerpt":{"rendered":"<p>*MERECEMOS UN MUNICIPIO DIGNO, LLENO DE OPORTUNIDADES Y CON UNA VERDADERA TRANSFORMACI\u00d3N, DIJO LA ASPIRANTE, QUIEN SE REGISTR\u00d3 ANTE LA COMISI\u00d3N DE PROCESOS INTERNOS DEL PARTIDO GUINDA PARA COMPETIR* Medell\u00edn de Bravo, Ver. 08 de enero de 2025 Mary Carmen Hern\u00e1ndez Aguilar se registr\u00f3 ante la Comisi\u00f3n de Procesos Internos de Morena para contender por [&hellip;]<\/p>\n","protected":false},"author":1,"featured_media":0,"comment_status":"closed","ping_status":"closed","sticky":false,"template":"","format":"standard","meta":{"_jetpack_memberships_contains_paid_content":false,"footnotes":"","jetpack_publicize_message":"","jetpack_publicize_feature_enabled":true,"jetpack_social_post_already_shared":false,"jetpack_social_options":{"image_generator_settings":{"template":"highway","default_image_id":0,"font":"","enabled":false},"version":2}},"categories":[4],"tags":[43],"class_list":["post-2115","post","type-post","status-publish","format-standard","hentry","category-noticia-politica","tag-morena-medellin"],"jetpack_publicize_connections":[],"jetpack_featured_media_url":"","jetpack_sharing_enabled":true,"_links":{"self":[{"href":"https:\/\/revistaenfoquepolitico.com\/index.php\/wp-json\/wp\/v2\/posts\/2115","targetHints":{"allow":["GET"]}}],"collection":[{"href":"https:\/\/revistaenfoquepolitico.com\/index.php\/wp-json\/wp\/v2\/posts"}],"about":[{"href":"https:\/\/revistaenfoquepolitico.com\/index.php\/wp-json\/wp\/v2\/types\/post"}],"author":[{"embeddable":true,"href":"https:\/\/revistaenfoquepolitico.com\/index.php\/wp-json\/wp\/v2\/users\/1"}],"replies":[{"embeddable":true,"href":"https:\/\/revistaenfoquepolitico.com\/index.php\/wp-json\/wp\/v2\/comments?post=2115"}],"version-history":[{"count":2,"href":"https:\/\/revistaenfoquepolitico.com\/index.php\/wp-json\/wp\/v2\/posts\/2115\/revisions"}],"predecessor-version":[{"id":2120,"href":"https:\/\/revistaenfoquepolitico.com\/index.php\/wp-json\/wp\/v2\/posts\/2115\/revisions\/2120"}],"wp:attachment":[{"href":"https:\/\/revistaenfoquepolitico.com\/index.php\/wp-json\/wp\/v2\/media?parent=2115"}],"wp:term":[{"taxonomy":"category","embeddable":true,"href":"https:\/\/revistaenfoquepolitico.com\/index.php\/wp-json\/wp\/v2\/categories?post=2115"},{"taxonomy":"post_tag","embeddable":true,"href":"https:\/\/revistaenfoquepolitico.com\/index.php\/wp-json\/wp\/v2\/tags?post=2115"}],"curies":[{"name":"wp","href":"https:\/\/api.w.org\/{rel}","templated":true}]}}