{"id":2191,"date":"2025-01-29T17:58:40","date_gmt":"2025-01-29T17:58:40","guid":{"rendered":"https:\/\/revistaenfoquepolitico.com\/?p=2191"},"modified":"2025-01-29T17:58:40","modified_gmt":"2025-01-29T17:58:40","slug":"oscar-agustin-lara-se-registra-como-precandidato-por-movimiento-ciudadano","status":"publish","type":"post","link":"https:\/\/revistaenfoquepolitico.com\/index.php\/2025\/01\/29\/oscar-agustin-lara-se-registra-como-precandidato-por-movimiento-ciudadano\/","title":{"rendered":"OSCAR AGUST\u00cdN LARA SE REGISTRA COMO PRECANDIDATO POR MOVIMIENTO CIUDADANO"},"content":{"rendered":"<p><strong>OSCAR AGUST\u00cdN LARA SE REGISTRA COMO PRECANDIDATO POR MOVIMIENTO CIUDADANO, BUSCA RECUPERAR EL PUERTO DE VERACRUZ<\/strong><\/p>\n<div dir=\"auto\">H. Veracruz, Ver., 28 de enero de 2025<\/div>\n<div dir=\"auto\"><\/div>\n<div dir=\"auto\" style=\"text-align: justify;\">Oscar Agust\u00edn Lara inform\u00f3 que se ha registrado como precandidato a la alcald\u00eda de Veracruz por el partido Movimiento Ciudadano. \u00a0Su objetivo, manifest\u00f3, es recuperar el futuro de Veracruz y su puerto, actualmente afectados por un rezago de m\u00e1s de 40 a\u00f1os. \u00a0Manifest\u00f3 que cumplir\u00e1 con los tiempos establecidos por su partido, llevando a cabo su precampa\u00f1a con la militancia y simpatizantes del 2 al 21 de febrero.<\/div>\n<div dir=\"auto\" style=\"text-align: justify;\"><\/div>\n<div dir=\"auto\" style=\"text-align: justify;\"><img loading=\"lazy\" decoding=\"async\" class=\"alignleft size-medium wp-image-2192\" src=\"https:\/\/revistaenfoquepolitico.com\/wp-content\/uploads\/2025\/01\/OSCAR-LARA-1-300x209.jpg\" alt=\"\" width=\"300\" height=\"209\" \/>Agust\u00edn Lara declar\u00f3 que: \u201choy cumplo con los tiempos que marca la convocatoria, por lo que hice mi registro para buscar ser el candidato de Movimiento Ciudadano a la Alcald\u00eda de Veracruz, lugar que es mi de residencia, y en donde ha vivido m\u00e1s de 40 a\u00f1os, puntualiz\u00f3.<\/div>\n<div dir=\"auto\" style=\"text-align: justify;\"><\/div>\n<div dir=\"auto\" style=\"text-align: justify;\">A\u00f1adi\u00f3 que su objetivo es claro, recuperar el futuro de Veracruz, ya que lament\u00f3 que, siendo una ciudad con tanta riqueza y factores geogr\u00e1ficos favorables, se encuentra en las peores condiciones de abandono y deterioro.<\/div>\n<div dir=\"auto\" style=\"text-align: justify;\"><\/div>\n<div dir=\"auto\" style=\"text-align: justify;\">\u201cEn mis conversaciones con simpatizantes, he escuchado con preocupaci\u00f3n sobre los baches, los servicios p\u00fablicos deficientes, la inseguridad, la falta de empleo para los j\u00f3venes, y la vulnerabilidad de las mujeres ante la violencia. \u00a0Estos son problemas que requieren atenci\u00f3n urgente y soluciones reales, asegur\u00f3 el precandidato del partido naranja\u00bb.<\/div>\n<div dir=\"auto\" style=\"text-align: justify;\"><\/div>\n<p>#MovimientoCiudadano #Veracruz #Precandidatura #OscarAgust\u00ednLara<\/p>\n","protected":false},"excerpt":{"rendered":"<p>OSCAR AGUST\u00cdN LARA SE REGISTRA COMO PRECANDIDATO POR MOVIMIENTO CIUDADANO, BUSCA RECUPERAR EL PUERTO DE VERACRUZ H. Veracruz, Ver., 28 de enero de 2025 Oscar Agust\u00edn Lara inform\u00f3 que se ha registrado como precandidato a la alcald\u00eda de Veracruz por el partido Movimiento Ciudadano. \u00a0Su objetivo, manifest\u00f3, es recuperar el futuro de Veracruz y su [&hellip;]<\/p>\n","protected":false},"author":1,"featured_media":0,"comment_status":"closed","ping_status":"closed","sticky":false,"template":"","format":"standard","meta":{"_jetpack_memberships_contains_paid_content":false,"footnotes":"","jetpack_publicize_message":"","jetpack_publicize_feature_enabled":true,"jetpack_social_post_already_shared":false,"jetpack_social_options":{"image_generator_settings":{"template":"highway","default_image_id":0,"font":"","enabled":false},"version":2}},"categories":[4],"tags":[45],"class_list":["post-2191","post","type-post","status-publish","format-standard","hentry","category-noticia-politica","tag-mov-ciudadano"],"jetpack_publicize_connections":[],"jetpack_featured_media_url":"","jetpack_sharing_enabled":true,"_links":{"self":[{"href":"https:\/\/revistaenfoquepolitico.com\/index.php\/wp-json\/wp\/v2\/posts\/2191","targetHints":{"allow":["GET"]}}],"collection":[{"href":"https:\/\/revistaenfoquepolitico.com\/index.php\/wp-json\/wp\/v2\/posts"}],"about":[{"href":"https:\/\/revistaenfoquepolitico.com\/index.php\/wp-json\/wp\/v2\/types\/post"}],"author":[{"embeddable":true,"href":"https:\/\/revistaenfoquepolitico.com\/index.php\/wp-json\/wp\/v2\/users\/1"}],"replies":[{"embeddable":true,"href":"https:\/\/revistaenfoquepolitico.com\/index.php\/wp-json\/wp\/v2\/comments?post=2191"}],"version-history":[{"count":1,"href":"https:\/\/revistaenfoquepolitico.com\/index.php\/wp-json\/wp\/v2\/posts\/2191\/revisions"}],"predecessor-version":[{"id":2194,"href":"https:\/\/revistaenfoquepolitico.com\/index.php\/wp-json\/wp\/v2\/posts\/2191\/revisions\/2194"}],"wp:attachment":[{"href":"https:\/\/revistaenfoquepolitico.com\/index.php\/wp-json\/wp\/v2\/media?parent=2191"}],"wp:term":[{"taxonomy":"category","embeddable":true,"href":"https:\/\/revistaenfoquepolitico.com\/index.php\/wp-json\/wp\/v2\/categories?post=2191"},{"taxonomy":"post_tag","embeddable":true,"href":"https:\/\/revistaenfoquepolitico.com\/index.php\/wp-json\/wp\/v2\/tags?post=2191"}],"curies":[{"name":"wp","href":"https:\/\/api.w.org\/{rel}","templated":true}]}}