{"id":2216,"date":"2025-02-01T23:20:53","date_gmt":"2025-02-01T23:20:53","guid":{"rendered":"https:\/\/revistaenfoquepolitico.com\/?p=2216"},"modified":"2025-02-01T23:20:53","modified_gmt":"2025-02-01T23:20:53","slug":"alcalde-jm-unanue-continua-impulsando-la-reactivacion-economica-del-corazon-de-boca-del-rio","status":"publish","type":"post","link":"https:\/\/revistaenfoquepolitico.com\/index.php\/2025\/02\/01\/alcalde-jm-unanue-continua-impulsando-la-reactivacion-economica-del-corazon-de-boca-del-rio\/","title":{"rendered":"ALCALDE JM UN\u00c1NUE CONTIN\u00daA IMPULSANDO LA REACTIVACI\u00d3N ECON\u00d3MICA DEL \u00abCORAZ\u00d3N\u00bb DE BOCA DEL R\u00cdO"},"content":{"rendered":"<p><strong>Boca del R\u00edo, Ver., 01 de febrero de 2025<\/strong><\/p>\n<p>&nbsp;<\/p>\n<p><strong>*DIVERSOS COMERCIOS HAN DECIDIDO INVERTIR EN LA CABECERA MUNICIPAL DE LA CIUDAD GENERANDO AS\u00cd EMPLEOS Y DERRAMA ECON\u00d3MICA PARA LOS BOQUE\u00d1OS*<\/strong><\/p>\n<p>&nbsp;<\/p>\n<div dir=\"auto\" style=\"text-align: justify;\"><strong>Boca del R\u00edo sigue siendo un referente en la creaci\u00f3n de nuevos comercios y desarrollo econ\u00f3mico, gracias al impulso y respaldo del gobierno municipal a todos los empresarios y emprendedores que han elegido instalarse en esta ciudad.<\/strong><\/div>\n<div dir=\"auto\" style=\"text-align: justify;\"><\/div>\n<div dir=\"auto\" style=\"text-align: justify;\"><strong><img loading=\"lazy\" decoding=\"async\" class=\"alignleft size-medium wp-image-2221\" src=\"https:\/\/revistaenfoquepolitico.com\/wp-content\/uploads\/2025\/02\/JM-IMPUL-5-300x200.jpg\" alt=\"\" width=\"300\" height=\"200\" \/>As\u00ed lo inform\u00f3 el alcalde, Juan Manuel Un\u00e1nue, destacando que la cabecera municipal se encuentra en plena reactivaci\u00f3n al contar con m\u00e1s opciones de productos y servicios para compartir en familia, tal es el caso del restaurante \u201cLas Coronelas\u00bb y de la paleter\u00eda y never\u00eda \u00abLa Delicia Michoacana\u00bb.<\/strong><\/div>\n<div dir=\"auto\" style=\"text-align: justify;\"><\/div>\n<div dir=\"auto\" style=\"text-align: justify;\"><strong>\u201cEs muy gratificante ver que siguen generando empleos, que siguen aperturando negocios, que la gente trabajadora de Boca del R\u00edo siga creyendo en Boca del R\u00edo; esto es un esfuerzo para poner un negocio establecido, para generar empleo y para darle vida tambi\u00e9n y otro tipo de opciones al coraz\u00f3n de Boca del R\u00edo, lo que es la Cabecera Municipal\u201d, destac\u00f3 el edil ante los empresarios, trabajadores y clientes.<\/strong><\/div>\n<div dir=\"auto\" style=\"text-align: justify;\"><\/div>\n<div dir=\"auto\" style=\"text-align: justify;\"><strong><img loading=\"lazy\" decoding=\"async\" class=\"alignright size-medium wp-image-2218\" src=\"https:\/\/revistaenfoquepolitico.com\/wp-content\/uploads\/2025\/02\/JM-IMPUL-2-300x200.jpg\" alt=\"\" width=\"300\" height=\"200\" \/>La administraci\u00f3n municipal trabaja en estrategias para fortalecer la gastronom\u00eda, el comercio y los prestadores de servicios, generando m\u00e1s oportunidades para los boque\u00f1os.<\/strong><\/div>\n<div dir=\"auto\" style=\"text-align: justify;\"><\/div>\n<div dir=\"auto\" style=\"text-align: justify;\"><strong>Asimismo se promueve la apertura de nuevos negocios con mayores facilidades, lo que contribuye a la creaci\u00f3n de empleos y el crecimiento sostenible de Boca del R\u00edo.<\/strong><\/div>\n<div dir=\"auto\" style=\"text-align: justify;\"><\/div>\n<p style=\"text-align: justify;\"><strong>Por \u00faltimo, el alcalde Juan Manuel Un\u00e1nue Abascal, invit\u00f3 a la ciudadan\u00eda a visitar y disfrutar de la cabecera municipal y de todas las atracciones, comercios y gastronom\u00eda boque\u00f1a.<\/strong><\/p>\n<p><img loading=\"lazy\" decoding=\"async\" class=\"alignleft size-medium wp-image-2219\" src=\"https:\/\/revistaenfoquepolitico.com\/wp-content\/uploads\/2025\/02\/JM-IMPUL-3-300x200.jpg\" alt=\"\" width=\"300\" height=\"200\" \/><img loading=\"lazy\" decoding=\"async\" class=\"alignright size-medium wp-image-2220\" src=\"https:\/\/revistaenfoquepolitico.com\/wp-content\/uploads\/2025\/02\/JM-IMPUL-4-300x200.jpg\" alt=\"\" width=\"300\" height=\"200\" \/><\/p>\n","protected":false},"excerpt":{"rendered":"<p>Boca del R\u00edo, Ver., 01 de febrero de 2025 &nbsp; *DIVERSOS COMERCIOS HAN DECIDIDO INVERTIR EN LA CABECERA MUNICIPAL DE LA CIUDAD GENERANDO AS\u00cd EMPLEOS Y DERRAMA ECON\u00d3MICA PARA LOS BOQUE\u00d1OS* &nbsp; Boca del R\u00edo sigue siendo un referente en la creaci\u00f3n de nuevos comercios y desarrollo econ\u00f3mico, gracias al impulso y respaldo del gobierno [&hellip;]<\/p>\n","protected":false},"author":1,"featured_media":0,"comment_status":"closed","ping_status":"closed","sticky":false,"template":"","format":"standard","meta":{"_jetpack_memberships_contains_paid_content":false,"footnotes":"","jetpack_publicize_message":"","jetpack_publicize_feature_enabled":true,"jetpack_social_post_already_shared":false,"jetpack_social_options":{"image_generator_settings":{"template":"highway","default_image_id":0,"font":"","enabled":false},"version":2}},"categories":[4],"tags":[40],"class_list":["post-2216","post","type-post","status-publish","format-standard","hentry","category-noticia-politica","tag-jm-alcalde-2025"],"jetpack_publicize_connections":[],"jetpack_featured_media_url":"","jetpack_sharing_enabled":true,"_links":{"self":[{"href":"https:\/\/revistaenfoquepolitico.com\/index.php\/wp-json\/wp\/v2\/posts\/2216","targetHints":{"allow":["GET"]}}],"collection":[{"href":"https:\/\/revistaenfoquepolitico.com\/index.php\/wp-json\/wp\/v2\/posts"}],"about":[{"href":"https:\/\/revistaenfoquepolitico.com\/index.php\/wp-json\/wp\/v2\/types\/post"}],"author":[{"embeddable":true,"href":"https:\/\/revistaenfoquepolitico.com\/index.php\/wp-json\/wp\/v2\/users\/1"}],"replies":[{"embeddable":true,"href":"https:\/\/revistaenfoquepolitico.com\/index.php\/wp-json\/wp\/v2\/comments?post=2216"}],"version-history":[{"count":1,"href":"https:\/\/revistaenfoquepolitico.com\/index.php\/wp-json\/wp\/v2\/posts\/2216\/revisions"}],"predecessor-version":[{"id":2222,"href":"https:\/\/revistaenfoquepolitico.com\/index.php\/wp-json\/wp\/v2\/posts\/2216\/revisions\/2222"}],"wp:attachment":[{"href":"https:\/\/revistaenfoquepolitico.com\/index.php\/wp-json\/wp\/v2\/media?parent=2216"}],"wp:term":[{"taxonomy":"category","embeddable":true,"href":"https:\/\/revistaenfoquepolitico.com\/index.php\/wp-json\/wp\/v2\/categories?post=2216"},{"taxonomy":"post_tag","embeddable":true,"href":"https:\/\/revistaenfoquepolitico.com\/index.php\/wp-json\/wp\/v2\/tags?post=2216"}],"curies":[{"name":"wp","href":"https:\/\/api.w.org\/{rel}","templated":true}]}}