{"id":2325,"date":"2025-02-19T03:43:17","date_gmt":"2025-02-19T03:43:17","guid":{"rendered":"https:\/\/revistaenfoquepolitico.com\/?p=2325"},"modified":"2025-02-19T05:08:41","modified_gmt":"2025-02-19T05:08:41","slug":"ernesto-vivas-enriquez-lider-juvenil-busca-candidatura-del-pri-para-la-alcaldia-de-boca-del-rio","status":"publish","type":"post","link":"https:\/\/revistaenfoquepolitico.com\/index.php\/2025\/02\/19\/ernesto-vivas-enriquez-lider-juvenil-busca-candidatura-del-pri-para-la-alcaldia-de-boca-del-rio\/","title":{"rendered":"ERNESTO VIVAS ENR\u00cdQUEZ LIDER JUVENIL BUSCA CANDIDATURA DEL PRI PARA LA ALCALD\u00cdA DE BOCA DEL R\u00cdO"},"content":{"rendered":"<div dir=\"auto\" data-olk-copy-source=\"MessageBody\">\n<p>Bolet\u00edn de Prensa<\/p>\n<p>Fotos: Carlos Hern\u00e1ndez<\/p>\n<div dir=\"auto\"><\/div>\n<div dir=\"auto\">Ernesto Vivas Enr\u00edquez busca candidatura del PRI para la alcald\u00eda de Boca del R\u00edo<\/div>\n<div dir=\"auto\"><\/div>\n<div dir=\"auto\">Boca del R\u00edo, Veracruz, 18 de febrero de 2025<\/div>\n<div dir=\"auto\"><\/div>\n<div dir=\"auto\" style=\"text-align: justify;\"><img loading=\"lazy\" decoding=\"async\" class=\"alignleft size-medium wp-image-2326\" src=\"https:\/\/revistaenfoquepolitico.com\/wp-content\/uploads\/2025\/02\/ERNESTO-1-300x178.jpg\" alt=\"\" width=\"300\" height=\"178\" \/>Ernesto Vivas Enr\u00edquez, un joven de 20 a\u00f1os y estudiante de la licenciatura en Derecho, ha anunciado su intenci\u00f3n de contender por la candidatura del Partido Revolucionario Institucional (PRI) para la presidencia municipal de Boca del R\u00edo. Con experiencia en liderazgo juvenil, Vivas ha dirigido la Red de J\u00f3venes por M\u00e9xico a nivel local y es dirigente estatal del PRI-MX.<\/div>\n<div dir=\"auto\" style=\"text-align: justify;\"><\/div>\n<div dir=\"auto\" style=\"text-align: justify;\">Vivas Enr\u00edquez enfatiza la necesidad de propuestas innovadoras y frescas para un municipio din\u00e1mico como Boca del R\u00edo, argumentando que un gobierno joven puede responder mejor a las demandas actuales de la comunidad. Hace un llamado a los diversos sectores de la sociedad a unirse a su proyecto, buscando ofrecer una alternativa a las opciones tradicionales que se presentan en cada proceso electoral.<\/div>\n<div dir=\"auto\" style=\"text-align: justify;\"><\/div>\n<div dir=\"auto\" style=\"text-align: justify;\">Acompa\u00f1ado por un grupo de j\u00f3venes que respaldan su iniciativa, Vivas Enr\u00edquez destaca la importancia de la participaci\u00f3n juvenil en la pol\u00edtica local y se compromete a trabajar de la mano con la ciudadan\u00eda para impulsar el desarrollo y bienestar de Boca del R\u00edo.<\/div>\n<\/div>\n<div dir=\"auto\"><\/div>\n<div dir=\"auto\"><img loading=\"lazy\" decoding=\"async\" class=\"alignright size-medium wp-image-2327\" src=\"https:\/\/revistaenfoquepolitico.com\/wp-content\/uploads\/2025\/02\/ERNESTO-2-206x300.jpg\" alt=\"\" width=\"206\" height=\"300\" \/><\/div>\n<div dir=\"auto\"><\/div>\n<div dir=\"auto\"><\/div>\n<div dir=\"auto\"><\/div>\n<div dir=\"auto\"><\/div>\n<div dir=\"auto\"><\/div>\n<div dir=\"auto\"><\/div>\n<div dir=\"auto\" data-olk-copy-source=\"MessageBody\">\n<div dir=\"auto\" style=\"text-align: justify;\"><\/div>\n<p>*Nota: Este bolet\u00edn se ha elaborado con informaci\u00f3n disponible*<\/p>\n<\/div>\n<div id=\"x_ms-outlook-mobile-body-separator-line\" dir=\"auto\"><\/div>\n","protected":false},"excerpt":{"rendered":"<p>Bolet\u00edn de Prensa Fotos: Carlos Hern\u00e1ndez Ernesto Vivas Enr\u00edquez busca candidatura del PRI para la alcald\u00eda de Boca del R\u00edo Boca del R\u00edo, Veracruz, 18 de febrero de 2025 Ernesto Vivas Enr\u00edquez, un joven de 20 a\u00f1os y estudiante de la licenciatura en Derecho, ha anunciado su intenci\u00f3n de contender por la candidatura del Partido [&hellip;]<\/p>\n","protected":false},"author":1,"featured_media":0,"comment_status":"closed","ping_status":"closed","sticky":false,"template":"","format":"standard","meta":{"_jetpack_memberships_contains_paid_content":false,"footnotes":"","jetpack_publicize_message":"","jetpack_publicize_feature_enabled":true,"jetpack_social_post_already_shared":false,"jetpack_social_options":{"image_generator_settings":{"template":"highway","default_image_id":0,"font":"","enabled":false},"version":2}},"categories":[4],"tags":[47],"class_list":["post-2325","post","type-post","status-publish","format-standard","hentry","category-noticia-politica","tag-pri-boca-ernesto-vivas"],"jetpack_publicize_connections":[],"jetpack_featured_media_url":"","jetpack_sharing_enabled":true,"_links":{"self":[{"href":"https:\/\/revistaenfoquepolitico.com\/index.php\/wp-json\/wp\/v2\/posts\/2325","targetHints":{"allow":["GET"]}}],"collection":[{"href":"https:\/\/revistaenfoquepolitico.com\/index.php\/wp-json\/wp\/v2\/posts"}],"about":[{"href":"https:\/\/revistaenfoquepolitico.com\/index.php\/wp-json\/wp\/v2\/types\/post"}],"author":[{"embeddable":true,"href":"https:\/\/revistaenfoquepolitico.com\/index.php\/wp-json\/wp\/v2\/users\/1"}],"replies":[{"embeddable":true,"href":"https:\/\/revistaenfoquepolitico.com\/index.php\/wp-json\/wp\/v2\/comments?post=2325"}],"version-history":[{"count":4,"href":"https:\/\/revistaenfoquepolitico.com\/index.php\/wp-json\/wp\/v2\/posts\/2325\/revisions"}],"predecessor-version":[{"id":2341,"href":"https:\/\/revistaenfoquepolitico.com\/index.php\/wp-json\/wp\/v2\/posts\/2325\/revisions\/2341"}],"wp:attachment":[{"href":"https:\/\/revistaenfoquepolitico.com\/index.php\/wp-json\/wp\/v2\/media?parent=2325"}],"wp:term":[{"taxonomy":"category","embeddable":true,"href":"https:\/\/revistaenfoquepolitico.com\/index.php\/wp-json\/wp\/v2\/categories?post=2325"},{"taxonomy":"post_tag","embeddable":true,"href":"https:\/\/revistaenfoquepolitico.com\/index.php\/wp-json\/wp\/v2\/tags?post=2325"}],"curies":[{"name":"wp","href":"https:\/\/api.w.org\/{rel}","templated":true}]}}