{"id":2351,"date":"2025-02-20T02:52:09","date_gmt":"2025-02-20T02:52:09","guid":{"rendered":"https:\/\/revistaenfoquepolitico.com\/?p=2351"},"modified":"2025-02-20T02:52:09","modified_gmt":"2025-02-20T02:52:09","slug":"alejandro-cagigas-obeso-asume-la-presidencia-de-la-cmic-veracruz-puerto","status":"publish","type":"post","link":"https:\/\/revistaenfoquepolitico.com\/index.php\/2025\/02\/20\/alejandro-cagigas-obeso-asume-la-presidencia-de-la-cmic-veracruz-puerto\/","title":{"rendered":"ALEJANDRO CAGIGAS OBESO ASUME LA PRESIDENCIA DE LA CMIC VERACRUZ-PUERTO"},"content":{"rendered":"<div dir=\"auto\" data-olk-copy-source=\"MessageBody\"><strong>*AL RENDIR PROTESTA DEL CARGO, SE COMPROMETI\u00d3 A TRABAJAR EN UNIDAD CON LOS AGREMIADOS*<\/strong><\/div>\n<div dir=\"auto\" data-olk-copy-source=\"MessageBody\"><\/div>\n<div dir=\"auto\" data-olk-copy-source=\"MessageBody\">\n<div dir=\"auto\">Veracruz, Ver. 19 de febrero de 2025<\/div>\n<div dir=\"auto\"><\/div>\n<div dir=\"auto\"><\/div>\n<div dir=\"auto\" style=\"text-align: justify;\">Al rendir protesta como nuevo presidente de la C\u00e1mara Mexicana de la Industria de la Construcci\u00f3n (CMIC) Delegaci\u00f3n Veracruz-Puerto, Alejandro Cagigas Obeso se comprometi\u00f3 a trabajar en unidad con los agremiados para fortalecer el sector e impulsar acciones firmes y colaborativas que fomenten el crecimiento y desarrollo de los constructores veracruzanos.<\/div>\n<div dir=\"auto\" style=\"text-align: justify;\"><\/div>\n<div dir=\"auto\" style=\"text-align: justify;\"><img loading=\"lazy\" decoding=\"async\" class=\"alignleft size-medium wp-image-2353\" src=\"https:\/\/revistaenfoquepolitico.com\/wp-content\/uploads\/2025\/02\/CMIC-2-300x200.jpg\" alt=\"\" width=\"300\" height=\"200\" \/>En la Asamblea Ordinaria Delegacional, Cagigas Obeso enfatiz\u00f3 la importancia de crear estrategias que fortalezcan la infraestructura, promuevan la inversi\u00f3n y faciliten la modernizaci\u00f3n de las empresas del gremio. \u201cLa construcci\u00f3n es un pilar fundamental del desarrollo; debemos trabajar juntos para impulsar proyectos que generen bienestar y crecimiento en la regi\u00f3n\u201d, afirm\u00f3.<\/div>\n<div dir=\"auto\" style=\"text-align: justify;\"><\/div>\n<div dir=\"auto\" style=\"text-align: justify;\">La CMIC Veracruz-Puerto ha desempe\u00f1ado un papel clave en la modernizaci\u00f3n de la infraestructura local, colaborando con el sector p\u00fablico y privado en la ejecuci\u00f3n de obras estrat\u00e9gicas. Adem\u00e1s, ha promovido la capacitaci\u00f3n y certificaci\u00f3n de los profesionales de la construcci\u00f3n, garantizando as\u00ed mayor competitividad y calidad en el sector.<\/div>\n<div dir=\"auto\" style=\"text-align: justify;\"><\/div>\n<div dir=\"auto\" style=\"text-align: justify;\"><img loading=\"lazy\" decoding=\"async\" class=\"alignright size-medium wp-image-2352\" src=\"https:\/\/revistaenfoquepolitico.com\/wp-content\/uploads\/2025\/02\/CMIC-1-300x200.jpg\" alt=\"\" width=\"300\" height=\"200\" \/>Durante la Asamblea, el presidente saliente, Jorge Alard\u00edn C\u00f3rdova, present\u00f3 su informe final de actividades, en el que destac\u00f3 los avances alcanzados durante su gesti\u00f3n 2022-2025. Entre sus logros sobresalen el fortalecimiento de la vinculaci\u00f3n con autoridades, el impulso a la profesionalizaci\u00f3n del gremio y la ejecuci\u00f3n de proyectos clave para la infraestructura local.<\/div>\n<div dir=\"auto\" style=\"text-align: justify;\"><\/div>\n<p>Asistieron importantes figuras del sector, entre ellas Pedro Aguilar Pizarro, presidente de la sesi\u00f3n designado por el Departamento Jur\u00eddico Nacional; Humberto Alessandrini Morales, representante del Comit\u00e9 Consultivo; y Roberto Andarza, tesorero de la CMIC, quienes respaldaron el nombramiento de Cagigas Obeso y manifestaron su apoyo para continuar fortaleciendo la industria de la construcci\u00f3n en Veracruz.<\/p><\/div>\n<div id=\"x_ms-outlook-mobile-body-separator-line\" dir=\"auto\" style=\"text-align: justify;\"><img loading=\"lazy\" decoding=\"async\" class=\"alignleft size-medium wp-image-2355\" src=\"https:\/\/revistaenfoquepolitico.com\/wp-content\/uploads\/2025\/02\/CMIC-4-200x300.jpg\" alt=\"\" width=\"200\" height=\"300\" \/><\/div>\n","protected":false},"excerpt":{"rendered":"<p>*AL RENDIR PROTESTA DEL CARGO, SE COMPROMETI\u00d3 A TRABAJAR EN UNIDAD CON LOS AGREMIADOS* Veracruz, Ver. 19 de febrero de 2025 Al rendir protesta como nuevo presidente de la C\u00e1mara Mexicana de la Industria de la Construcci\u00f3n (CMIC) Delegaci\u00f3n Veracruz-Puerto, Alejandro Cagigas Obeso se comprometi\u00f3 a trabajar en unidad con los agremiados para fortalecer el [&hellip;]<\/p>\n","protected":false},"author":1,"featured_media":0,"comment_status":"closed","ping_status":"closed","sticky":false,"template":"","format":"standard","meta":{"_jetpack_memberships_contains_paid_content":false,"footnotes":"","jetpack_publicize_message":"","jetpack_publicize_feature_enabled":true,"jetpack_social_post_already_shared":false,"jetpack_social_options":{"image_generator_settings":{"template":"highway","default_image_id":0,"font":"","enabled":false},"version":2}},"categories":[4],"tags":[48],"class_list":["post-2351","post","type-post","status-publish","format-standard","hentry","category-noticia-politica","tag-cmic-veracruz-puerto"],"jetpack_publicize_connections":[],"jetpack_featured_media_url":"","jetpack_sharing_enabled":true,"_links":{"self":[{"href":"https:\/\/revistaenfoquepolitico.com\/index.php\/wp-json\/wp\/v2\/posts\/2351","targetHints":{"allow":["GET"]}}],"collection":[{"href":"https:\/\/revistaenfoquepolitico.com\/index.php\/wp-json\/wp\/v2\/posts"}],"about":[{"href":"https:\/\/revistaenfoquepolitico.com\/index.php\/wp-json\/wp\/v2\/types\/post"}],"author":[{"embeddable":true,"href":"https:\/\/revistaenfoquepolitico.com\/index.php\/wp-json\/wp\/v2\/users\/1"}],"replies":[{"embeddable":true,"href":"https:\/\/revistaenfoquepolitico.com\/index.php\/wp-json\/wp\/v2\/comments?post=2351"}],"version-history":[{"count":1,"href":"https:\/\/revistaenfoquepolitico.com\/index.php\/wp-json\/wp\/v2\/posts\/2351\/revisions"}],"predecessor-version":[{"id":2356,"href":"https:\/\/revistaenfoquepolitico.com\/index.php\/wp-json\/wp\/v2\/posts\/2351\/revisions\/2356"}],"wp:attachment":[{"href":"https:\/\/revistaenfoquepolitico.com\/index.php\/wp-json\/wp\/v2\/media?parent=2351"}],"wp:term":[{"taxonomy":"category","embeddable":true,"href":"https:\/\/revistaenfoquepolitico.com\/index.php\/wp-json\/wp\/v2\/categories?post=2351"},{"taxonomy":"post_tag","embeddable":true,"href":"https:\/\/revistaenfoquepolitico.com\/index.php\/wp-json\/wp\/v2\/tags?post=2351"}],"curies":[{"name":"wp","href":"https:\/\/api.w.org\/{rel}","templated":true}]}}