{"id":2357,"date":"2025-02-20T03:24:39","date_gmt":"2025-02-20T03:24:39","guid":{"rendered":"https:\/\/revistaenfoquepolitico.com\/?p=2357"},"modified":"2025-02-20T03:24:39","modified_gmt":"2025-02-20T03:24:39","slug":"capacita-ceapp-a-autoridades-municipales-de-coatzacoalcos-y-las-choapas","status":"publish","type":"post","link":"https:\/\/revistaenfoquepolitico.com\/index.php\/2025\/02\/20\/capacita-ceapp-a-autoridades-municipales-de-coatzacoalcos-y-las-choapas\/","title":{"rendered":"CAPACITA CEAPP A AUTORIDADES MUNICIPALES DE COATZACOALCOS Y LAS CHOAPAS"},"content":{"rendered":"<div dir=\"auto\" data-olk-copy-source=\"MessageBody\"><strong>*CAPACITA CEAPP A AUTORIDADES MUNICIPALES DE COATZACOALCOS Y LAS CHOAPAS*<\/strong><\/div>\n<div dir=\"auto\" data-olk-copy-source=\"MessageBody\"><\/div>\n<div dir=\"auto\" data-olk-copy-source=\"MessageBody\">\n<div dir=\"auto\">Xalapa, Ver., 19 de febrero de 2025<\/div>\n<div dir=\"auto\"><\/div>\n<div dir=\"auto\"><\/div>\n<div dir=\"auto\" style=\"text-align: justify;\">En continuidad con el Programa Estrat\u00e9gico de Libertad de Expresi\u00f3n, impulsado por la Comisi\u00f3n Estatal de Atenci\u00f3n y Protecci\u00f3n de los Periodistas (CEAPP), se imparti\u00f3 la capacitaci\u00f3n Derechos Humanos y Libertad de Expresi\u00f3n a personas servidoras p\u00fablicas de los ayuntamientos de Coatzacoalcos y Las Choapas.<\/div>\n<div dir=\"auto\" style=\"text-align: justify;\"><\/div>\n<div dir=\"auto\" style=\"text-align: justify;\"><img loading=\"lazy\" decoding=\"async\" class=\"alignleft size-medium wp-image-2359\" src=\"https:\/\/revistaenfoquepolitico.com\/wp-content\/uploads\/2025\/02\/CEAPP-COATZA-2-300x225.jpg\" alt=\"\" width=\"300\" height=\"225\" \/>Durante dos d\u00edas, participaron en estos cursos m\u00e1s de 60 funcionarios municipales entre s\u00edndicos, regidores, jefes de \u00e1rea, personal administrativo y elementos policiales.<\/div>\n<div dir=\"auto\" style=\"text-align: justify;\"><\/div>\n<div dir=\"auto\" style=\"text-align: justify;\">Las personas servidoras p\u00fablicas recibieron formaci\u00f3n sobre la labor period\u00edstica, el derecho de acceso a la informaci\u00f3n y en materia de derechos humanos, resaltando su importancia para transparentar la gesti\u00f3n p\u00fablica.<\/div>\n<div dir=\"auto\" style=\"text-align: justify;\"><\/div>\n<div dir=\"auto\" style=\"text-align: justify;\">Estas acciones han reforzado la vinculaci\u00f3n institucional implementando estrategias para la atenci\u00f3n y protecci\u00f3n de periodistas veracruzanos en su labor informativa.<\/div>\n<div dir=\"auto\" style=\"text-align: justify;\"><\/div>\n<div dir=\"auto\" style=\"text-align: justify;\"><img loading=\"lazy\" decoding=\"async\" class=\"alignright size-medium wp-image-2360\" src=\"https:\/\/revistaenfoquepolitico.com\/wp-content\/uploads\/2025\/02\/CEAPP-COATZA-3-300x200.jpg\" alt=\"\" width=\"300\" height=\"200\" \/>En ese sentido, se enfatiz\u00f3 la importancia de la prevenci\u00f3n de incidencias durante la cobertura period\u00edstica, brindando un trato digno y humano, basado en los principios de gobierno abierto que coadyuvan a la rendici\u00f3n de cuentas.<\/div>\n<div dir=\"auto\" style=\"text-align: justify;\"><\/div>\n<p>Con ese compromiso, la Comisi\u00f3n Estatal de Atenci\u00f3n y Protecci\u00f3n de los Periodistas (CEAPP) promueve a trav\u00e9s de capacitaciones y cursos dirigidos a las autoridades gubernamentales, programas que garanticen el libre ejercicio del periodismo y la libertad de expresi\u00f3n e<\/p><\/div>\n<div dir=\"auto\" data-olk-copy-source=\"MessageBody\"><\/div>\n<div dir=\"auto\" data-olk-copy-source=\"MessageBody\">n Veracruz.<\/div>\n<div id=\"x_ms-outlook-mobile-body-separator-line\" dir=\"auto\" style=\"text-align: justify;\"><img loading=\"lazy\" decoding=\"async\" class=\"alignleft size-medium wp-image-2358\" src=\"https:\/\/revistaenfoquepolitico.com\/wp-content\/uploads\/2025\/02\/CEAPP-COATZA-1-300x225.jpg\" alt=\"\" width=\"300\" height=\"225\" \/><img loading=\"lazy\" decoding=\"async\" class=\"alignright size-medium wp-image-2361\" src=\"https:\/\/revistaenfoquepolitico.com\/wp-content\/uploads\/2025\/02\/CEAPP-COATZA-5-300x200.jpg\" alt=\"\" width=\"300\" height=\"200\" \/><\/div>\n<div dir=\"auto\"><\/div>\n<div dir=\"auto\"><\/div>\n<div dir=\"auto\"><\/div>\n<div dir=\"auto\"><\/div>\n<div dir=\"auto\"><\/div>\n<div dir=\"auto\"><\/div>\n<div dir=\"auto\"><\/div>\n<div dir=\"auto\"><\/div>\n<div dir=\"auto\"><\/div>\n<div dir=\"auto\"><\/div>\n<div dir=\"auto\"><\/div>\n<div dir=\"auto\"><img loading=\"lazy\" decoding=\"async\" class=\"aligncenter size-medium wp-image-2364\" src=\"https:\/\/revistaenfoquepolitico.com\/wp-content\/uploads\/2025\/02\/22-ANIV-226x300.jpg\" alt=\"\" width=\"226\" height=\"300\" \/><\/div>\n<div dir=\"auto\"><\/div>\n<div dir=\"auto\"><\/div>\n","protected":false},"excerpt":{"rendered":"<p>*CAPACITA CEAPP A AUTORIDADES MUNICIPALES DE COATZACOALCOS Y LAS CHOAPAS* Xalapa, Ver., 19 de febrero de 2025 En continuidad con el Programa Estrat\u00e9gico de Libertad de Expresi\u00f3n, impulsado por la Comisi\u00f3n Estatal de Atenci\u00f3n y Protecci\u00f3n de los Periodistas (CEAPP), se imparti\u00f3 la capacitaci\u00f3n Derechos Humanos y Libertad de Expresi\u00f3n a personas servidoras p\u00fablicas de [&hellip;]<\/p>\n","protected":false},"author":1,"featured_media":0,"comment_status":"closed","ping_status":"closed","sticky":false,"template":"","format":"standard","meta":{"_jetpack_memberships_contains_paid_content":false,"footnotes":"","jetpack_publicize_message":"","jetpack_publicize_feature_enabled":true,"jetpack_social_post_already_shared":false,"jetpack_social_options":{"image_generator_settings":{"template":"highway","default_image_id":0,"font":"","enabled":false},"version":2}},"categories":[4],"tags":[16],"class_list":["post-2357","post","type-post","status-publish","format-standard","hentry","category-noticia-politica","tag-ceapp"],"jetpack_publicize_connections":[],"jetpack_featured_media_url":"","jetpack_sharing_enabled":true,"_links":{"self":[{"href":"https:\/\/revistaenfoquepolitico.com\/index.php\/wp-json\/wp\/v2\/posts\/2357","targetHints":{"allow":["GET"]}}],"collection":[{"href":"https:\/\/revistaenfoquepolitico.com\/index.php\/wp-json\/wp\/v2\/posts"}],"about":[{"href":"https:\/\/revistaenfoquepolitico.com\/index.php\/wp-json\/wp\/v2\/types\/post"}],"author":[{"embeddable":true,"href":"https:\/\/revistaenfoquepolitico.com\/index.php\/wp-json\/wp\/v2\/users\/1"}],"replies":[{"embeddable":true,"href":"https:\/\/revistaenfoquepolitico.com\/index.php\/wp-json\/wp\/v2\/comments?post=2357"}],"version-history":[{"count":1,"href":"https:\/\/revistaenfoquepolitico.com\/index.php\/wp-json\/wp\/v2\/posts\/2357\/revisions"}],"predecessor-version":[{"id":2365,"href":"https:\/\/revistaenfoquepolitico.com\/index.php\/wp-json\/wp\/v2\/posts\/2357\/revisions\/2365"}],"wp:attachment":[{"href":"https:\/\/revistaenfoquepolitico.com\/index.php\/wp-json\/wp\/v2\/media?parent=2357"}],"wp:term":[{"taxonomy":"category","embeddable":true,"href":"https:\/\/revistaenfoquepolitico.com\/index.php\/wp-json\/wp\/v2\/categories?post=2357"},{"taxonomy":"post_tag","embeddable":true,"href":"https:\/\/revistaenfoquepolitico.com\/index.php\/wp-json\/wp\/v2\/tags?post=2357"}],"curies":[{"name":"wp","href":"https:\/\/api.w.org\/{rel}","templated":true}]}}