{"id":2373,"date":"2025-02-20T04:45:24","date_gmt":"2025-02-20T04:45:24","guid":{"rendered":"https:\/\/revistaenfoquepolitico.com\/?p=2373"},"modified":"2025-02-20T04:45:24","modified_gmt":"2025-02-20T04:45:24","slug":"congreso-de-veracruz-presente-en-conmemoracion-del-ejercito-mexicano","status":"publish","type":"post","link":"https:\/\/revistaenfoquepolitico.com\/index.php\/2025\/02\/20\/congreso-de-veracruz-presente-en-conmemoracion-del-ejercito-mexicano\/","title":{"rendered":"CONGRESO DE VERACRUZ, PRESENTE EN CONMEMORACI\u00d3N DEL EJ\u00c9RCITO MEXICANO"},"content":{"rendered":"<p class=\"x_MsoNormal\" align=\"center\"><b><span data-olk-copy-source=\"MessageBody\">Congreso de Veracruz, presente en conmemoraci\u00f3n del Ej\u00e9rcito Mexicano<\/span><\/b><\/p>\n<p class=\"x_MsoNormal\">\n<p class=\"x_MsoNormal\">Xalapa, Ver., 19 de febrero de 2025<\/p>\n<p>&nbsp;<\/p>\n<p class=\"x_MsoNormal\" style=\"text-align: justify;\"><span lang=\"ES\">En representaci\u00f3n de la LXVII Legislatura del estado de Veracruz, la presidenta de la Mesa Directiva, diputada Tanya Carola Viveros Ch\u00e1zaro, acudi\u00f3 a la conmemoraci\u00f3n del CXII aniversario del Ej\u00e9rcito Mexicano, acto encabezado por la gobernadora de Veracruz, Roc\u00edo Nahle Garc\u00eda, en las instalaciones de la 26<\/span><sup>a<\/sup><span lang=\"ES\">\u00a0zona militar El Lencero.<\/span><\/p>\n<p class=\"x_MsoNormal\" style=\"text-align: justify;\"><span lang=\"ES\">\u00a0<\/span><\/p>\n<p class=\"x_MsoNormal\" style=\"text-align: justify;\">Las y los asistentes rindieron\u00a0<span lang=\"ES\">homenaje a la instituci\u00f3n garante de la defensa de la soberan\u00eda nacional<\/span>. Entre ellos,<span lang=\"ES\">\u00a0la presidenta del Poder Judicial del estado, magistrada Lisbeth Aurelia Jim\u00e9nez Aguirre; el titular de la Secretar\u00eda de Seguridad P\u00fablica (SSP), Alfonso Reyes Garc\u00e9s; el secretario de Gobierno, Ricardo Ahued Bardahuil; la fiscal\u00a0<\/span>g<span lang=\"ES\">eneral, Ver\u00f3nica Hern\u00e1ndez Giad\u00e1ns, mandos militares y navales<\/span>\u00a0e\u00a0<span lang=\"ES\">integrantes de la administraci\u00f3n p\u00fablica estatal y federal.<\/span><\/p>\n<p><img loading=\"lazy\" decoding=\"async\" class=\"alignleft size-medium wp-image-2375\" src=\"https:\/\/revistaenfoquepolitico.com\/wp-content\/uploads\/2025\/02\/CONGRESO-0019-1-1-300x200.jpg\" alt=\"\" width=\"300\" height=\"200\" \/><img loading=\"lazy\" decoding=\"async\" class=\"alignright size-medium wp-image-2364\" src=\"https:\/\/revistaenfoquepolitico.com\/wp-content\/uploads\/2025\/02\/22-ANIV-226x300.jpg\" alt=\"\" width=\"226\" height=\"300\" \/><\/p>\n<p>&nbsp;<\/p>\n","protected":false},"excerpt":{"rendered":"<p>Congreso de Veracruz, presente en conmemoraci\u00f3n del Ej\u00e9rcito Mexicano Xalapa, Ver., 19 de febrero de 2025 &nbsp; En representaci\u00f3n de la LXVII Legislatura del estado de Veracruz, la presidenta de la Mesa Directiva, diputada Tanya Carola Viveros Ch\u00e1zaro, acudi\u00f3 a la conmemoraci\u00f3n del CXII aniversario del Ej\u00e9rcito Mexicano, acto encabezado por la gobernadora de Veracruz, [&hellip;]<\/p>\n","protected":false},"author":1,"featured_media":0,"comment_status":"closed","ping_status":"closed","sticky":false,"template":"","format":"standard","meta":{"_jetpack_memberships_contains_paid_content":false,"footnotes":"","jetpack_publicize_message":"","jetpack_publicize_feature_enabled":true,"jetpack_social_post_already_shared":false,"jetpack_social_options":{"image_generator_settings":{"template":"highway","default_image_id":0,"font":"","enabled":false},"version":2}},"categories":[4],"tags":[34],"class_list":["post-2373","post","type-post","status-publish","format-standard","hentry","category-noticia-politica","tag-comunicados-congreso-del-estado"],"jetpack_publicize_connections":[],"jetpack_featured_media_url":"","jetpack_sharing_enabled":true,"_links":{"self":[{"href":"https:\/\/revistaenfoquepolitico.com\/index.php\/wp-json\/wp\/v2\/posts\/2373","targetHints":{"allow":["GET"]}}],"collection":[{"href":"https:\/\/revistaenfoquepolitico.com\/index.php\/wp-json\/wp\/v2\/posts"}],"about":[{"href":"https:\/\/revistaenfoquepolitico.com\/index.php\/wp-json\/wp\/v2\/types\/post"}],"author":[{"embeddable":true,"href":"https:\/\/revistaenfoquepolitico.com\/index.php\/wp-json\/wp\/v2\/users\/1"}],"replies":[{"embeddable":true,"href":"https:\/\/revistaenfoquepolitico.com\/index.php\/wp-json\/wp\/v2\/comments?post=2373"}],"version-history":[{"count":1,"href":"https:\/\/revistaenfoquepolitico.com\/index.php\/wp-json\/wp\/v2\/posts\/2373\/revisions"}],"predecessor-version":[{"id":2377,"href":"https:\/\/revistaenfoquepolitico.com\/index.php\/wp-json\/wp\/v2\/posts\/2373\/revisions\/2377"}],"wp:attachment":[{"href":"https:\/\/revistaenfoquepolitico.com\/index.php\/wp-json\/wp\/v2\/media?parent=2373"}],"wp:term":[{"taxonomy":"category","embeddable":true,"href":"https:\/\/revistaenfoquepolitico.com\/index.php\/wp-json\/wp\/v2\/categories?post=2373"},{"taxonomy":"post_tag","embeddable":true,"href":"https:\/\/revistaenfoquepolitico.com\/index.php\/wp-json\/wp\/v2\/tags?post=2373"}],"curies":[{"name":"wp","href":"https:\/\/api.w.org\/{rel}","templated":true}]}}