{"id":2379,"date":"2025-02-21T04:33:04","date_gmt":"2025-02-21T04:33:04","guid":{"rendered":"https:\/\/revistaenfoquepolitico.com\/?p=2379"},"modified":"2025-02-21T04:33:04","modified_gmt":"2025-02-21T04:33:04","slug":"urge-resolver-problemas-de-colonias-portenas-rosa-maria-hernandez-espejo","status":"publish","type":"post","link":"https:\/\/revistaenfoquepolitico.com\/index.php\/2025\/02\/21\/urge-resolver-problemas-de-colonias-portenas-rosa-maria-hernandez-espejo\/","title":{"rendered":"URGE RESOLVER PROBLEMAS DE COLONIAS PORTE\u00d1AS: ROSA MAR\u00cdA HERN\u00c1NDEZ ESPEJO"},"content":{"rendered":"<div dir=\"auto\" data-olk-copy-source=\"MessageBody\"><strong>DURANTE SUS RECORRIDOS POR CALLES DEL INFONAVIT BUENAVISTA, LA DIPUTADA FEDERAL ATENCI\u00d3 LAS INQUIETUDES DE LOS CIUDADANOS<\/strong><\/div>\n<div dir=\"auto\" data-olk-copy-source=\"MessageBody\"><\/div>\n<div dir=\"auto\" data-olk-copy-source=\"MessageBody\">\n<div dir=\"auto\">H. Veracruz, Ver., 20 de febrero de 2025<\/div>\n<div dir=\"auto\"><\/div>\n<div dir=\"auto\"><\/div>\n<div dir=\"auto\" style=\"text-align: justify;\">\u201cVeracruz necesita atenci\u00f3n urgente. La recolecci\u00f3n de basura es deficiente, nuestras calles est\u00e1n llenas de baches y la inseguridad sigue afectando a nuestras familias. Es momento de que nuestra ciudad recupere su esplendor, desde la zona tur\u00edstica hasta la colonia m\u00e1s alejada\u201d, expres\u00f3 la diputada federal Rosa Mar\u00eda Hern\u00e1ndez Espejo.<\/div>\n<div dir=\"auto\" style=\"text-align: justify;\"><\/div>\n<div dir=\"auto\" style=\"text-align: justify;\"><img loading=\"lazy\" decoding=\"async\" class=\"alignleft size-medium wp-image-2380\" src=\"https:\/\/revistaenfoquepolitico.com\/wp-content\/uploads\/2025\/02\/ROSA-COLONIAS-1-300x199.jpg\" alt=\"\" width=\"300\" height=\"199\" \/>Al visitar el Infonavit Buenavista, uno de los conjuntos habitacionales m\u00e1s antiguos del puerto de Veracruz, los habitantes expresaron su preocupaci\u00f3n por la falta de alumbrado p\u00fablico, la pavimentaci\u00f3n de calles y el servicio de limpia p\u00fablica, problemas que se han incrementado durante la presente administraci\u00f3n municipal.<\/div>\n<div dir=\"auto\" style=\"text-align: justify;\"><\/div>\n<div dir=\"auto\" style=\"text-align: justify;\">Pese a las r\u00e1fagas del norte que azotaron la ciudad, la diputada camin\u00f3 junto a los residentes, quienes la recibieron de manera cordial en sus calles. Durante este encuentro, Hern\u00e1ndez Espejo tom\u00f3 nota de cada inquietud y solicitud, subrayando la importancia de trabajar en conjunto para gestionar soluciones que respondan a las necesidades inmediatas de la comunidad.<\/div>\n<div dir=\"auto\" style=\"text-align: justify;\"><\/div>\n<div dir=\"auto\" style=\"text-align: justify;\"><img loading=\"lazy\" decoding=\"async\" class=\"alignright size-medium wp-image-2381\" src=\"https:\/\/revistaenfoquepolitico.com\/wp-content\/uploads\/2025\/02\/ROSA-COLONIAS-2-300x199.jpg\" alt=\"\" width=\"300\" height=\"199\" \/>\u201cLos ciudadanos no deber\u00edan vivir con el temor de salir a la calle ni con la frustraci\u00f3n de que sus necesidades m\u00e1s b\u00e1sicas sean ignoradas. Es momento de cambiar esto, para que Veracruz se una al crecimiento que impulsan a nivel nacional la presidenta Claudia Sheinbaum Pardo y, en nuestro estado de Veracruz, la gobernadora Roc\u00edo Nahle Garc\u00eda\u201d, indic\u00f3 la legisladora.<\/div>\n<div dir=\"auto\" style=\"text-align: justify;\"><\/div>\n<div dir=\"auto\" style=\"text-align: justify;\">Para Hern\u00e1ndez Espejo, cada salida a las colonias es especialmente gratificante, ya que le permite recibir el cari\u00f1o y el respaldo de los vecinos.<\/div>\n<div dir=\"auto\" style=\"text-align: justify;\"><\/div>\n<div dir=\"auto\" style=\"text-align: justify;\"><img loading=\"lazy\" decoding=\"async\" class=\"alignleft size-medium wp-image-2382\" src=\"https:\/\/revistaenfoquepolitico.com\/wp-content\/uploads\/2025\/02\/ROSA-COLONIAS-3-300x199.jpg\" alt=\"\" width=\"300\" height=\"199\" \/>\u201cCada conversaci\u00f3n y cada palabra de aliento me impulsan a seguir trabajando con ah\u00ednco por el bienestar de nuestra comunidad\u201d, afirm\u00f3 la diputada, quien destac\u00f3 que el afecto de la ciudadan\u00eda es el motor que refuerza su compromiso con una pol\u00edtica cercana y transparente.<\/div>\n<div dir=\"auto\" style=\"text-align: justify;\"><\/div>\n<div dir=\"auto\" style=\"text-align: justify;\">En cada recorrido, aprovecha la oportunidad para explicar a la ciudadan\u00eda las acciones que realiza desde la C\u00e1mara de Diputados y para poner en evidencia los avances logrados en el marco de la Cuarta Transformaci\u00f3n (4T). \u201cEste intercambio directo permite que la gente conozca de primera mano los esfuerzos y proyectos destinados a mejorar la calidad de vida en Veracruz\u201d, agreg\u00f3.<\/div>\n<div dir=\"auto\" style=\"text-align: justify;\"><\/div>\n<p>Con cada paso por las calles de la ciudad, Rosa Mar\u00eda Hern\u00e1ndez Espejo se posiciona como una representante comprometida y cercana, que no s\u00f3lo vela por los intereses inmediatos de la poblaci\u00f3n, sino que tambi\u00e9n trabaja incansablemente desde la C\u00e1mara de Diputados para consolidar y atraer los avances de la 4T a Veracruz.<\/p><\/div>\n<div id=\"x_ms-outlook-mobile-body-separator-line\" dir=\"auto\" style=\"text-align: justify;\"><\/div>\n<div dir=\"auto\"><img loading=\"lazy\" decoding=\"async\" class=\"alignleft size-medium wp-image-2386\" src=\"https:\/\/revistaenfoquepolitico.com\/wp-content\/uploads\/2025\/02\/ROSA-COLONIAS-7-300x199.jpg\" alt=\"\" width=\"300\" height=\"199\" \/><img loading=\"lazy\" decoding=\"async\" class=\"alignright size-medium wp-image-2385\" src=\"https:\/\/revistaenfoquepolitico.com\/wp-content\/uploads\/2025\/02\/ROSA-COLONIAS-6-300x199.jpg\" alt=\"\" width=\"300\" height=\"199\" \/><\/div>\n","protected":false},"excerpt":{"rendered":"<p>DURANTE SUS RECORRIDOS POR CALLES DEL INFONAVIT BUENAVISTA, LA DIPUTADA FEDERAL ATENCI\u00d3 LAS INQUIETUDES DE LOS CIUDADANOS H. Veracruz, Ver., 20 de febrero de 2025 \u201cVeracruz necesita atenci\u00f3n urgente. La recolecci\u00f3n de basura es deficiente, nuestras calles est\u00e1n llenas de baches y la inseguridad sigue afectando a nuestras familias. Es momento de que nuestra ciudad [&hellip;]<\/p>\n","protected":false},"author":1,"featured_media":0,"comment_status":"closed","ping_status":"closed","sticky":false,"template":"","format":"standard","meta":{"_jetpack_memberships_contains_paid_content":false,"footnotes":"","jetpack_publicize_message":"","jetpack_publicize_feature_enabled":true,"jetpack_social_post_already_shared":false,"jetpack_social_options":{"image_generator_settings":{"template":"highway","default_image_id":0,"font":"","enabled":false},"version":2}},"categories":[4],"tags":[42],"class_list":["post-2379","post","type-post","status-publish","format-standard","hentry","category-noticia-politica","tag-rosa-maria-hdez-espejo"],"jetpack_publicize_connections":[],"jetpack_featured_media_url":"","jetpack_sharing_enabled":true,"_links":{"self":[{"href":"https:\/\/revistaenfoquepolitico.com\/index.php\/wp-json\/wp\/v2\/posts\/2379","targetHints":{"allow":["GET"]}}],"collection":[{"href":"https:\/\/revistaenfoquepolitico.com\/index.php\/wp-json\/wp\/v2\/posts"}],"about":[{"href":"https:\/\/revistaenfoquepolitico.com\/index.php\/wp-json\/wp\/v2\/types\/post"}],"author":[{"embeddable":true,"href":"https:\/\/revistaenfoquepolitico.com\/index.php\/wp-json\/wp\/v2\/users\/1"}],"replies":[{"embeddable":true,"href":"https:\/\/revistaenfoquepolitico.com\/index.php\/wp-json\/wp\/v2\/comments?post=2379"}],"version-history":[{"count":1,"href":"https:\/\/revistaenfoquepolitico.com\/index.php\/wp-json\/wp\/v2\/posts\/2379\/revisions"}],"predecessor-version":[{"id":2387,"href":"https:\/\/revistaenfoquepolitico.com\/index.php\/wp-json\/wp\/v2\/posts\/2379\/revisions\/2387"}],"wp:attachment":[{"href":"https:\/\/revistaenfoquepolitico.com\/index.php\/wp-json\/wp\/v2\/media?parent=2379"}],"wp:term":[{"taxonomy":"category","embeddable":true,"href":"https:\/\/revistaenfoquepolitico.com\/index.php\/wp-json\/wp\/v2\/categories?post=2379"},{"taxonomy":"post_tag","embeddable":true,"href":"https:\/\/revistaenfoquepolitico.com\/index.php\/wp-json\/wp\/v2\/tags?post=2379"}],"curies":[{"name":"wp","href":"https:\/\/api.w.org\/{rel}","templated":true}]}}