{"id":2533,"date":"2025-03-12T02:09:29","date_gmt":"2025-03-12T02:09:29","guid":{"rendered":"https:\/\/revistaenfoquepolitico.com\/?p=2533"},"modified":"2025-03-12T02:09:29","modified_gmt":"2025-03-12T02:09:29","slug":"caos-financiero-en-el-ople","status":"publish","type":"post","link":"https:\/\/revistaenfoquepolitico.com\/index.php\/2025\/03\/12\/caos-financiero-en-el-ople\/","title":{"rendered":"CAOS FINANCIERO EN EL OPLE"},"content":{"rendered":"<p><strong>COLUMNA PLUMA NEGRA POR IGNACIO ALVAREZ: CAOS FINANCIERO EN EL OPLE<\/strong><\/p>\n<p>&nbsp;<\/p>\n<p>H. Veracruz, Ver., 11 de marzo de 2025<\/p>\n<p>&nbsp;<\/p>\n<p style=\"text-align: justify;\">La organizaci\u00f3n de la elecci\u00f3n local municipal en Veracruz, empatada con la de jueces del Poder Judicial Federal, se encuentra en riesgos financieros como consecuencia de una desorganizaci\u00f3n presupuestal de la parte administrativa del Organismo P\u00fablico Local Electoral (OPLE), avalada por el Consejo General, desde la presidencia de Marisol Alicia Delgadillo Morales y que eleva en m\u00e1s de 100 millones de pesos el presupuesto.<\/p>\n<p style=\"text-align: justify;\">\n<p style=\"text-align: justify;\">En el 2024, el Congreso de Veracruz aprob\u00f3 mil 400 millones de pesos para el a\u00f1o electoral que incluye la desapercibida primera elecci\u00f3n de jueces del poder judicial, presupuesto para gastos operativos, material electoral, monitoreo de medios Programa de Resultados Electorales, 212 debates de los candidatos, alquiler de inmuebles y sueldos para los 212 consejos municipales.<\/p>\n<p style=\"text-align: justify;\">\n<p style=\"text-align: justify;\">En las \u00faltimas semanas, se han filtrado denuncias de irregularidades con presupuestos inflados o elevados, as\u00ed como contrataciones para favorecer a algunas empresas con los contratos millonarios, que han generado quejas y denuncias de otros proveedores de fueron ignorados, a pesar de cumplir con los requisitos para participar en las licitaciones.<\/p>\n<p style=\"text-align: justify;\">\n<p style=\"text-align: justify;\">En una denuncia fechada el 7 de marzo y dirigida al Contralor Interno del OPLE, Gerardo Rafael Garza D\u00e1vila; el apoderado legal de Gr\u00e1ficas Corona Sa de CV, arremeti\u00f3 en contra de la Subdirectora Administrativa e Integrante del Comit\u00e9 de Adquisiciones, Amara Amaya Garc\u00eda por impedir su participaci\u00f3n en la Junta de Aclaraciones de la Licitaci\u00f3n P\u00fablica Nacional numero LPN\/OPLE-21114001002-002\/2025 relativa a la adquisici\u00f3n de documentaci\u00f3n y material electoral para el proceso electoral local ordinario.<\/p>\n<p style=\"text-align: justify;\">\n<p style=\"text-align: justify;\">El denunciante se\u00f1al\u00f3 que de manera arbitraria e ilegal y con la personalidad jur\u00eddica de la empresa, le fue negado el acceso a la reuni\u00f3n, por lo que solicit\u00f3 suspender la adjudicaci\u00f3n del contrato a la empresa beneficiada por faltas y opacidad en los proceso de adquisiciones del OPLE.<\/p>\n<p style=\"text-align: justify;\">\n<p style=\"text-align: justify;\">Esa es una denuncia real, pero lo cierto es que hay incertidumbre de parte de algunos consejeros por el manejo de los recursos, sobre todo porque ya rebasaron las proyecciones y apuntan a una necesidad de ampliar el presupuesto, aunque no hay una propuesta en ese sentido en el Consejo General, de parte del \u00e1rea administrativa de OPLE.<\/p>\n<p style=\"text-align: justify;\">\n<p style=\"text-align: justify;\">Los propios consejeros del OPLE, aseguran que la Consejera Presidenta; Marisol Delgadillo ha buscado audiencia en el Palacio de Gobierno para tratar de ampliar el presupuesto que ya no alcanza; aunque no se ofrece una transparencia en los procesos de asignaci\u00f3n de contratos y los consejeros no est\u00e1n del todo conformes.<\/p>\n","protected":false},"excerpt":{"rendered":"<p>COLUMNA PLUMA NEGRA POR IGNACIO ALVAREZ: CAOS FINANCIERO EN EL OPLE &nbsp; H. Veracruz, Ver., 11 de marzo de 2025 &nbsp; La organizaci\u00f3n de la elecci\u00f3n local municipal en Veracruz, empatada con la de jueces del Poder Judicial Federal, se encuentra en riesgos financieros como consecuencia de una desorganizaci\u00f3n presupuestal de la parte administrativa del [&hellip;]<\/p>\n","protected":false},"author":1,"featured_media":0,"comment_status":"closed","ping_status":"closed","sticky":false,"template":"","format":"standard","meta":{"_jetpack_memberships_contains_paid_content":false,"footnotes":"","jetpack_publicize_message":"","jetpack_publicize_feature_enabled":true,"jetpack_social_post_already_shared":false,"jetpack_social_options":{"image_generator_settings":{"template":"highway","default_image_id":0,"font":"","enabled":false},"version":2}},"categories":[4],"tags":[24],"class_list":["post-2533","post","type-post","status-publish","format-standard","hentry","category-noticia-politica","tag-columna-pluma-negra"],"jetpack_publicize_connections":[],"jetpack_featured_media_url":"","jetpack_sharing_enabled":true,"_links":{"self":[{"href":"https:\/\/revistaenfoquepolitico.com\/index.php\/wp-json\/wp\/v2\/posts\/2533","targetHints":{"allow":["GET"]}}],"collection":[{"href":"https:\/\/revistaenfoquepolitico.com\/index.php\/wp-json\/wp\/v2\/posts"}],"about":[{"href":"https:\/\/revistaenfoquepolitico.com\/index.php\/wp-json\/wp\/v2\/types\/post"}],"author":[{"embeddable":true,"href":"https:\/\/revistaenfoquepolitico.com\/index.php\/wp-json\/wp\/v2\/users\/1"}],"replies":[{"embeddable":true,"href":"https:\/\/revistaenfoquepolitico.com\/index.php\/wp-json\/wp\/v2\/comments?post=2533"}],"version-history":[{"count":1,"href":"https:\/\/revistaenfoquepolitico.com\/index.php\/wp-json\/wp\/v2\/posts\/2533\/revisions"}],"predecessor-version":[{"id":2534,"href":"https:\/\/revistaenfoquepolitico.com\/index.php\/wp-json\/wp\/v2\/posts\/2533\/revisions\/2534"}],"wp:attachment":[{"href":"https:\/\/revistaenfoquepolitico.com\/index.php\/wp-json\/wp\/v2\/media?parent=2533"}],"wp:term":[{"taxonomy":"category","embeddable":true,"href":"https:\/\/revistaenfoquepolitico.com\/index.php\/wp-json\/wp\/v2\/categories?post=2533"},{"taxonomy":"post_tag","embeddable":true,"href":"https:\/\/revistaenfoquepolitico.com\/index.php\/wp-json\/wp\/v2\/tags?post=2533"}],"curies":[{"name":"wp","href":"https:\/\/api.w.org\/{rel}","templated":true}]}}