{"id":2542,"date":"2025-03-14T01:15:44","date_gmt":"2025-03-14T01:15:44","guid":{"rendered":"https:\/\/revistaenfoquepolitico.com\/?p=2542"},"modified":"2025-03-14T01:15:44","modified_gmt":"2025-03-14T01:15:44","slug":"mejoravit-es-solo-para-ti-con-recursos-directos-a-tu-bolsillo","status":"publish","type":"post","link":"https:\/\/revistaenfoquepolitico.com\/index.php\/2025\/03\/14\/mejoravit-es-solo-para-ti-con-recursos-directos-a-tu-bolsillo\/","title":{"rendered":"MEJORAVIT ES SOLO PARA TI, CON RECURSOS DIRECTOS A TU BOLSILLO"},"content":{"rendered":"<div dir=\"auto\" data-olk-copy-source=\"MessageBody\"><strong>*MEJORAVIT ES SOLO PARA TI, CON RECURSOS DIRECTOS A TU BOLSILLO*<\/strong><\/div>\n<div dir=\"auto\"><\/div>\n<div dir=\"auto\"><strong>*Ahora puedes adquirir los materiales que realmente necesitas en los establecimientos de tu preferencia, sin intermediarios ni restricciones*<\/strong><\/div>\n<div dir=\"auto\"><\/div>\n<div dir=\"auto\">Veracruz, Ver., 12 de marzo de 2025<\/div>\n<div dir=\"auto\"><\/div>\n<div dir=\"auto\">Mejorar, renovar y ampliar tu vivienda ser\u00e1 mucho m\u00e1s f\u00e1cil, porque ahora, por instrucci\u00f3n del director general del INFONAVIT, Octavio Romero Oropeza, los recursos del cr\u00e9dito Mejoravit solo para ti ser\u00e1n depositados directamente en tu cuenta bancaria. Aqu\u00ed te decimos las nuevas caracter\u00edsticas de este cr\u00e9dito y c\u00f3mo te benefician.<\/div>\n<div dir=\"auto\"><\/div>\n<div dir=\"auto\">Con este esquema, tienes el control total de tu cr\u00e9dito, lo que te permite decidir c\u00f3mo y d\u00f3nde utilizarlo. Ahora puedes adquirir los materiales que realmente necesitas en los establecimientos de tu preferencia, sin intermediarios ni restricciones, garantizando as\u00ed que cada peso se destine a mejorar tu hogar seg\u00fan tus necesidades y gustos.<\/div>\n<div dir=\"auto\"><\/div>\n<div dir=\"auto\"><strong>Otros beneficios que tiene el cr\u00e9dito Mejoravit solo para ti son:<\/strong><\/div>\n<div dir=\"auto\"><\/div>\n<div dir=\"auto\">\u2022 No te cobra comisiones ocultas ni costos adicionales.<\/div>\n<div dir=\"auto\">\u2022 T\u00fa eliges d\u00f3nde y c\u00f3mo comprar los materiales para mejorar tu hogar.<\/div>\n<div dir=\"auto\">\u2022 Puedes acceder a un cr\u00e9dito de hasta el 90% de tu saldo en la Subcuenta de Vivienda.<\/div>\n<div dir=\"auto\">\u2022 Tienes la posibilidad de solicitarlo cuantas veces lo necesites.<\/div>\n<div dir=\"auto\">Adem\u00e1s, este cr\u00e9dito te ofrece tranquilidad ante cualquier situaci\u00f3n, ya que mantiene mensualidades fijas incluso si pierdes tu empleo, realizar pagos anticipados sin penalizaci\u00f3n y aprovechar las aportaciones patronales del 5% para reducir tu deuda m\u00e1s r\u00e1pido.<\/div>\n<div dir=\"auto\"><\/div>\n<div dir=\"auto\"><strong>Para solicitar tu cr\u00e9dito necesitas:<\/strong><\/div>\n<div dir=\"auto\"><\/div>\n<div dir=\"auto\">\u2022 Tener empleo vigente y ser derechohabiente del INFONAVIT.<\/div>\n<div dir=\"auto\">\u2022 Estar dado de alta en una Afore.<\/div>\n<div dir=\"auto\">\u2022 Permitir la autorizaci\u00f3n de la consulta al Bur\u00f3 de Cr\u00e9dito.<\/div>\n<div dir=\"auto\">\u2022 La propiedad debe estar a tu nombre o de un familiar directo.<\/div>\n<div dir=\"auto\">\u2022 Que la suma de tu edad y el plazo del cr\u00e9dito no supere los 70 a\u00f1os en hombres o 75 a\u00f1os en mujeres.<\/div>\n<div dir=\"auto\">Recuerda que no necesitas intermediarios para obtener tu cr\u00e9dito, solo debes acercarte al Centro de Servicio INFONAVIT (Cesi) m\u00e1s cercano a tu domicilio o ingresar a Mi Cuenta INFONAVIT. Todos nuestros tr\u00e1mites son gratuitos, evitando costos innecesarios para tu familia.<\/div>\n<div dir=\"auto\"><\/div>\n","protected":false},"excerpt":{"rendered":"<p>*MEJORAVIT ES SOLO PARA TI, CON RECURSOS DIRECTOS A TU BOLSILLO* *Ahora puedes adquirir los materiales que realmente necesitas en los establecimientos de tu preferencia, sin intermediarios ni restricciones* Veracruz, Ver., 12 de marzo de 2025 Mejorar, renovar y ampliar tu vivienda ser\u00e1 mucho m\u00e1s f\u00e1cil, porque ahora, por instrucci\u00f3n del director general del INFONAVIT, [&hellip;]<\/p>\n","protected":false},"author":1,"featured_media":0,"comment_status":"closed","ping_status":"closed","sticky":false,"template":"","format":"standard","meta":{"_jetpack_memberships_contains_paid_content":false,"footnotes":"","jetpack_publicize_message":"","jetpack_publicize_feature_enabled":true,"jetpack_social_post_already_shared":false,"jetpack_social_options":{"image_generator_settings":{"template":"highway","default_image_id":0,"font":"","enabled":false},"version":2}},"categories":[4],"tags":[21],"class_list":["post-2542","post","type-post","status-publish","format-standard","hentry","category-noticia-politica","tag-infonavit-veracruz"],"jetpack_publicize_connections":[],"jetpack_featured_media_url":"","jetpack_sharing_enabled":true,"_links":{"self":[{"href":"https:\/\/revistaenfoquepolitico.com\/index.php\/wp-json\/wp\/v2\/posts\/2542","targetHints":{"allow":["GET"]}}],"collection":[{"href":"https:\/\/revistaenfoquepolitico.com\/index.php\/wp-json\/wp\/v2\/posts"}],"about":[{"href":"https:\/\/revistaenfoquepolitico.com\/index.php\/wp-json\/wp\/v2\/types\/post"}],"author":[{"embeddable":true,"href":"https:\/\/revistaenfoquepolitico.com\/index.php\/wp-json\/wp\/v2\/users\/1"}],"replies":[{"embeddable":true,"href":"https:\/\/revistaenfoquepolitico.com\/index.php\/wp-json\/wp\/v2\/comments?post=2542"}],"version-history":[{"count":1,"href":"https:\/\/revistaenfoquepolitico.com\/index.php\/wp-json\/wp\/v2\/posts\/2542\/revisions"}],"predecessor-version":[{"id":2544,"href":"https:\/\/revistaenfoquepolitico.com\/index.php\/wp-json\/wp\/v2\/posts\/2542\/revisions\/2544"}],"wp:attachment":[{"href":"https:\/\/revistaenfoquepolitico.com\/index.php\/wp-json\/wp\/v2\/media?parent=2542"}],"wp:term":[{"taxonomy":"category","embeddable":true,"href":"https:\/\/revistaenfoquepolitico.com\/index.php\/wp-json\/wp\/v2\/categories?post=2542"},{"taxonomy":"post_tag","embeddable":true,"href":"https:\/\/revistaenfoquepolitico.com\/index.php\/wp-json\/wp\/v2\/tags?post=2542"}],"curies":[{"name":"wp","href":"https:\/\/api.w.org\/{rel}","templated":true}]}}