{"id":2549,"date":"2025-03-15T00:32:29","date_gmt":"2025-03-15T00:32:29","guid":{"rendered":"https:\/\/revistaenfoquepolitico.com\/?p=2549"},"modified":"2025-03-15T00:32:29","modified_gmt":"2025-03-15T00:32:29","slug":"rosa-maria-llamaria-a-pepin-y-anilu-a-sumarse-a-su-proyecto-para-rescatar-veracruz","status":"publish","type":"post","link":"https:\/\/revistaenfoquepolitico.com\/index.php\/2025\/03\/15\/rosa-maria-llamaria-a-pepin-y-anilu-a-sumarse-a-su-proyecto-para-rescatar-veracruz\/","title":{"rendered":"ROSA MAR\u00cdA LLAMAR\u00cdA A PEP\u00cdN Y ANIL\u00da A SUMARSE A SU PROYECTO PARA RESCATAR VERACRUZ"},"content":{"rendered":"<div dir=\"auto\" data-olk-copy-source=\"MessageBody\"><strong>*ROSA MAR\u00cdA LLAMAR\u00cdA A PEP\u00cdN Y ANIL\u00da A SUMARSE A SU PROYECTO PARA RESCATAR VERACRUZ<\/strong><\/div>\n<div dir=\"auto\" data-olk-copy-source=\"MessageBody\"><\/div>\n<div dir=\"auto\" data-olk-copy-source=\"MessageBody\">\n<div dir=\"auto\">Veracruz, Ver. 14 de marzo de 2025<\/div>\n<div dir=\"auto\"><\/div>\n<div dir=\"auto\" style=\"text-align: justify;\">La diputada federal por Veracruz, Rosa Mar\u00eda Hern\u00e1ndez Espejo se dijo segura de ganar la encuesta de Morena a la alcald\u00eda porte\u00f1a, por lo que desde ahora lanz\u00f3 un llamado de unidad a los otros dos aspirantes para sumarse a su proyecto que tiene como prop\u00f3sito rescatar Veracruz.<\/div>\n<div dir=\"auto\" style=\"text-align: justify;\"><\/div>\n<div dir=\"auto\" style=\"text-align: justify;\">Al ser entrevistada luego de la firma del convenio de coordinaci\u00f3n y colaboraci\u00f3n de Veracruz con los estados vecinos de Puebla y Oaxaca, la legisladora expres\u00f3 su convicci\u00f3n y confianza en su trayectoria, pues desde 2018 mantiene cercan\u00eda con la poblaci\u00f3n, recorriendo cada rinc\u00f3n y escuch\u00e1ndolos para atender sus necesidades.<\/div>\n<div dir=\"auto\" style=\"text-align: justify;\"><\/div>\n<div dir=\"auto\" style=\"text-align: justify;\"><img loading=\"lazy\" decoding=\"async\" class=\"alignleft size-medium wp-image-2550\" src=\"https:\/\/revistaenfoquepolitico.com\/wp-content\/uploads\/2025\/03\/ROSA-LLAMARIA-300x200.jpg\" alt=\"\" width=\"300\" height=\"200\" \/>Hern\u00e1ndez Espejo asegur\u00f3 que, de obtener la candidatura, invitar\u00e1 a los otros aspirantes a sumar esfuerzos para consolidar un frente unido, se\u00f1alando que el diputado local Jos\u00e9 Ruiz Carmona y Anil\u00fa Ingram Vallines<\/div>\n<div dir=\"auto\" style=\"text-align: justify;\">podr\u00edan hacer un gran trabajado al sumarse para trabajar por Veracruz.<\/div>\n<div dir=\"auto\" style=\"text-align: justify;\"><\/div>\n<div dir=\"auto\" style=\"text-align: justify;\">Hern\u00e1ndez Espejo manifest\u00f3 que se encuentra segura de haber ganado la encuesta interna de MORENA, pero es necesario esperar el anuncio oficial, que podr\u00eda darse en cualquier momento, ya que el plazo en el OPLE para inscribir candidaturas, est\u00e1 por vencer el 2 de abril.<\/div>\n<div dir=\"auto\" style=\"text-align: justify;\"><\/div>\n<div dir=\"auto\" style=\"text-align: justify;\">\u201cYo voy a invitar a mis compa\u00f1eros que participaron en esta contienda interna a que apoyen, que se sumen a este gran proyecto por nuestra ciudad y que juntos caminemos para lograr el objetivo que por encima de los intereses de grupos es que MORENA gobierne la ciudad\u201d, se\u00f1al\u00f3.<\/div>\n<div dir=\"auto\" style=\"text-align: justify;\"><\/div>\n<p>Agreg\u00f3 que el \u00fanico objetivo es \u201chacer de Veracruz una ciudad que florezca que sus 4 H se vean mucho m\u00e1s grandes y s\u00e9 que lo vamos a lograr\u201d.<\/p><\/div>\n<div id=\"x_ms-outlook-mobile-body-separator-line\" dir=\"auto\" style=\"text-align: justify;\"><\/div>\n","protected":false},"excerpt":{"rendered":"<p>*ROSA MAR\u00cdA LLAMAR\u00cdA A PEP\u00cdN Y ANIL\u00da A SUMARSE A SU PROYECTO PARA RESCATAR VERACRUZ Veracruz, Ver. 14 de marzo de 2025 La diputada federal por Veracruz, Rosa Mar\u00eda Hern\u00e1ndez Espejo se dijo segura de ganar la encuesta de Morena a la alcald\u00eda porte\u00f1a, por lo que desde ahora lanz\u00f3 un llamado de unidad a [&hellip;]<\/p>\n","protected":false},"author":1,"featured_media":0,"comment_status":"closed","ping_status":"closed","sticky":false,"template":"","format":"standard","meta":{"_jetpack_memberships_contains_paid_content":false,"footnotes":"","jetpack_publicize_message":"","jetpack_publicize_feature_enabled":true,"jetpack_social_post_already_shared":false,"jetpack_social_options":{"image_generator_settings":{"template":"highway","default_image_id":0,"font":"","enabled":false},"version":2}},"categories":[4],"tags":[42],"class_list":["post-2549","post","type-post","status-publish","format-standard","hentry","category-noticia-politica","tag-rosa-maria-hdez-espejo"],"jetpack_publicize_connections":[],"jetpack_featured_media_url":"","jetpack_sharing_enabled":true,"_links":{"self":[{"href":"https:\/\/revistaenfoquepolitico.com\/index.php\/wp-json\/wp\/v2\/posts\/2549","targetHints":{"allow":["GET"]}}],"collection":[{"href":"https:\/\/revistaenfoquepolitico.com\/index.php\/wp-json\/wp\/v2\/posts"}],"about":[{"href":"https:\/\/revistaenfoquepolitico.com\/index.php\/wp-json\/wp\/v2\/types\/post"}],"author":[{"embeddable":true,"href":"https:\/\/revistaenfoquepolitico.com\/index.php\/wp-json\/wp\/v2\/users\/1"}],"replies":[{"embeddable":true,"href":"https:\/\/revistaenfoquepolitico.com\/index.php\/wp-json\/wp\/v2\/comments?post=2549"}],"version-history":[{"count":1,"href":"https:\/\/revistaenfoquepolitico.com\/index.php\/wp-json\/wp\/v2\/posts\/2549\/revisions"}],"predecessor-version":[{"id":2551,"href":"https:\/\/revistaenfoquepolitico.com\/index.php\/wp-json\/wp\/v2\/posts\/2549\/revisions\/2551"}],"wp:attachment":[{"href":"https:\/\/revistaenfoquepolitico.com\/index.php\/wp-json\/wp\/v2\/media?parent=2549"}],"wp:term":[{"taxonomy":"category","embeddable":true,"href":"https:\/\/revistaenfoquepolitico.com\/index.php\/wp-json\/wp\/v2\/categories?post=2549"},{"taxonomy":"post_tag","embeddable":true,"href":"https:\/\/revistaenfoquepolitico.com\/index.php\/wp-json\/wp\/v2\/tags?post=2549"}],"curies":[{"name":"wp","href":"https:\/\/api.w.org\/{rel}","templated":true}]}}