{"id":2562,"date":"2025-03-22T15:40:06","date_gmt":"2025-03-22T15:40:06","guid":{"rendered":"https:\/\/revistaenfoquepolitico.com\/?p=2562"},"modified":"2025-03-22T15:40:06","modified_gmt":"2025-03-22T15:40:06","slug":"conmemora-alcalde-jm-unanue-el-219-aniversario-del-natalicio-de-benito-juarez","status":"publish","type":"post","link":"https:\/\/revistaenfoquepolitico.com\/index.php\/2025\/03\/22\/conmemora-alcalde-jm-unanue-el-219-aniversario-del-natalicio-de-benito-juarez\/","title":{"rendered":"CONMEMORA ALCALDE JM UN\u00c1NUE EL 219 ANIVERSARIO DEL NATALICIO DE BENITO JU\u00c1REZ"},"content":{"rendered":"<div dir=\"auto\" data-olk-copy-source=\"MessageBody\"><strong>ESTE VIERNES SE RINDIERON HONORES A LA BANDERA EN LA PLAZA C\u00cdVICA DEL PALACIO MUNICIPAL CON LA PARTICIPACI\u00d3N DE LA ESCOLTA DEL CENTRO DE BACHILLERATO TECNOL\u00d3GICO INDUSTRIAL Y DE SERVICIOS CBTIS 79<\/strong><\/div>\n<div dir=\"auto\" data-olk-copy-source=\"MessageBody\"><\/div>\n<div dir=\"auto\" data-olk-copy-source=\"MessageBody\">Boca del R\u00edo, Ver., 21 de marzo de 2025<\/div>\n<div dir=\"auto\" data-olk-copy-source=\"MessageBody\"><\/div>\n<div dir=\"auto\" data-olk-copy-source=\"MessageBody\"><\/div>\n<div dir=\"auto\" data-olk-copy-source=\"MessageBody\"><\/div>\n<div dir=\"auto\" data-olk-copy-source=\"MessageBody\">\n<div dir=\"auto\" style=\"text-align: justify;\">El alcalde de Boca del R\u00edo, Juan Manuel Un\u00e1nue Abascal, rindi\u00f3 un homenaje y encabez\u00f3 el acto protocolario por la conmemoraci\u00f3n del Natalicio de Benito Ju\u00e1rez, tambi\u00e9n conocido como el Benem\u00e9rito de las Am\u00e9ricas, quien naci\u00f3 en el a\u00f1o de 1806 en San Pablo Guelatao, Oaxaca.<\/div>\n<div dir=\"auto\" style=\"text-align: justify;\"><\/div>\n<div dir=\"auto\" style=\"text-align: justify;\"><img loading=\"lazy\" decoding=\"async\" class=\"alignleft size-medium wp-image-2563\" src=\"https:\/\/revistaenfoquepolitico.com\/wp-content\/uploads\/2025\/03\/NATALICIO-4-300x200.jpg\" alt=\"\" width=\"300\" height=\"200\" \/>Reunidos en la Plaza C\u00edvica Benito Ju\u00e1rez en la cabecera municipal, el Presidente Municipal invit\u00f3 a los boque\u00f1os a reflexionar sobre el legado de una persona cuya visi\u00f3n transform\u00f3 a M\u00e9xico.<\/div>\n<div dir=\"auto\" style=\"text-align: justify;\"><\/div>\n<div dir=\"auto\" style=\"text-align: justify;\">\u201cDesde esta gran ciudad que es Boca del R\u00edo hago un llamado a todos, que la memoria de Benito Ju\u00e1rez nos impulse a ser mejores, a ser m\u00e1s solidarios y a luchar por nuestro pa\u00eds con acciones concretas. Porque M\u00e9xico no se construye solo con discursos, M\u00e9xico se construye con el trabajo, la uni\u00f3n y la voluntad de su gente\u201d, expres\u00f3 el edil.<\/div>\n<div dir=\"auto\" style=\"text-align: justify;\"><\/div>\n<div dir=\"auto\" style=\"text-align: justify;\">Con la presencia de la presidenta del DIF Municipal, Melina Rivera de Un\u00e1nue, se destac\u00f3 que el Benem\u00e9rito de las Am\u00e9ricas es un s\u00edmbolo de lucha, perseverancia y justicia.<\/div>\n<div dir=\"auto\" style=\"text-align: justify;\"><\/div>\n<div dir=\"auto\" style=\"text-align: justify;\"><img loading=\"lazy\" decoding=\"async\" class=\"alignright size-medium wp-image-2564\" src=\"https:\/\/revistaenfoquepolitico.com\/wp-content\/uploads\/2025\/03\/NATALICIO-2-300x200.jpg\" alt=\"\" width=\"300\" height=\"200\" \/>Ante regidores, directores, personal municipal y ciudadanos, se rindieron Honores a la Bandera portada con gallard\u00eda por la escolta del Centro de Bachillerato Tecnol\u00f3gico Industrial y de servicios CBTis 79, acompa\u00f1ados por la Directora del plantel, Ver\u00f3nica Fierro Canela, banda de guerra y banda musical.<\/div>\n<div dir=\"auto\" style=\"text-align: justify;\"><\/div>\n<div dir=\"auto\" style=\"text-align: justify;\">Asimismo, Un\u00e1nue Abascal enfatiz\u00f3 que en la actualidad M\u00e9xico enfrenta grandes desaf\u00edos, pero siempre afront\u00e1ndolos con dignidad y valent\u00eda, subrayando que una de sus ense\u00f1anzas m\u00e1s importantes \u201centre los individuos, como entre las naciones el respeto al derecho ajeno es la paz\u201d, cit\u00f3 el alcalde.<\/div>\n<div dir=\"auto\" style=\"text-align: justify;\"><\/div>\n<div dir=\"auto\" style=\"text-align: justify;\"><img loading=\"lazy\" decoding=\"async\" class=\"alignleft size-medium wp-image-2565\" src=\"https:\/\/revistaenfoquepolitico.com\/wp-content\/uploads\/2025\/03\/NATALICIO-1-300x200.jpg\" alt=\"\" width=\"300\" height=\"200\" \/>En su mensaje insisti\u00f3 que a Ju\u00e1rez no solo se le puede rendir homenaje con palabras, sino con hechos, trabajando diariamente con honestidad, compromiso y amor por nuestra tierra; construyendo un M\u00e9xico m\u00e1s equitativo, seguro y fuerte.<\/div>\n<div dir=\"auto\" style=\"text-align: justify;\"><\/div>\n<p>Finalmente, el alcalde de Boca del R\u00edo, Juan Manuel Un\u00e1nue Abascal, inst\u00f3 a seguir el ejemplo del Presidente Benito Ju\u00e1rez y continuar construyendo el Boca del R\u00edo y M\u00e9xico que so\u00f1amos y merecemos.<\/p><\/div>\n<div id=\"x_ms-outlook-mobile-body-separator-line\" dir=\"auto\" style=\"text-align: justify;\"><\/div>\n","protected":false},"excerpt":{"rendered":"<p>ESTE VIERNES SE RINDIERON HONORES A LA BANDERA EN LA PLAZA C\u00cdVICA DEL PALACIO MUNICIPAL CON LA PARTICIPACI\u00d3N DE LA ESCOLTA DEL CENTRO DE BACHILLERATO TECNOL\u00d3GICO INDUSTRIAL Y DE SERVICIOS CBTIS 79 Boca del R\u00edo, Ver., 21 de marzo de 2025 El alcalde de Boca del R\u00edo, Juan Manuel Un\u00e1nue Abascal, rindi\u00f3 un homenaje y [&hellip;]<\/p>\n","protected":false},"author":1,"featured_media":0,"comment_status":"closed","ping_status":"closed","sticky":false,"template":"","format":"standard","meta":{"_jetpack_memberships_contains_paid_content":false,"footnotes":"","jetpack_publicize_message":"","jetpack_publicize_feature_enabled":true,"jetpack_social_post_already_shared":false,"jetpack_social_options":{"image_generator_settings":{"template":"highway","default_image_id":0,"font":"","enabled":false},"version":2}},"categories":[4],"tags":[40],"class_list":["post-2562","post","type-post","status-publish","format-standard","hentry","category-noticia-politica","tag-jm-alcalde-2025"],"jetpack_publicize_connections":[],"jetpack_featured_media_url":"","jetpack_sharing_enabled":true,"_links":{"self":[{"href":"https:\/\/revistaenfoquepolitico.com\/index.php\/wp-json\/wp\/v2\/posts\/2562","targetHints":{"allow":["GET"]}}],"collection":[{"href":"https:\/\/revistaenfoquepolitico.com\/index.php\/wp-json\/wp\/v2\/posts"}],"about":[{"href":"https:\/\/revistaenfoquepolitico.com\/index.php\/wp-json\/wp\/v2\/types\/post"}],"author":[{"embeddable":true,"href":"https:\/\/revistaenfoquepolitico.com\/index.php\/wp-json\/wp\/v2\/users\/1"}],"replies":[{"embeddable":true,"href":"https:\/\/revistaenfoquepolitico.com\/index.php\/wp-json\/wp\/v2\/comments?post=2562"}],"version-history":[{"count":1,"href":"https:\/\/revistaenfoquepolitico.com\/index.php\/wp-json\/wp\/v2\/posts\/2562\/revisions"}],"predecessor-version":[{"id":2567,"href":"https:\/\/revistaenfoquepolitico.com\/index.php\/wp-json\/wp\/v2\/posts\/2562\/revisions\/2567"}],"wp:attachment":[{"href":"https:\/\/revistaenfoquepolitico.com\/index.php\/wp-json\/wp\/v2\/media?parent=2562"}],"wp:term":[{"taxonomy":"category","embeddable":true,"href":"https:\/\/revistaenfoquepolitico.com\/index.php\/wp-json\/wp\/v2\/categories?post=2562"},{"taxonomy":"post_tag","embeddable":true,"href":"https:\/\/revistaenfoquepolitico.com\/index.php\/wp-json\/wp\/v2\/tags?post=2562"}],"curies":[{"name":"wp","href":"https:\/\/api.w.org\/{rel}","templated":true}]}}