{"id":2569,"date":"2025-03-23T02:30:28","date_gmt":"2025-03-23T02:30:28","guid":{"rendered":"https:\/\/revistaenfoquepolitico.com\/?p=2569"},"modified":"2025-03-23T02:30:28","modified_gmt":"2025-03-23T02:30:28","slug":"es-oficial-rosa-maria-promotora-de-la-4t-en-el-puerto-de-veracruz","status":"publish","type":"post","link":"https:\/\/revistaenfoquepolitico.com\/index.php\/2025\/03\/23\/es-oficial-rosa-maria-promotora-de-la-4t-en-el-puerto-de-veracruz\/","title":{"rendered":"ES OFICIAL: ROSA MAR\u00cdA PROMOTORA DE LA 4T EN EL PUERTO DE VERACRUZ"},"content":{"rendered":"<div dir=\"auto\" data-olk-copy-source=\"MessageBody\"><strong>*ES OFICIAL: ROSA MAR\u00cdA PROMOTORA DE LA 4T EN EL PUERTO DE VERACRUZ<\/strong><\/div>\n<div dir=\"auto\" data-olk-copy-source=\"MessageBody\"><\/div>\n<div dir=\"auto\" data-olk-copy-source=\"MessageBody\">\n<div dir=\"auto\">H. Veracruz, Ver. 22 de marzo de 2025<\/div>\n<div dir=\"auto\"><\/div>\n<div dir=\"auto\"><\/div>\n<div dir=\"auto\" style=\"text-align: justify;\">El dirigente estatal de MORENA en Veracruz, Esteban Ram\u00edrez Zepeta, hizo el anuncio oficial de la designaci\u00f3n de Rosa Mar\u00eda Hern\u00e1ndez Espejo como la promotora de la 4T en el municipio de Veracruz, resaltando su compromiso y capacidad para liderar el cambio.<\/div>\n<div dir=\"auto\" style=\"text-align: justify;\"><\/div>\n<div dir=\"auto\" style=\"text-align: justify;\"><img loading=\"lazy\" decoding=\"async\" class=\"alignleft size-medium wp-image-2571\" src=\"https:\/\/revistaenfoquepolitico.com\/wp-content\/uploads\/2025\/03\/ROSA-MARIA-PROMOTORA-2-222x300.jpg\" alt=\"\" width=\"222\" height=\"300\" \/>Durante su mensaje, Ram\u00edrez Zepeta enfatiz\u00f3 la importancia de contar con l\u00edderes que impulsen la transformaci\u00f3n social y el progreso en la entidad, subrayando que el papel de Rosa Mar\u00eda ser\u00e1 fundamental para coordinar las acciones y fortalecer el movimiento en el territorio.<\/div>\n<div dir=\"auto\" style=\"text-align: justify;\"><\/div>\n<div dir=\"auto\" style=\"text-align: justify;\">Por su parte, Hern\u00e1ndez Espejo ratific\u00f3 su compromiso para asumir esta encomienda: \u201cAsumo con mucha responsabilidad esta nueva tarea de promover con todo aqu\u00ed en nuestro territorio, en nuestra amada ciudad y puerto de Veracruz, la promoci\u00f3n de la 4T\u201d, dejando claro su compromiso con la causa.<\/div>\n<div dir=\"auto\" style=\"text-align: justify;\"><\/div>\n<div dir=\"auto\" style=\"text-align: justify;\">Cabe recordar que Rosa Mar\u00eda Hern\u00e1ndez cuenta con una trayectoria marcada por la defensa de las causas sociales, atendiendo desde el \u00e1mbito legislativo as necesidades de los sectores m\u00e1s vulnerables y trabajando incansablemente por la justicia y la equidad.<\/div>\n<div dir=\"auto\" style=\"text-align: justify;\"><\/div>\n<div dir=\"auto\" style=\"text-align: justify;\">Desde 2018, ha recorrido colonias y barrios del municipio de Veracruz, escuchando a la ciudadan\u00eda y construyendo propuestas basadas en sus demandas reales. Esta labor de campo ha sido esencial para forjar un proyecto pol\u00edtico cercano y sensible a las necesidades locales.<\/div>\n<div dir=\"auto\" style=\"text-align: justify;\"><\/div>\n<p>Su nombramiento como promotora del voto en el municipio refleja una apuesta clara por la unidad y la consolidaci\u00f3n del movimiento. Con una visi\u00f3n integradora, se ha comprometido a fortalecer la organizaci\u00f3n y a mantener un contacto permanente con la militancia y la ciudadan\u00eda.<\/p><\/div>\n<div id=\"x_ms-outlook-mobile-body-separator-line\" dir=\"auto\" style=\"text-align: justify;\"><\/div>\n","protected":false},"excerpt":{"rendered":"<p>*ES OFICIAL: ROSA MAR\u00cdA PROMOTORA DE LA 4T EN EL PUERTO DE VERACRUZ H. Veracruz, Ver. 22 de marzo de 2025 El dirigente estatal de MORENA en Veracruz, Esteban Ram\u00edrez Zepeta, hizo el anuncio oficial de la designaci\u00f3n de Rosa Mar\u00eda Hern\u00e1ndez Espejo como la promotora de la 4T en el municipio de Veracruz, resaltando [&hellip;]<\/p>\n","protected":false},"author":1,"featured_media":0,"comment_status":"closed","ping_status":"closed","sticky":false,"template":"","format":"standard","meta":{"_jetpack_memberships_contains_paid_content":false,"footnotes":"","jetpack_publicize_message":"","jetpack_publicize_feature_enabled":true,"jetpack_social_post_already_shared":false,"jetpack_social_options":{"image_generator_settings":{"template":"highway","default_image_id":0,"font":"","enabled":false},"version":2}},"categories":[4],"tags":[42],"class_list":["post-2569","post","type-post","status-publish","format-standard","hentry","category-noticia-politica","tag-rosa-maria-hdez-espejo"],"jetpack_publicize_connections":[],"jetpack_featured_media_url":"","jetpack_sharing_enabled":true,"_links":{"self":[{"href":"https:\/\/revistaenfoquepolitico.com\/index.php\/wp-json\/wp\/v2\/posts\/2569","targetHints":{"allow":["GET"]}}],"collection":[{"href":"https:\/\/revistaenfoquepolitico.com\/index.php\/wp-json\/wp\/v2\/posts"}],"about":[{"href":"https:\/\/revistaenfoquepolitico.com\/index.php\/wp-json\/wp\/v2\/types\/post"}],"author":[{"embeddable":true,"href":"https:\/\/revistaenfoquepolitico.com\/index.php\/wp-json\/wp\/v2\/users\/1"}],"replies":[{"embeddable":true,"href":"https:\/\/revistaenfoquepolitico.com\/index.php\/wp-json\/wp\/v2\/comments?post=2569"}],"version-history":[{"count":1,"href":"https:\/\/revistaenfoquepolitico.com\/index.php\/wp-json\/wp\/v2\/posts\/2569\/revisions"}],"predecessor-version":[{"id":2572,"href":"https:\/\/revistaenfoquepolitico.com\/index.php\/wp-json\/wp\/v2\/posts\/2569\/revisions\/2572"}],"wp:attachment":[{"href":"https:\/\/revistaenfoquepolitico.com\/index.php\/wp-json\/wp\/v2\/media?parent=2569"}],"wp:term":[{"taxonomy":"category","embeddable":true,"href":"https:\/\/revistaenfoquepolitico.com\/index.php\/wp-json\/wp\/v2\/categories?post=2569"},{"taxonomy":"post_tag","embeddable":true,"href":"https:\/\/revistaenfoquepolitico.com\/index.php\/wp-json\/wp\/v2\/tags?post=2569"}],"curies":[{"name":"wp","href":"https:\/\/api.w.org\/{rel}","templated":true}]}}