{"id":2635,"date":"2025-04-01T17:54:02","date_gmt":"2025-04-01T17:54:02","guid":{"rendered":"https:\/\/revistaenfoquepolitico.com\/?p=2635"},"modified":"2025-04-01T17:54:02","modified_gmt":"2025-04-01T17:54:02","slug":"orienta-imss-veracruz-norte-sobre-sarampion","status":"publish","type":"post","link":"https:\/\/revistaenfoquepolitico.com\/index.php\/2025\/04\/01\/orienta-imss-veracruz-norte-sobre-sarampion\/","title":{"rendered":"ORIENTA IMSS VERACRUZ NORTE SOBRE SARAMPI\u00d3N"},"content":{"rendered":"<p><strong>*ENFERMEDAD VIRAL QUE SE CONTAG\u00cdA R\u00c1PIDA Y F\u00c1CILMENTE*<\/strong><\/p>\n<p>&nbsp;<\/p>\n<p>BOLET\u00cdN DE PRENSA<\/p>\n<p>Xalapa, Veracruz, 31 de marzo de 2025<\/p>\n<p>No. 1146\/2025<\/p>\n<p>&nbsp;<\/p>\n<p>Orienta IMSS Veracruz Norte sobre sarampi\u00f3n<\/p>\n<p>&nbsp;<\/p>\n<p>\u00b7 Enfermedad viral que se contagia r\u00e1pida y f\u00e1cilmente.<\/p>\n<p>&nbsp;<\/p>\n<p>Con el objetivo de promover acciones para evitar brotes epidemiol\u00f3gicos, el Instituto Mexicano del Seguro Social (IMSS) en Veracruz Norte orienta sobre las medidas de prevenci\u00f3n ante el sarampi\u00f3n, enfermedad causada por un virus del mismo nombre.<\/p>\n<p>&nbsp;<\/p>\n<p><img loading=\"lazy\" decoding=\"async\" class=\"alignleft size-medium wp-image-2636\" src=\"https:\/\/revistaenfoquepolitico.com\/wp-content\/uploads\/2025\/04\/IMSS-SARAMPION-300x244.jpg\" alt=\"\" width=\"300\" height=\"244\" \/>\u201cEl sarampi\u00f3n es una enfermedad viral que se contagia r\u00e1pido y f\u00e1cilmente, de persona a persona, por la diseminaci\u00f3n de gotitas que contienen el virus y que se encuentran suspendidas en el aire al toser, hablar o estornudar; tambi\u00e9n por contacto directo con secreciones nasales o far\u00edngeas de personas infectadas.\u201d, explic\u00f3 la coordinadora auxiliar de Vigilancia Epidemiol\u00f3gica, doctora Perla Yadhira Gonz\u00e1lez Andal\u00f3n.<\/p>\n<p>&nbsp;<\/p>\n<p>Agreg\u00f3 que: \u201cuna persona enferma puede contagiar a otros, desde 4 d\u00edas antes y hasta 4 d\u00edas despu\u00e9s de comenzar el exantema (erupci\u00f3n), y la enfermedad puede comenzar a presentarse entre 7 y 21 d\u00edas de haber estado expuesto al virus\u201d.<\/p>\n<p>&nbsp;<\/p>\n<p>En ese sentido, es imperativo estar atento a las manifestaciones cl\u00ednicas, inicialmente se presenta: fiebre, tos, escurrimiento nasal, conjuntivitis (ojos rojos y secreci\u00f3n ocular); de dos a cuatro d\u00edas despu\u00e9s, comienzan a aparecer un exantema o erupciones cut\u00e1neas, conocidas como maculopapulares, es decir, manchas y ronchas color rojizo peque\u00f1as, las cuales pueden durar alrededor de 4 a 7 d\u00edas y posteriormente desaparecer.<\/p>\n<p>La epidemi\u00f3loga enfatiz\u00f3: \u201cno hay un tratamiento espec\u00edfico para el sarampi\u00f3n, la mayor parte de los pacientes no generan complicaciones; sin embargo, puede ocurrir que haya pacientes m\u00e1s susceptibles a desarrollar neumon\u00eda, encefalitis, alteraciones en los o\u00eddos y oculares, como la ceguera\u201d.<\/p>\n<p>Gonz\u00e1lez Andal\u00f3n invit\u00f3 a la poblaci\u00f3n en general a mantener actualizado su esquema de vacunaci\u00f3n de acuerdo con su grupo de edad y a acudir a su Unidad de Medicina Familiar (UMF) para aplicarse la vacuna triple viral (SPR), la cual protege contra sarampi\u00f3n, rub\u00e9ola y parotiditis; tambi\u00e9n, se encuentra disponible para adolescentes y adultos la doble viral, que abarca sarampi\u00f3n y rub\u00e9ola.<\/p>\n","protected":false},"excerpt":{"rendered":"<p>*ENFERMEDAD VIRAL QUE SE CONTAG\u00cdA R\u00c1PIDA Y F\u00c1CILMENTE* &nbsp; BOLET\u00cdN DE PRENSA Xalapa, Veracruz, 31 de marzo de 2025 No. 1146\/2025 &nbsp; Orienta IMSS Veracruz Norte sobre sarampi\u00f3n &nbsp; \u00b7 Enfermedad viral que se contagia r\u00e1pida y f\u00e1cilmente. &nbsp; Con el objetivo de promover acciones para evitar brotes epidemiol\u00f3gicos, el Instituto Mexicano del Seguro Social [&hellip;]<\/p>\n","protected":false},"author":1,"featured_media":0,"comment_status":"closed","ping_status":"closed","sticky":false,"template":"","format":"standard","meta":{"_jetpack_memberships_contains_paid_content":false,"footnotes":"","jetpack_publicize_message":"","jetpack_publicize_feature_enabled":true,"jetpack_social_post_already_shared":false,"jetpack_social_options":{"image_generator_settings":{"template":"highway","default_image_id":0,"font":"","enabled":false},"version":2}},"categories":[4],"tags":[27],"class_list":["post-2635","post","type-post","status-publish","format-standard","hentry","category-noticia-politica","tag-imss-veracruz-norte"],"jetpack_publicize_connections":[],"jetpack_featured_media_url":"","jetpack_sharing_enabled":true,"_links":{"self":[{"href":"https:\/\/revistaenfoquepolitico.com\/index.php\/wp-json\/wp\/v2\/posts\/2635","targetHints":{"allow":["GET"]}}],"collection":[{"href":"https:\/\/revistaenfoquepolitico.com\/index.php\/wp-json\/wp\/v2\/posts"}],"about":[{"href":"https:\/\/revistaenfoquepolitico.com\/index.php\/wp-json\/wp\/v2\/types\/post"}],"author":[{"embeddable":true,"href":"https:\/\/revistaenfoquepolitico.com\/index.php\/wp-json\/wp\/v2\/users\/1"}],"replies":[{"embeddable":true,"href":"https:\/\/revistaenfoquepolitico.com\/index.php\/wp-json\/wp\/v2\/comments?post=2635"}],"version-history":[{"count":1,"href":"https:\/\/revistaenfoquepolitico.com\/index.php\/wp-json\/wp\/v2\/posts\/2635\/revisions"}],"predecessor-version":[{"id":2637,"href":"https:\/\/revistaenfoquepolitico.com\/index.php\/wp-json\/wp\/v2\/posts\/2635\/revisions\/2637"}],"wp:attachment":[{"href":"https:\/\/revistaenfoquepolitico.com\/index.php\/wp-json\/wp\/v2\/media?parent=2635"}],"wp:term":[{"taxonomy":"category","embeddable":true,"href":"https:\/\/revistaenfoquepolitico.com\/index.php\/wp-json\/wp\/v2\/categories?post=2635"},{"taxonomy":"post_tag","embeddable":true,"href":"https:\/\/revistaenfoquepolitico.com\/index.php\/wp-json\/wp\/v2\/tags?post=2635"}],"curies":[{"name":"wp","href":"https:\/\/api.w.org\/{rel}","templated":true}]}}