{"id":2686,"date":"2025-04-10T00:52:09","date_gmt":"2025-04-10T00:52:09","guid":{"rendered":"https:\/\/revistaenfoquepolitico.com\/?p=2686"},"modified":"2025-04-10T01:01:57","modified_gmt":"2025-04-10T01:01:57","slug":"recibe-congreso-listas-de-aspirantes-a-cargos-del-poder-judicial-de-la-federacion","status":"publish","type":"post","link":"https:\/\/revistaenfoquepolitico.com\/index.php\/2025\/04\/10\/recibe-congreso-listas-de-aspirantes-a-cargos-del-poder-judicial-de-la-federacion\/","title":{"rendered":"RECIBE CONGRESO LISTAS DE ASPIRANTES A CARGOS DEL PODER JUDICIAL DE LA FEDERACI\u00d3N"},"content":{"rendered":"<p class=\"x_MsoNormal\" align=\"center\"><b><span data-olk-copy-source=\"MessageBody\">Recibe Congreso listas de aspirantes a cargos del Poder Judicial de la Federaci\u00f3n<\/span><\/b><\/p>\n<ul type=\"disc\">\n<li class=\"x_MsoNormal\">Los documentos ser\u00e1n remitidos a los Poderes Ejecutivo y Judicial con la finalidad de tomar medidas correctivas en casos de homonimias o duplicidad<\/li>\n<\/ul>\n<p class=\"x_MsoNormal\">Xalapa, Ver., 09 de abril de 2025<\/p>\n<p>&nbsp;<\/p>\n<p class=\"x_MsoNormal\" style=\"text-align: justify;\"><img loading=\"lazy\" decoding=\"async\" class=\"alignleft size-medium wp-image-2690\" src=\"https:\/\/revistaenfoquepolitico.com\/wp-content\/uploads\/2025\/04\/LISTAS-ASPIRANYES-P.J.-3-300x200.jpeg\" alt=\"\" width=\"300\" height=\"200\" \/>Con la finalidad de informar a los Poderes Ejecutivo, Legislativo y Judicial de Veracruz los listados de las personas que aspiran a un cargo en el Poder Judicial de la Federaci\u00f3n y para realizar lo conducente en casos de duplicidad u homonimias, la presidenta de la Mesa Directiva de la LXVII Legislatura, diputada Tanya Carola Viveros Ch\u00e1zaro, se reuni\u00f3 con el vocal ejecutivo de la Junta Local del Instituto Nacional Electoral (INE) en Veracruz, Josu\u00e9 Cervantes Mart\u00ednez.<\/p>\n<p class=\"x_MsoNormal\" style=\"text-align: justify;\"><span class=\"x_markedcontent\">Los listados referidos responden a los seis cargos federales relativos a\u00a0<\/span>Ministras y Ministros de la Suprema Corte de Justicia de la Naci\u00f3n (SCJN);\u00a0 integrantes del Tribunal de Disciplina Judicial; Magistraturas de la Sala Superior y de las Salas Regionales del Tribunal Electoral del Poder Judicial de la Federaci\u00f3n, a Magistraturas de Circuito y Juezas y Jueces de Distrito.<\/p>\n<p class=\"x_MsoNormal\" style=\"text-align: justify;\"><img loading=\"lazy\" decoding=\"async\" class=\"alignright size-medium wp-image-2689\" src=\"https:\/\/revistaenfoquepolitico.com\/wp-content\/uploads\/2025\/04\/LISTAS-ASPIRANTES-P.J.-2-300x200.jpeg\" alt=\"\" width=\"300\" height=\"200\" \/>En presencia de\u00a0<span class=\"x_markedcontent\">la Consejera presidenta del\u00a0<\/span>Organismo P\u00fablico Local Electoral del Estado de Veracruz<span class=\"x_markedcontent\">\u00a0(OPLE), Marisol Alicia<\/span>\u00a0<span class=\"x_markedcontent\">Delgadillo Morales, el representante del INE Veracruz, explic\u00f3 a la legisladora que, en coordinaci\u00f3n con el organismo electoral, realizan un cotejo de las listas de candidaturas federales con las locales, para identificar alguna eventualidad derivada de\u00a0<\/span>duplicidad u homonimias.<\/p>\n<p class=\"x_MsoNormal\" style=\"text-align: justify;\">En este sentido,\u00a0Cervantes Mart\u00ednez\u00a0detall\u00f3 que de encontrarse alguno de estos casos, debe iniciarse un procedimiento de correcci\u00f3n, para que, seg\u00fan el caso, se determine si se trata de personas distintas, o bien, dijo, hacer el llamado al candidato para que opte por alguno de los dos cargos a los que aspira.<\/p>\n<p class=\"x_MsoNormal\" style=\"text-align: justify;\">Al respecto, Viveros Ch\u00e1zaro destac\u00f3 la importancia de esta comunicaci\u00f3n de los Poderes con los organismos electorales, toda vez que, de presentarse alguna de estas circunstancias, las instancias proponentes deber\u00e1n ejecutar los procedimientos de ley para la sustituci\u00f3n de alg\u00fan candidato.<\/p>\n<p class=\"x_MsoNormal\" style=\"text-align: justify;\">\u201cEl Congreso se encargar\u00e1 de remitir esta informaci\u00f3n a los Poderes Ejecutivo y Judicial y explicarles estas situaciones que pudieran presentarse y encontrar los mecanismos que permita atenderlas\u201d, finaliz\u00f3.<\/p>\n","protected":false},"excerpt":{"rendered":"<p>Recibe Congreso listas de aspirantes a cargos del Poder Judicial de la Federaci\u00f3n Los documentos ser\u00e1n remitidos a los Poderes Ejecutivo y Judicial con la finalidad de tomar medidas correctivas en casos de homonimias o duplicidad Xalapa, Ver., 09 de abril de 2025 &nbsp; Con la finalidad de informar a los Poderes Ejecutivo, Legislativo y [&hellip;]<\/p>\n","protected":false},"author":1,"featured_media":0,"comment_status":"closed","ping_status":"closed","sticky":false,"template":"","format":"standard","meta":{"_jetpack_memberships_contains_paid_content":false,"footnotes":"","jetpack_publicize_message":"","jetpack_publicize_feature_enabled":true,"jetpack_social_post_already_shared":false,"jetpack_social_options":{"image_generator_settings":{"template":"highway","default_image_id":0,"font":"","enabled":false},"version":2}},"categories":[4],"tags":[34],"class_list":["post-2686","post","type-post","status-publish","format-standard","hentry","category-noticia-politica","tag-comunicados-congreso-del-estado"],"jetpack_publicize_connections":[],"jetpack_featured_media_url":"","jetpack_sharing_enabled":true,"_links":{"self":[{"href":"https:\/\/revistaenfoquepolitico.com\/index.php\/wp-json\/wp\/v2\/posts\/2686","targetHints":{"allow":["GET"]}}],"collection":[{"href":"https:\/\/revistaenfoquepolitico.com\/index.php\/wp-json\/wp\/v2\/posts"}],"about":[{"href":"https:\/\/revistaenfoquepolitico.com\/index.php\/wp-json\/wp\/v2\/types\/post"}],"author":[{"embeddable":true,"href":"https:\/\/revistaenfoquepolitico.com\/index.php\/wp-json\/wp\/v2\/users\/1"}],"replies":[{"embeddable":true,"href":"https:\/\/revistaenfoquepolitico.com\/index.php\/wp-json\/wp\/v2\/comments?post=2686"}],"version-history":[{"count":3,"href":"https:\/\/revistaenfoquepolitico.com\/index.php\/wp-json\/wp\/v2\/posts\/2686\/revisions"}],"predecessor-version":[{"id":2692,"href":"https:\/\/revistaenfoquepolitico.com\/index.php\/wp-json\/wp\/v2\/posts\/2686\/revisions\/2692"}],"wp:attachment":[{"href":"https:\/\/revistaenfoquepolitico.com\/index.php\/wp-json\/wp\/v2\/media?parent=2686"}],"wp:term":[{"taxonomy":"category","embeddable":true,"href":"https:\/\/revistaenfoquepolitico.com\/index.php\/wp-json\/wp\/v2\/categories?post=2686"},{"taxonomy":"post_tag","embeddable":true,"href":"https:\/\/revistaenfoquepolitico.com\/index.php\/wp-json\/wp\/v2\/tags?post=2686"}],"curies":[{"name":"wp","href":"https:\/\/api.w.org\/{rel}","templated":true}]}}