{"id":2694,"date":"2025-04-15T04:44:11","date_gmt":"2025-04-15T04:44:11","guid":{"rendered":"https:\/\/revistaenfoquepolitico.com\/?p=2694"},"modified":"2025-04-15T04:44:11","modified_gmt":"2025-04-15T04:44:11","slug":"toma-alejandro-moreno-protesta-a-candidatas-y-candidatos-a-alcaldes","status":"publish","type":"post","link":"https:\/\/revistaenfoquepolitico.com\/index.php\/2025\/04\/15\/toma-alejandro-moreno-protesta-a-candidatas-y-candidatos-a-alcaldes\/","title":{"rendered":"TOMA ALEJANDRO MORENO PROTESTA A CANDIDATAS Y CANDIDATOS A ALCALDES"},"content":{"rendered":"<div dir=\"auto\" data-olk-copy-source=\"MessageBody\"><strong>*Toma Alejandro Moreno C\u00e1rdenas \u00a0protesta a candidatas y candidatos a alcaldes en Veracruz*<\/strong><\/div>\n<div dir=\"auto\"><\/div>\n<div dir=\"auto\">Al lado de Senadoras, Senadores, Diputadas y Diputados Federales, delegadas y delegados, destacados militantes y la dirigencia del PRI estatal.<\/div>\n<div dir=\"auto\"><\/div>\n<div dir=\"auto\">Xalapa, Ver., 12 de abril de 2025<\/div>\n<div dir=\"auto\"><\/div>\n<ul>\n<li dir=\"auto\" style=\"text-align: justify;\">Con un fuerte llamado a mantener y reforzar la unidad y el compromiso, el presidente del Comit\u00e9 Ejecutivo Nacional del Partido Revolucionario Institucional (PRI), Alejandro Moreno C\u00e1rdenas, tom\u00f3 la protesta a las candidatas y los candidatos a las presidencias municipales en Veracruz que contender\u00e1n en la elecci\u00f3n del pr\u00f3ximo 1 de junio.<\/li>\n<li dir=\"auto\" style=\"text-align: justify;\"><\/li>\n<li dir=\"auto\" style=\"text-align: justify;\"><img loading=\"lazy\" decoding=\"async\" class=\"alignleft size-medium wp-image-2695\" src=\"https:\/\/revistaenfoquepolitico.com\/wp-content\/uploads\/2025\/04\/CAROLINA-1-300x200.jpg\" alt=\"\" width=\"300\" height=\"200\" \/>En presencia de la secretaria general del tricolor, senadora Carolina Viggiano Austria; de la dirigencia del Comit\u00e9 Directivo Estatal, Adolfo Ram\u00edrez Arana y diputada federal Lorena Pi\u00f1\u00f3n Rivera; senadoras, senadores, diputadas y diputados locales y federales, delegadas y delegados regionales y distritales, representantes de sectores y organizaciones, el l\u00edder nacional destac\u00f3 que en el PRI sobra car\u00e1cter, determinaci\u00f3n, juventud, experiencia, trabajo y territorio.<\/li>\n<li dir=\"auto\" style=\"text-align: justify;\"><\/li>\n<li dir=\"auto\" style=\"text-align: justify;\">En su visita a Xalapa, el tambi\u00e9n senador dijo que las y los priistas \u201ctenemos fuerza y fortaleza, voluntad inquebrantable, conocemos el pa\u00eds, hemos gobernado y siempre estamos del lado de la gente. Hoy, m\u00e1s que nunca, M\u00e9xico demanda la participaci\u00f3n del PRI\u201d porque \u201csabemos que M\u00e9xico no va bien, este pa\u00eds se cae a pedazos\u201d.<\/li>\n<li dir=\"auto\" style=\"text-align: justify;\"><\/li>\n<li dir=\"auto\" style=\"text-align: justify;\"><img loading=\"lazy\" decoding=\"async\" class=\"alignright size-medium wp-image-2700\" src=\"https:\/\/revistaenfoquepolitico.com\/wp-content\/uploads\/2025\/04\/CAROLINA-5-182x300.jpg\" alt=\"\" width=\"182\" height=\"300\" \/>Ante las y los candidatas y candidatos que rindieron protesta, el l\u00edder nacional asegur\u00f3 que \u201caqu\u00ed est\u00e1n los mejores cuadros del partido, mujeres y hombres preparados que conocen sus municipios\u201d y les llam\u00f3 a cerrar filas, a ser generosos, comprometidos y leales, a privilegiar la unidad, a respetar las decisiones de la gente.<\/li>\n<li dir=\"auto\" style=\"text-align: justify;\"><\/li>\n<li dir=\"auto\" style=\"text-align: justify;\">En el di\u00e1logo con los presentes, a\u00f1adi\u00f3, hay que admitir que los priistas \u201chemos cometido errores, pero sabemos reconocer, que tenemos experiencia y capacidad, que no somos perfectos, pero damos resultados y sabemos gobernar; nuestros gobiernos son mejores que cualquier gobierno de estos c\u00ednicos de Morena\u201d. Concluy\u00f3 expresando con determinaci\u00f3n que, con sus j\u00f3venes, sus hombres y mujeres, el \u00fanico partido opositor en Veracruz es el PRI.<\/li>\n<li dir=\"auto\" style=\"text-align: justify;\"><\/li>\n<li dir=\"auto\" style=\"text-align: justify;\">Por su parte, el presidente del Comit\u00e9 Directivo Estatal del PRI, Adolfo Ram\u00edrez Arana, al dar la bienvenida, puso de manifiesto la trayectoria y preparaci\u00f3n de las y los candidatos, cuyo inter\u00e9s de participar y valent\u00eda son necesarios para sacar adelante a su municipio, que Morena ha abandonado y dejado sin agua, sin medicinas y sin maestros, luego de que los hospitales, las escuelas y carreteras las construy\u00f3 el PRI.<\/li>\n<li dir=\"auto\" style=\"text-align: justify;\"><\/li>\n<li dir=\"auto\" style=\"text-align: justify;\"><img loading=\"lazy\" decoding=\"async\" class=\"alignleft size-medium wp-image-2696\" src=\"https:\/\/revistaenfoquepolitico.com\/wp-content\/uploads\/2025\/04\/CAROLINA-2-300x200.jpg\" alt=\"\" width=\"300\" height=\"200\" \/>Al reconocer la valent\u00eda de las y los candidatos, denunci\u00f3 que han sido amenazados por la delincuencia organizada, que los han querido bajar de la contienda, que han visitado a muchos de ellos en sus casas; sin embargo, \u201choy est\u00e1n aqu\u00ed con esa valent\u00eda dici\u00e9ndole a su gente que no se van a rajar\u201d. \u201cHay mucho PRI y mientras haya PRI, habr\u00e1 esperanza y tenemos la oportunidad de recuperar nuestros municipios\u201d, asegur\u00f3 el l\u00edder estatal.<\/li>\n<li dir=\"auto\" style=\"text-align: justify;\"><\/li>\n<li dir=\"auto\" style=\"text-align: justify;\">En nombre de sus 212 pares, la candidata a la presidencia municipal de Veracruz, Carolina Gudi\u00f1o Corro, reconoci\u00f3 a Alejandro Moreno, por ser el \u00fanico l\u00edder partidista que ha denunciado las atrocidades del gobierno, y felicit\u00f3 a quienes se han mantenido en el partido que s\u00ed sabe gobernar y que \u201cnos hemos mantenido fieles en nuestros principios, porque nos ense\u00f1aron que la lealtad es un valor\u201d que hoy la poblaci\u00f3n reconoce.<\/li>\n<li dir=\"auto\" style=\"text-align: justify;\"><\/li>\n<li dir=\"auto\" style=\"text-align: justify;\"><img loading=\"lazy\" decoding=\"async\" class=\"alignright size-medium wp-image-2698\" src=\"https:\/\/revistaenfoquepolitico.com\/wp-content\/uploads\/2025\/04\/CAROLINA-3-1-300x169.jpg\" alt=\"\" width=\"300\" height=\"169\" \/>Record\u00f3 la importancia de ir de la mano de la gente, de hacerle sentir a Veracruz que el PRI sirve para que la gente viva en paz, para crear instituciones, para que haya democracia y se respeten las elecciones, para erradicar la pobreza y generar educaci\u00f3n, salud y para estar cerca de las familias en los municipios, colonias y congregaciones, dot\u00e1ndoles de los servicios b\u00e1sicos. Asever\u00f3 que \u201cen el PRI hemos sabido ser una oposici\u00f3n responsable, pero el PRI es, ha sido y ser\u00e1 el \u00fanico partido que realmente sabe ser gobierno y un gobierno que da resultados para todos\u201d.<\/li>\n<li dir=\"auto\" style=\"text-align: justify;\"><\/li>\n<li dir=\"auto\" style=\"text-align: justify;\"><img loading=\"lazy\" decoding=\"async\" class=\"alignleft size-medium wp-image-2699\" src=\"https:\/\/revistaenfoquepolitico.com\/wp-content\/uploads\/2025\/04\/CAROLINA-4-300x200.jpg\" alt=\"\" width=\"300\" height=\"200\" \/>Por su parte, el candidato a la presidencia municipal de Xalapa, Silvio Lagos Galindo, dijo que, a partir de este 29 de abril, el ej\u00e9rcito priista saldr\u00e1 a vencer a quienes piensan que mantener a los municipios alejados del desarrollo es lo que merecen los veracruzanos. Afirm\u00f3 que las y los priistas \u201cno buscamos opciones en otros lados porque sabemos que el PRI es el partido que ha formado a este pa\u00eds y a Veracruz\u201d y as\u00ed \u201cdemostraremos que tenemos propuestas serias para abatir la inseguridad, la falta de agua, empleo y desarrollo\u201d.<\/li>\n<li dir=\"auto\" style=\"text-align: justify;\"><\/li>\n<li dir=\"auto\" style=\"text-align: justify;\">De acuerdo al Calendario Electoral, el pr\u00f3ximo 14 de abril el Organismo P\u00fablico Local Electoral (OPLE) \u00a0aprobar\u00e1 los listados de candidatos y candidatas a las 212 alcald\u00edas de Veracruz.<\/li>\n<li id=\"x_ms-outlook-mobile-body-separator-line\" dir=\"auto\" style=\"text-align: justify;\"><\/li>\n<\/ul>\n","protected":false},"excerpt":{"rendered":"<p>*Toma Alejandro Moreno C\u00e1rdenas \u00a0protesta a candidatas y candidatos a alcaldes en Veracruz* Al lado de Senadoras, Senadores, Diputadas y Diputados Federales, delegadas y delegados, destacados militantes y la dirigencia del PRI estatal. Xalapa, Ver., 12 de abril de 2025 Con un fuerte llamado a mantener y reforzar la unidad y el compromiso, el presidente [&hellip;]<\/p>\n","protected":false},"author":1,"featured_media":0,"comment_status":"closed","ping_status":"closed","sticky":false,"template":"","format":"standard","meta":{"_jetpack_memberships_contains_paid_content":false,"footnotes":"","jetpack_publicize_message":"","jetpack_publicize_feature_enabled":true,"jetpack_social_post_already_shared":false,"jetpack_social_options":{"image_generator_settings":{"template":"highway","default_image_id":0,"font":"","enabled":false},"version":2}},"categories":[4],"tags":[41],"class_list":["post-2694","post","type-post","status-publish","format-standard","hentry","category-noticia-politica","tag-pri-estatal"],"jetpack_publicize_connections":[],"jetpack_featured_media_url":"","jetpack_sharing_enabled":true,"_links":{"self":[{"href":"https:\/\/revistaenfoquepolitico.com\/index.php\/wp-json\/wp\/v2\/posts\/2694","targetHints":{"allow":["GET"]}}],"collection":[{"href":"https:\/\/revistaenfoquepolitico.com\/index.php\/wp-json\/wp\/v2\/posts"}],"about":[{"href":"https:\/\/revistaenfoquepolitico.com\/index.php\/wp-json\/wp\/v2\/types\/post"}],"author":[{"embeddable":true,"href":"https:\/\/revistaenfoquepolitico.com\/index.php\/wp-json\/wp\/v2\/users\/1"}],"replies":[{"embeddable":true,"href":"https:\/\/revistaenfoquepolitico.com\/index.php\/wp-json\/wp\/v2\/comments?post=2694"}],"version-history":[{"count":1,"href":"https:\/\/revistaenfoquepolitico.com\/index.php\/wp-json\/wp\/v2\/posts\/2694\/revisions"}],"predecessor-version":[{"id":2703,"href":"https:\/\/revistaenfoquepolitico.com\/index.php\/wp-json\/wp\/v2\/posts\/2694\/revisions\/2703"}],"wp:attachment":[{"href":"https:\/\/revistaenfoquepolitico.com\/index.php\/wp-json\/wp\/v2\/media?parent=2694"}],"wp:term":[{"taxonomy":"category","embeddable":true,"href":"https:\/\/revistaenfoquepolitico.com\/index.php\/wp-json\/wp\/v2\/categories?post=2694"},{"taxonomy":"post_tag","embeddable":true,"href":"https:\/\/revistaenfoquepolitico.com\/index.php\/wp-json\/wp\/v2\/tags?post=2694"}],"curies":[{"name":"wp","href":"https:\/\/api.w.org\/{rel}","templated":true}]}}