{"id":2725,"date":"2025-04-17T05:22:05","date_gmt":"2025-04-17T05:22:05","guid":{"rendered":"https:\/\/revistaenfoquepolitico.com\/?p=2725"},"modified":"2025-04-17T05:22:05","modified_gmt":"2025-04-17T05:22:05","slug":"alcalde-jm-unanue-pone-en-marcha-operativo-semana-santa-2025-en-boca-del-rio","status":"publish","type":"post","link":"https:\/\/revistaenfoquepolitico.com\/index.php\/2025\/04\/17\/alcalde-jm-unanue-pone-en-marcha-operativo-semana-santa-2025-en-boca-del-rio\/","title":{"rendered":"ALCALDE JM UN\u00c1NUE PONE EN MARCHA OPERATIVO \u00abSEMANA SANTA 2025\u00bb EN BOCA DEL R\u00cdO"},"content":{"rendered":"<div dir=\"auto\" data-olk-copy-source=\"MessageBody\"><strong>*DEL 07 AL 27 DE ABRIL, EL GOBIERNO MUNICIPAL DESPLEGAR\u00c1 M\u00c1S DE 500 ELEMENTOS PARA GARANTIZAR LA SEGURIDAD DE RESIDENTES Y VISITANTES*<\/strong><\/div>\n<div dir=\"auto\" data-olk-copy-source=\"MessageBody\"><\/div>\n<div dir=\"auto\" data-olk-copy-source=\"MessageBody\">Boca del R\u00edo, Ver., 16 de abril de 2025<\/div>\n<div dir=\"auto\" data-olk-copy-source=\"MessageBody\"><\/div>\n<div dir=\"auto\"><\/div>\n<div dir=\"auto\"><\/div>\n<div dir=\"auto\" style=\"text-align: justify;\">Boca del R\u00edo est\u00e1 preparado para recibir a miles de visitantes gracias a su moderna infraestructura tur\u00edstica, playas limpias, adem\u00e1s de contar con un ambiente seguro y familiar, destac\u00f3 el alcalde Juan Manuel Un\u00e1nue Abascal.<\/div>\n<div dir=\"auto\" style=\"text-align: justify;\"><\/div>\n<div dir=\"auto\" style=\"text-align: justify;\"><img loading=\"lazy\" decoding=\"async\" class=\"alignleft size-medium wp-image-2728\" src=\"https:\/\/revistaenfoquepolitico.com\/wp-content\/uploads\/2025\/04\/JM-SEM-SANTA-2-1-300x200.jpg\" alt=\"\" width=\"300\" height=\"200\" \/>\u201cDamos inicio formal al Operativo Semana Santa 2025 en Boca del R\u00edo, con la participaci\u00f3n coordinada de autoridades de los tres niveles de gobierno, con el firme objetivo de garantizar la seguridad de residentes y visitantes durante este periodo vacacional\u201d, expres\u00f3 el edil boque\u00f1o ante medios de comunicaci\u00f3n.<\/div>\n<div dir=\"auto\" style=\"text-align: justify;\"><\/div>\n<div dir=\"auto\" style=\"text-align: justify;\">Del 7 al 27 de abril, el Gobierno Municipal desplegar\u00e1 m\u00e1s de 500 elementos, en este operativo participan cuerpos de auxilio y seguridad como Protecci\u00f3n Civil Municipal, Polic\u00eda Municipal, Tr\u00e1nsito Municipal, Bomberos Conurbados, sum\u00e1ndose los elementos de la Polic\u00eda Naval, Guardia Nacional y Polic\u00eda Estatal.<\/div>\n<div dir=\"auto\" style=\"text-align: justify;\"><\/div>\n<div dir=\"auto\" style=\"text-align: justify;\"><img loading=\"lazy\" decoding=\"async\" class=\"alignright size-medium wp-image-2729\" src=\"https:\/\/revistaenfoquepolitico.com\/wp-content\/uploads\/2025\/04\/JM-SEM-SANTA-3-300x225.jpg\" alt=\"\" width=\"300\" height=\"225\" \/>Adem\u00e1s del DIF de Boca del R\u00edo y las direcciones de Turismo, Comercio, Limpia P\u00fablica, Mantenimiento Urbano, Fomento Deportivo, Recreaci\u00f3n, IMMUJERES y Alumbrado P\u00fablico.<\/div>\n<div dir=\"auto\" style=\"text-align: justify;\"><\/div>\n<div dir=\"auto\" style=\"text-align: justify;\">La Fuerza de Tarea contar\u00e1 con m\u00e1s de 30 unidades desplegadas en puntos estrat\u00e9gicos: patrullas, moto patrullas, veh\u00edculos acu\u00e1ticos y terrestres.<\/div>\n<div dir=\"auto\" style=\"text-align: justify;\"><\/div>\n<div dir=\"auto\" style=\"text-align: justify;\">Un\u00e1nue Abascal enfatiz\u00f3 que para este periodo vacacional el municipio contar\u00e1 con m\u00e1s de 50 elementos municipales de Protecci\u00f3n Civil, principalmente en la costa con 15 elementos operativos, 35 guardavidas y 10 torres de vigilancia plenamente operativas. Se han instalado cuatro m\u00f3dulos de atenci\u00f3n en Playa Santa Ana, Playa Mocambo, Playa Pel\u00edcano y Playa La Bamba.<\/div>\n<div dir=\"auto\" style=\"text-align: justify;\"><\/div>\n<div dir=\"auto\" style=\"text-align: justify;\"><img loading=\"lazy\" decoding=\"async\" class=\"alignleft size-medium wp-image-2730\" src=\"https:\/\/revistaenfoquepolitico.com\/wp-content\/uploads\/2025\/04\/JM-SEM-SANTA-4-300x200.jpg\" alt=\"\" width=\"300\" height=\"200\" \/>Previamente se han realizado inspecciones para identificar zonas de riesgo en las playas, como escolleras y pozas, por lo que se reforz\u00f3 la se\u00f1al\u00e9tica y el sistema de banderas que advierten sobre las condiciones del mar.<\/div>\n<div dir=\"auto\" style=\"text-align: justify;\"><\/div>\n<div dir=\"auto\" style=\"text-align: justify;\">Ante ello y para preservar un \u201cSaldo Blanco\u201d, se pide a ciudadanos y visitantes a respetar se\u00f1alamientos, banderas y las indicaciones preventivas de los cuerpos de auxilio y seguridad, siguiendo puntualmente los reglamentos y horarios de las playas.<\/div>\n<div dir=\"auto\" style=\"text-align: justify;\"><\/div>\n<div dir=\"auto\" style=\"text-align: justify;\"><img loading=\"lazy\" decoding=\"async\" class=\"alignright size-medium wp-image-2731\" src=\"https:\/\/revistaenfoquepolitico.com\/wp-content\/uploads\/2025\/04\/JM-SEM-SANTA-5-300x200.jpg\" alt=\"\" width=\"300\" height=\"200\" \/>Finalmente, el mun\u00edcipe boque\u00f1o dijo que gracias a los miles de turistas que arriban a la ciudad, se espera una derrama econ\u00f3mica de 400 millones de pesos y una ocupaci\u00f3n hotelera del 100% y esperando contar con plazas comerciales, restaurantes, comercios y prestadores de servicios con gran demanda.<\/div>\n<div dir=\"auto\" style=\"text-align: justify;\"><\/div>\n<div dir=\"auto\" style=\"text-align: justify;\">Presentes en el banderazo de inicio del operativo de Semana Santa 2025, Jorge Roberto Rojas Hern\u00e1ndez, Director de Protecci\u00f3n Civil Municipal, David Jurado Cruz, Director de la Polic\u00eda Municipal, Jesper Jovanni P\u00e9rez Azamar, Director de Tr\u00e1nsito Municipal y Raymundo Montesinos Romero, Director de Limpia P\u00fablica.<\/div>\n<div dir=\"auto\" style=\"text-align: justify;\"><\/div>\n<div dir=\"auto\" style=\"text-align: justify;\">Tambi\u00e9n presentes, el Capit\u00e1n de Nav\u00edo del Cuerpo de Infanter\u00eda de Marina, diplomado de Estado Mayor, Gontran Santiago Reyes, Delegado de la Polic\u00eda Naval en Boca del R\u00edo, Jos\u00e9 Salvador Hern\u00e1ndez Garc\u00eda, Delegado de la Polic\u00eda Estatal, Regi\u00f3n 23, Boca del R\u00edo y Lizbeth Carmona Dom\u00ednguez, Comandante de la Polic\u00eda Tur\u00edstica.<\/div>\n<div id=\"x_ms-outlook-mobile-body-separator-line\" dir=\"auto\" style=\"text-align: justify;\"><img loading=\"lazy\" decoding=\"async\" class=\"alignleft size-medium wp-image-2732\" src=\"https:\/\/revistaenfoquepolitico.com\/wp-content\/uploads\/2025\/04\/JM-SEM-SANTA-6-300x225.jpg\" alt=\"\" width=\"300\" height=\"225\" \/><\/div>\n","protected":false},"excerpt":{"rendered":"<p>*DEL 07 AL 27 DE ABRIL, EL GOBIERNO MUNICIPAL DESPLEGAR\u00c1 M\u00c1S DE 500 ELEMENTOS PARA GARANTIZAR LA SEGURIDAD DE RESIDENTES Y VISITANTES* Boca del R\u00edo, Ver., 16 de abril de 2025 Boca del R\u00edo est\u00e1 preparado para recibir a miles de visitantes gracias a su moderna infraestructura tur\u00edstica, playas limpias, adem\u00e1s de contar con un [&hellip;]<\/p>\n","protected":false},"author":1,"featured_media":0,"comment_status":"closed","ping_status":"closed","sticky":false,"template":"","format":"standard","meta":{"_jetpack_memberships_contains_paid_content":false,"footnotes":"","jetpack_publicize_message":"","jetpack_publicize_feature_enabled":true,"jetpack_social_post_already_shared":false,"jetpack_social_options":{"image_generator_settings":{"template":"highway","default_image_id":0,"font":"","enabled":false},"version":2}},"categories":[4],"tags":[40],"class_list":["post-2725","post","type-post","status-publish","format-standard","hentry","category-noticia-politica","tag-jm-alcalde-2025"],"jetpack_publicize_connections":[],"jetpack_featured_media_url":"","jetpack_sharing_enabled":true,"_links":{"self":[{"href":"https:\/\/revistaenfoquepolitico.com\/index.php\/wp-json\/wp\/v2\/posts\/2725","targetHints":{"allow":["GET"]}}],"collection":[{"href":"https:\/\/revistaenfoquepolitico.com\/index.php\/wp-json\/wp\/v2\/posts"}],"about":[{"href":"https:\/\/revistaenfoquepolitico.com\/index.php\/wp-json\/wp\/v2\/types\/post"}],"author":[{"embeddable":true,"href":"https:\/\/revistaenfoquepolitico.com\/index.php\/wp-json\/wp\/v2\/users\/1"}],"replies":[{"embeddable":true,"href":"https:\/\/revistaenfoquepolitico.com\/index.php\/wp-json\/wp\/v2\/comments?post=2725"}],"version-history":[{"count":1,"href":"https:\/\/revistaenfoquepolitico.com\/index.php\/wp-json\/wp\/v2\/posts\/2725\/revisions"}],"predecessor-version":[{"id":2733,"href":"https:\/\/revistaenfoquepolitico.com\/index.php\/wp-json\/wp\/v2\/posts\/2725\/revisions\/2733"}],"wp:attachment":[{"href":"https:\/\/revistaenfoquepolitico.com\/index.php\/wp-json\/wp\/v2\/media?parent=2725"}],"wp:term":[{"taxonomy":"category","embeddable":true,"href":"https:\/\/revistaenfoquepolitico.com\/index.php\/wp-json\/wp\/v2\/categories?post=2725"},{"taxonomy":"post_tag","embeddable":true,"href":"https:\/\/revistaenfoquepolitico.com\/index.php\/wp-json\/wp\/v2\/tags?post=2725"}],"curies":[{"name":"wp","href":"https:\/\/api.w.org\/{rel}","templated":true}]}}