{"id":2736,"date":"2025-04-29T22:51:17","date_gmt":"2025-04-29T22:51:17","guid":{"rendered":"https:\/\/revistaenfoquepolitico.com\/?p=2736"},"modified":"2025-04-29T22:51:17","modified_gmt":"2025-04-29T22:51:17","slug":"acompana-alejandro-moreno-a-candidatos-del-pri-en-veracruz-en-arranque-de-campanas","status":"publish","type":"post","link":"https:\/\/revistaenfoquepolitico.com\/index.php\/2025\/04\/29\/acompana-alejandro-moreno-a-candidatos-del-pri-en-veracruz-en-arranque-de-campanas\/","title":{"rendered":"ACOMPA\u00d1A ALEJANDRO MORENO A CANDIDATOS DEL PRI EN VERACRUZ EN ARRANQUE DE CAMPA\u00d1AS"},"content":{"rendered":"<div dir=\"auto\" data-olk-copy-source=\"MessageBody\"><strong>ESTAMOS CONVENCIDOS QUE EL PRI ES EL PARTIDO QUE SABE TRAABAJAR DE LA MANO DE LA CIUDADANIA: CAROLINA GUDI\u00d1O<\/strong><\/div>\n<div dir=\"auto\" data-olk-copy-source=\"MessageBody\"><\/div>\n<div dir=\"auto\" data-olk-copy-source=\"MessageBody\"><\/div>\n<div dir=\"auto\">Veracruz, Ver., 29 de abril de 2025<\/div>\n<div dir=\"auto\"><\/div>\n<div dir=\"auto\" style=\"text-align: justify;\">El PRI volvi\u00f3 a mostrar su fortaleza y solidez en Veracruz, asever\u00f3 el presidente del Comit\u00e9 Ejecutivo Nacional del Partido Revolucionario Institucional, Alejandro Moreno C\u00e1rdenas al encabezar el arranque de campa\u00f1as con motivo del Proceso Electoral Local Ordinario 2024-2025.<\/div>\n<div dir=\"auto\" style=\"text-align: justify;\"><\/div>\n<div dir=\"auto\" style=\"text-align: justify;\"><img loading=\"lazy\" decoding=\"async\" class=\"alignleft size-medium wp-image-2738\" src=\"https:\/\/revistaenfoquepolitico.com\/wp-content\/uploads\/2025\/04\/CARO-2-300x200.jpg\" alt=\"\" width=\"300\" height=\"200\" \/>Al lado de Adolfo Ram\u00edrez Arana y Lorena Pi\u00f1\u00f3n Rivera, presidente y secretaria general del Comit\u00e9 Directivo Estatal del PRI en Veracruz, el l\u00edder nacional dijo que existe seguridad y confianza de que se va a afianzar la unidad del partido y se va a enfrentar con valent\u00eda los retos que presenta el futuro.<\/div>\n<div dir=\"auto\" style=\"text-align: justify;\"><\/div>\n<div dir=\"auto\" style=\"text-align: justify;\">Tambi\u00e9n, envi\u00f3 un mensaje a Morena al se\u00f1alar \u201cno nos van a doblar, ni nos vamos a echar para atr\u00e1s\u201d, al tiempo que llam\u00f3 a hacer uso del voto \u00fatil.<\/div>\n<div dir=\"auto\" style=\"text-align: justify;\"><\/div>\n<div dir=\"auto\" style=\"text-align: justify;\">En el primer minuto de este martes, arranc\u00f3 la campa\u00f1a de Carolina Gudi\u00f1o Corro, rumbo a la alcald\u00eda de Veracruz; en el evento tambi\u00e9n estuvieron presentes las y los candidatos:<\/div>\n<div dir=\"auto\" style=\"text-align: justify;\"><\/div>\n<div dir=\"auto\"><strong>Ernesto Vivas Enr\u00edquez de Boca del R\u00edo<\/strong><\/div>\n<div dir=\"auto\"><strong>Ricardo Casar\u00edn Huesca de Manlio Fabio Altamirano<\/strong><\/div>\n<div dir=\"auto\"><strong>Maricruz Valencia Ram\u00edrez de Medell\u00edn de Bravo<\/strong><\/div>\n<div dir=\"auto\"><strong>Dulce Mar\u00eda Guti\u00e9rrez Cobos de Jamapa<\/strong><\/div>\n<div dir=\"auto\"><strong>Natalia Gonz\u00e1lez Villareal de Alvarado\u00a0 <\/strong><\/div>\n<div dir=\"auto\"><strong>Ingrid Huerta Rubio de Paso de Ovejas.<\/strong><\/div>\n<div dir=\"auto\"><\/div>\n<div dir=\"auto\" style=\"text-align: justify;\">Ante cientos de militantes y simpatizantes, arropada por liderazgos nacionales y estatales, la candidata a la presidencia municipal de Veracruz llam\u00f3 a los jarochos a unirse y votar por un gobierno cercano, \u201cestamos convencidos que el PRI es el partido que sabe trabajar de la mano de la ciudadan\u00eda\u201d.<\/div>\n<div dir=\"auto\" style=\"text-align: justify;\"><\/div>\n<div dir=\"auto\" style=\"text-align: justify;\"><img loading=\"lazy\" decoding=\"async\" class=\"alignright size-medium wp-image-2739\" src=\"https:\/\/revistaenfoquepolitico.com\/wp-content\/uploads\/2025\/04\/CARO-3-300x200.jpg\" alt=\"\" width=\"300\" height=\"200\" \/>El acto, que reuni\u00f3 a priistas experimentados y a j\u00f3venes interesados en participar, caus\u00f3 expectativa entre los habitantes de la ciudad, ante la llegada de los liderazgos nacionales y la presentaci\u00f3n de la candidatura que re\u00fane las caracter\u00edsticas que el puerto necesita: una mujer con car\u00e1cter y experiencia, acad\u00e9mica, conocedora de la realidad del municipio, profesional en el desempe\u00f1o de distintos cargos a lo largo de una intensa y prol\u00edfica carrera pol\u00edtica, legisladora federal y local y primera mujer en gobernar el Ayuntamiento m\u00e1s antiguo de Am\u00e9rica.<\/div>\n<div dir=\"auto\" style=\"text-align: justify;\"><\/div>\n<div dir=\"auto\" style=\"text-align: justify;\">Al hacer uso de la palabra, ante la multitud que coreaba su nombre y agitaba banderas con su rostro y las siglas del PRI, Carolina Gudi\u00f1o manifest\u00f3 su orgullo por el partido tricolor en el que siempre ha militado.<\/div>\n<div dir=\"auto\" style=\"text-align: justify;\"><\/div>\n<div dir=\"auto\" style=\"text-align: justify;\"><img loading=\"lazy\" decoding=\"async\" class=\"alignleft size-medium wp-image-2740\" src=\"https:\/\/revistaenfoquepolitico.com\/wp-content\/uploads\/2025\/04\/CARO-4-300x200.jpg\" alt=\"\" width=\"300\" height=\"200\" \/>Record\u00f3 que el priismo ha dado a M\u00e9xico y a Veracruz gobiernos constructores de instituciones, creadores de las leyes que rigen al pa\u00eds y al estado, responsables al dotar de servicios a la poblaci\u00f3n y de hacer efectivo el derecho a la educaci\u00f3n y a la salud, con hospitales y escuelas, e impulsor de la participaci\u00f3n de la mujer en todos los \u00e1mbitos de la vida en la sociedad.<\/div>\n<div dir=\"auto\" style=\"text-align: justify;\"><\/div>\n<div dir=\"auto\" style=\"text-align: justify;\">Con firmeza y decisi\u00f3n, la candidata llam\u00f3 a las y los habitantes del puerto a defender por medio del voto el derecho a participar en las decisiones que marcan el rumbo del municipio, a mantener la unidad, a no dejarse presionar ni intimidar, a elegir en libertad y de manera informada, pensando en el porvenir, en las nuevas generaciones, que merecen vivir con dignidad y tranquilidad, y en la realizaci\u00f3n de sus sue\u00f1os y proyectos.<\/div>\n<div dir=\"auto\" style=\"text-align: justify;\"><\/div>\n<div dir=\"auto\" style=\"text-align: justify;\">El Comit\u00e9 Directivo Estatal del PRI en Veracruz, agradeci\u00f3 la presencia de senadoras y senadores, diputadas y diputadas federales, as\u00ed como a delegados especiales del Comit\u00e9 Ejecutivo Nacional del PRI que se sumaron a las actividades territoriales en los municipios.<\/div>\n<div id=\"x_ms-outlook-mobile-body-separator-line\" dir=\"auto\" style=\"text-align: justify;\"><\/div>\n","protected":false},"excerpt":{"rendered":"<p>ESTAMOS CONVENCIDOS QUE EL PRI ES EL PARTIDO QUE SABE TRAABAJAR DE LA MANO DE LA CIUDADANIA: CAROLINA GUDI\u00d1O Veracruz, Ver., 29 de abril de 2025 El PRI volvi\u00f3 a mostrar su fortaleza y solidez en Veracruz, asever\u00f3 el presidente del Comit\u00e9 Ejecutivo Nacional del Partido Revolucionario Institucional, Alejandro Moreno C\u00e1rdenas al encabezar el arranque [&hellip;]<\/p>\n","protected":false},"author":1,"featured_media":0,"comment_status":"closed","ping_status":"closed","sticky":false,"template":"","format":"standard","meta":{"_jetpack_memberships_contains_paid_content":false,"footnotes":"","jetpack_publicize_message":"","jetpack_publicize_feature_enabled":true,"jetpack_social_post_already_shared":false,"jetpack_social_options":{"image_generator_settings":{"template":"highway","default_image_id":0,"font":"","enabled":false},"version":2}},"categories":[4],"tags":[55],"class_list":["post-2736","post","type-post","status-publish","format-standard","hentry","category-noticia-politica","tag-carolina-gudino"],"jetpack_publicize_connections":[],"jetpack_featured_media_url":"","jetpack_sharing_enabled":true,"_links":{"self":[{"href":"https:\/\/revistaenfoquepolitico.com\/index.php\/wp-json\/wp\/v2\/posts\/2736","targetHints":{"allow":["GET"]}}],"collection":[{"href":"https:\/\/revistaenfoquepolitico.com\/index.php\/wp-json\/wp\/v2\/posts"}],"about":[{"href":"https:\/\/revistaenfoquepolitico.com\/index.php\/wp-json\/wp\/v2\/types\/post"}],"author":[{"embeddable":true,"href":"https:\/\/revistaenfoquepolitico.com\/index.php\/wp-json\/wp\/v2\/users\/1"}],"replies":[{"embeddable":true,"href":"https:\/\/revistaenfoquepolitico.com\/index.php\/wp-json\/wp\/v2\/comments?post=2736"}],"version-history":[{"count":1,"href":"https:\/\/revistaenfoquepolitico.com\/index.php\/wp-json\/wp\/v2\/posts\/2736\/revisions"}],"predecessor-version":[{"id":2741,"href":"https:\/\/revistaenfoquepolitico.com\/index.php\/wp-json\/wp\/v2\/posts\/2736\/revisions\/2741"}],"wp:attachment":[{"href":"https:\/\/revistaenfoquepolitico.com\/index.php\/wp-json\/wp\/v2\/media?parent=2736"}],"wp:term":[{"taxonomy":"category","embeddable":true,"href":"https:\/\/revistaenfoquepolitico.com\/index.php\/wp-json\/wp\/v2\/categories?post=2736"},{"taxonomy":"post_tag","embeddable":true,"href":"https:\/\/revistaenfoquepolitico.com\/index.php\/wp-json\/wp\/v2\/tags?post=2736"}],"curies":[{"name":"wp","href":"https:\/\/api.w.org\/{rel}","templated":true}]}}