{"id":2958,"date":"2025-05-09T02:51:11","date_gmt":"2025-05-09T02:51:11","guid":{"rendered":"https:\/\/revistaenfoquepolitico.com\/?p=2958"},"modified":"2025-05-09T02:51:11","modified_gmt":"2025-05-09T02:51:11","slug":"nada-la-detiene-rosa-maria-sigue-firme-en-el-territorio","status":"publish","type":"post","link":"https:\/\/revistaenfoquepolitico.com\/index.php\/2025\/05\/09\/nada-la-detiene-rosa-maria-sigue-firme-en-el-territorio\/","title":{"rendered":"NADA LA DETIENE: ROSA MAR\u00cdA SIGUE FIRME EN EL TERRITORIO"},"content":{"rendered":"<div dir=\"auto\"><strong>*EN EL MARCO DE SU CUMPLEA\u00d1OS, LA CANDIDATA DE MORENA &#8211; PVEM REITER\u00d3 ANTE ABOGADOS SU COMPROMISO CON UN CAMBIO PROFUNDO PARA VERACRUZ*<\/strong><\/div>\n<div dir=\"auto\"><\/div>\n<div dir=\"auto\"><\/div>\n<div dir=\"auto\">Veracruz, Ver. 08 de mayo de 2025<\/div>\n<div dir=\"auto\"><\/div>\n<div dir=\"auto\" style=\"text-align: justify;\">Al ritmo del mariachi que enton\u00f3 Las Ma\u00f1anitas con motivo de su cumplea\u00f1os, Rosa Mar\u00eda Hern\u00e1ndez Espejo, candidata de Morena y el Partido Verde a la presidencia municipal de Veracruz, reafirm\u00f3 ante integrantes de la Barra de Abogados su compromiso con una transformaci\u00f3n profunda y con resultados desde el primer d\u00eda de gobierno, enfocada en lo urgente: agua, basura, alumbrado, calles y espacios p\u00fablicos.<\/div>\n<div id=\"x_ms-outlook-mobile-body-separator-line\" dir=\"auto\">\n<div dir=\"auto\" style=\"text-align: justify;\"><\/div>\n<div dir=\"auto\" style=\"text-align: justify;\"><img loading=\"lazy\" decoding=\"async\" class=\"alignleft size-medium wp-image-2961\" src=\"https:\/\/revistaenfoquepolitico.com\/wp-content\/uploads\/2025\/05\/ROSA-CUMPLEANOS-2-300x200.jpg\" alt=\"\" width=\"300\" height=\"200\" \/>A pesar de una lesi\u00f3n en el tobillo, causada por el p\u00e9simo estado de las calles durante uno de sus recorridos, asegur\u00f3 que continuar\u00e1 en territorio \u201ccon muletas y en el vochito, el vochom\u00f3vil, ah\u00ed me voy a mover\u2026 el chiste es no parar, porque ya nada nos para, amigas y amigos, colegas, abogados y abogadas\u201d.<\/div>\n<div dir=\"auto\" style=\"text-align: justify;\"><\/div>\n<div dir=\"auto\" style=\"text-align: justify;\">Durante su mensaje, record\u00f3 que el pueblo es quien impulsa este proyecto: \u201cNo es superficial, tiene mucha profundidad esa frase, porque el pueblo somos todos\u2026 los ciudadanos y todos queremos lo mejor para nuestra ciudad\u201d, agreg\u00f3.<\/div>\n<div dir=\"auto\" style=\"text-align: justify;\"><\/div>\n<div dir=\"auto\" style=\"text-align: justify;\"><img loading=\"lazy\" decoding=\"async\" class=\"alignright size-medium wp-image-2962\" src=\"https:\/\/revistaenfoquepolitico.com\/wp-content\/uploads\/2025\/05\/ROSA-CUMPLEANOS-3-300x200.jpg\" alt=\"\" width=\"300\" height=\"200\" \/>Expuso que los grandes problemas de Veracruz han sido ignorados por la autoridad actual: el agua concesionada a Grupo MAS, el caos en la recolecci\u00f3n de basura, el abandono de los parques, la falta de alumbrado p\u00fablico y la corrupci\u00f3n detr\u00e1s de las concesiones.<\/div>\n<div dir=\"auto\" style=\"text-align: justify;\"><\/div>\n<div dir=\"auto\" style=\"text-align: justify;\">\u201cEl ayuntamiento se ha hecho omiso\u2026 y no lo van a hacer porque son lo mismo: Grupo MAS y ellos son lo mismo\u201d.<\/div>\n<div dir=\"auto\" style=\"text-align: justify;\"><\/div>\n<div dir=\"auto\" style=\"text-align: justify;\">Rosa Mar\u00eda enfatiz\u00f3 que trabajar\u00e1 desde el minuto uno con alma, coraz\u00f3n, habilidades y competencias, y pidi\u00f3 la confianza del gremio legal para construir un gobierno con visi\u00f3n ciudadana. \u201cEntre todos vamos a salvar nuestra ciudad\u201d, afirm\u00f3.<\/div>\n<\/div>\n","protected":false},"excerpt":{"rendered":"<p>*EN EL MARCO DE SU CUMPLEA\u00d1OS, LA CANDIDATA DE MORENA &#8211; PVEM REITER\u00d3 ANTE ABOGADOS SU COMPROMISO CON UN CAMBIO PROFUNDO PARA VERACRUZ* Veracruz, Ver. 08 de mayo de 2025 Al ritmo del mariachi que enton\u00f3 Las Ma\u00f1anitas con motivo de su cumplea\u00f1os, Rosa Mar\u00eda Hern\u00e1ndez Espejo, candidata de Morena y el Partido Verde a [&hellip;]<\/p>\n","protected":false},"author":1,"featured_media":0,"comment_status":"closed","ping_status":"closed","sticky":false,"template":"","format":"standard","meta":{"_jetpack_memberships_contains_paid_content":false,"footnotes":"","jetpack_publicize_message":"","jetpack_publicize_feature_enabled":true,"jetpack_social_post_already_shared":false,"jetpack_social_options":{"image_generator_settings":{"template":"highway","default_image_id":0,"font":"","enabled":false},"version":2}},"categories":[4],"tags":[],"class_list":["post-2958","post","type-post","status-publish","format-standard","hentry","category-noticia-politica"],"jetpack_publicize_connections":[],"jetpack_featured_media_url":"","jetpack_sharing_enabled":true,"_links":{"self":[{"href":"https:\/\/revistaenfoquepolitico.com\/index.php\/wp-json\/wp\/v2\/posts\/2958","targetHints":{"allow":["GET"]}}],"collection":[{"href":"https:\/\/revistaenfoquepolitico.com\/index.php\/wp-json\/wp\/v2\/posts"}],"about":[{"href":"https:\/\/revistaenfoquepolitico.com\/index.php\/wp-json\/wp\/v2\/types\/post"}],"author":[{"embeddable":true,"href":"https:\/\/revistaenfoquepolitico.com\/index.php\/wp-json\/wp\/v2\/users\/1"}],"replies":[{"embeddable":true,"href":"https:\/\/revistaenfoquepolitico.com\/index.php\/wp-json\/wp\/v2\/comments?post=2958"}],"version-history":[{"count":1,"href":"https:\/\/revistaenfoquepolitico.com\/index.php\/wp-json\/wp\/v2\/posts\/2958\/revisions"}],"predecessor-version":[{"id":2963,"href":"https:\/\/revistaenfoquepolitico.com\/index.php\/wp-json\/wp\/v2\/posts\/2958\/revisions\/2963"}],"wp:attachment":[{"href":"https:\/\/revistaenfoquepolitico.com\/index.php\/wp-json\/wp\/v2\/media?parent=2958"}],"wp:term":[{"taxonomy":"category","embeddable":true,"href":"https:\/\/revistaenfoquepolitico.com\/index.php\/wp-json\/wp\/v2\/categories?post=2958"},{"taxonomy":"post_tag","embeddable":true,"href":"https:\/\/revistaenfoquepolitico.com\/index.php\/wp-json\/wp\/v2\/tags?post=2958"}],"curies":[{"name":"wp","href":"https:\/\/api.w.org\/{rel}","templated":true}]}}